{"id":9490,"date":"2021-10-08T20:59:16","date_gmt":"2021-10-08T23:59:16","guid":{"rendered":"https:\/\/radiorevelacionfm.cl\/?p=9490"},"modified":"2021-10-08T20:59:16","modified_gmt":"2021-10-08T23:59:16","slug":"carabineros-implementa-servicio-plan-ruta-segura-por-fin-de-semana-largo-y-dispone-14-puntos-de-control-en-rutas-de-aysen","status":"publish","type":"post","link":"https:\/\/radiorevelacionfm.cl\/?p=9490","title":{"rendered":"Carabineros implementa servicio Plan Ruta Segura por fin de semana largo y dispone 14 puntos de control en rutas\u00a0de Ays\u00e9n"},"content":{"rendered":"<div class=\"flex_column av_one_full  flex_column_div av-zero-column-padding first  avia-builder-el-0  el_before_av_one_full  avia-builder-el-first  \" style='border-radius:0px; '><div  class='avia-image-container  av-styling-    avia-builder-el-1  avia-builder-el-no-sibling  avia-align-center '  itemprop=\"image\" itemscope=\"itemscope\" itemtype=\"https:\/\/schema.org\/ImageObject\"  ><div class='avia-image-container-inner'><div class='avia-image-overlay-wrap'><img decoding=\"async\" class='wp-image-9491 avia-img-lazy-loading-not-9491 avia_image' src=\"https:\/\/radiorevelacionfm.cl\/wp-content\/uploads\/2021\/10\/Carabineros-controles-1.jpg\" alt='' title='Carabineros controles (1)' height=\"600\" width=\"802\"  itemprop=\"thumbnailUrl\" srcset=\"https:\/\/radiorevelacionfm.cl\/wp-content\/uploads\/2021\/10\/Carabineros-controles-1.jpg 802w, https:\/\/radiorevelacionfm.cl\/wp-content\/uploads\/2021\/10\/Carabineros-controles-1-300x224.jpg 300w, https:\/\/radiorevelacionfm.cl\/wp-content\/uploads\/2021\/10\/Carabineros-controles-1-768x575.jpg 768w, https:\/\/radiorevelacionfm.cl\/wp-content\/uploads\/2021\/10\/Carabineros-controles-1-705x527.jpg 705w, https:\/\/radiorevelacionfm.cl\/wp-content\/uploads\/2021\/10\/Carabineros-controles-1-600x449.jpg 600w\" sizes=\"(max-width: 802px) 100vw, 802px\" \/><\/div><\/div><\/div><\/div><div class=\"flex_column av_one_full  flex_column_div av-zero-column-padding first  avia-builder-el-2  el_after_av_one_full  el_before_av_one_full  column-top-margin\" style='border-radius:0px; '><section class=\"av_textblock_section \"  itemscope=\"itemscope\" itemtype=\"https:\/\/schema.org\/BlogPosting\" itemprop=\"blogPost\" ><div class='avia_textblock  '   itemprop=\"text\" ><p style=\"text-align: center;\"><span style=\"font-size: 18pt;\"><b>Carabineros implementa servicio Plan Ruta Segura por fin de semana largo y dispone 14 puntos de control en rutas de Ays\u00e9n<\/b><\/span><\/p>\n<div id=\"gtx-trans\" style=\"position: absolute; left: -50px; top: 4.31534px;\">\n<div class=\"gtx-trans-icon\"><\/div>\n<\/div>\n<\/div><\/section><\/div><div class=\"flex_column av_one_full  flex_column_div av-zero-column-padding first  avia-builder-el-4  el_after_av_one_full  el_before_av_hr  column-top-margin\" style='border-radius:0px; '><section class=\"av_textblock_section \"  itemscope=\"itemscope\" itemtype=\"https:\/\/schema.org\/BlogPosting\" itemprop=\"blogPost\" ><div class='avia_textblock  '   itemprop=\"text\" ><p style=\"text-align: justify;\">Favorables condiciones clim\u00e1ticas para gran parte de la regi\u00f3n de Ays\u00e9n y el desplazamiento de un importante flujo vehicular a trav\u00e9s de las rutas de la regi\u00f3n durante este fin de semana largo -el primero tras el t\u00e9rmino del estado de excepci\u00f3n constitucional y toque de queda- ha motivado la implementaci\u00f3n de un plan de servicios por parte de Carabineros, siendo dispuestos alrededor de 14 puntos de control a lo largo del territorio.<\/p>\n<p style=\"text-align: justify;\">El Teniente Coronel Rafael Cares Sep\u00falveda, Subprefecto de los Servicios de la Prefectura Ays\u00e9n indic\u00f3, que el personal estar\u00e1 desplegado tanto en las rutas como en los accesos y salidas de las ciudades de la regi\u00f3n.<\/p>\n<p style=\"text-align: justify;\">\u00abTambi\u00e9n tenemos servicios focalizados en diferentes sectores de acuerdo a la informaci\u00f3n que entregan nuestros sistemas de georeferenciaci\u00f3n de los delitos. Tenemos cerca de 100 hombres y mujeres que est\u00e1n reforzando los servicios policiales ordinarios que se efect\u00faan todos los d\u00edas\u00bb, indic\u00f3.<\/p>\n<p style=\"text-align: justify;\">Asimismo, el Oficial Jefe sostuvo que ha sido coordinado un servicio preventivo con Senda Ays\u00e9n, el cual contar\u00e1 con apoyo de una ambulancia para la realizaci\u00f3n de controles tolerancia cero respecto al consumo de alcohol y drogas en las ciudades de Coyhaique y Puerto Ays\u00e9n.<\/p>\n<p style=\"text-align: justify;\">\u00abTenemos un despliegue y una planificaci\u00f3n previa para poder prevenir cualquier incidente y poder enfrentar cualquier contingencia que se pueda originar\u00bb.<\/p>\n<p style=\"text-align: justify;\">El t\u00e9rmino del estado de excepci\u00f3n constitucional y del toque de queda, se ha traducido en una flexibilizaci\u00f3n de las medidas de restricci\u00f3n de desplazamiento de las personas, permitiendo una cantidad mayor de movimiento especialmente en centros urbanos, como expresi\u00f3n del paulatino retorno a la normalidad.<\/p>\n<p style=\"text-align: justify;\">\u00abHemos considerado esa informaci\u00f3n y hemos planificado diferentes servicios extraordinarios para poder enfrentar y realizar los controles respectivos, permitiendo mantener de alguna forma el fen\u00f3meno delictual m\u00e1s controlado\u00bb, a\u00f1adi\u00f3.<\/p>\n<p style=\"text-align: justify;\"><b>Autocuidado en pandemia<\/b><\/p>\n<p style=\"text-align: justify;\">El Subprefecto de los Servicios record\u00f3 a la comunidad que la pandemia por Covid-19 no ha finalizado, si bien se sabe de positivas cifras en t\u00e9rminos de contagio en funci\u00f3n de las medidas y pol\u00edticas implementadas por la autoridad sanitaria a trav\u00e9s del proceso de vacunaci\u00f3n, resulta necesario continuar aplicando medidas de bioseguridad.<\/p>\n<p style=\"text-align: justify;\">\u00abSon exigibles las medidas de autocuidado, el uso de mascarillas en lugares p\u00fablicos, el distanciamiento social que debemos cumplir porque es una de las medidas m\u00e1s efectivas para prevenir el contagio, el lavado frecuente de manos, evitar saludar de mano o de beso porque eso favorece la transmisi\u00f3n del virus, respetar los aforos, contar con el pase de movilidad -el cual es personal e intransferible- porque el mal uso de este pase de movilidad genera las responsabilidades respectivas y la suspensi\u00f3n\u00bb, puntualiz\u00f3.<\/p>\n<\/div><\/section><\/div><div  style='height:50px' class='hr hr-invisible   avia-builder-el-6  el_after_av_one_full  el_before_av_social_share '><span class='hr-inner ' ><span class='hr-inner-style'><\/span><\/span><\/div><\/p>\n<div  class='av-social-sharing-box  avia-builder-el-7  el_after_av_hr  el_before_av_hr  '><div class='av-share-box'><h5 class='av-share-link-description av-no-toc '>Compartir esta noticia<\/h5><ul class='av-share-box-list noLightbox'><li class='av-share-link av-social-link-facebook' ><a target=\"_blank\" aria-label=\"Compartir en Facebook\" href='https:\/\/www.facebook.com\/sharer.php?u=https:\/\/radiorevelacionfm.cl\/?p=9490&#038;t=Carabineros%20implementa%20servicio%20Plan%20Ruta%20Segura%20por%20fin%20de%20semana%20largo%20y%20dispone%2014%20puntos%20de%20control%20en%20rutas%C2%A0de%20Ays%C3%A9n' aria-hidden='false' data-av_icon='\ue8f3' data-av_iconfont='entypo-fontello' title='' data-avia-related-tooltip='Compartir en Facebook' rel=\"noopener\"><span class='avia_hidden_link_text'>Compartir en Facebook<\/span><\/a><\/li><li class='av-share-link av-social-link-twitter' ><a target=\"_blank\" aria-label=\"Compartir en Twitter\" href='https:\/\/twitter.com\/share?text=Carabineros%20implementa%20servicio%20Plan%20Ruta%20Segura%20por%20fin%20de%20semana%20largo%20y%20dispone%2014%20puntos%20de%20control%20en%20rutas%C2%A0de%20Ays%C3%A9n&#038;url=https:\/\/radiorevelacionfm.cl\/?p=9490' aria-hidden='false' data-av_icon='\ue8f1' data-av_iconfont='entypo-fontello' title='' data-avia-related-tooltip='Compartir en Twitter' rel=\"noopener\"><span class='avia_hidden_link_text'>Compartir en Twitter<\/span><\/a><\/li><li class='av-share-link av-social-link-whatsapp' ><a target=\"_blank\" aria-label=\"Compartir en Whatsapp\" href='https:\/\/api.whatsapp.com\/send?text=https:\/\/radiorevelacionfm.cl\/?p=9490' aria-hidden='false' data-av_icon='\uf232' data-av_iconfont='entypo-fontello' title='' data-avia-related-tooltip='Compartir en Whatsapp' rel=\"noopener\"><span class='avia_hidden_link_text'>Compartir en Whatsapp<\/span><\/a><\/li><li class='av-share-link av-social-link-linkedin' ><a target=\"_blank\" aria-label=\"Compartir en LinkedIn\" href='https:\/\/linkedin.com\/shareArticle?mini=true&#038;title=Carabineros%20implementa%20servicio%20Plan%20Ruta%20Segura%20por%20fin%20de%20semana%20largo%20y%20dispone%2014%20puntos%20de%20control%20en%20rutas%C2%A0de%20Ays%C3%A9n&#038;url=https:\/\/radiorevelacionfm.cl\/?p=9490' aria-hidden='false' data-av_icon='\ue8fc' data-av_iconfont='entypo-fontello' title='' data-avia-related-tooltip='Compartir en LinkedIn' rel=\"noopener\"><span class='avia_hidden_link_text'>Compartir en LinkedIn<\/span><\/a><\/li><li class='av-share-link av-social-link-mail' ><a  aria-label=\"Compartir por correo\" href='mailto:?subject=Carabineros%20implementa%20servicio%20Plan%20Ruta%20Segura%20por%20fin%20de%20semana%20largo%20y%20dispone%2014%20puntos%20de%20control%20en%20rutas%C2%A0de%20Ays%C3%A9n&#038;body=https:\/\/radiorevelacionfm.cl\/?p=9490' aria-hidden='false' data-av_icon='\ue805' data-av_iconfont='entypo-fontello' title='' data-avia-related-tooltip='Compartir por correo'><span class='avia_hidden_link_text'>Compartir por correo<\/span><\/a><\/li><\/ul><\/div><\/div>\n<div  style='height:50px' class='hr hr-invisible   avia-builder-el-8  el_after_av_social_share  el_before_av_comments_list '><span class='hr-inner ' ><span class='hr-inner-style'><\/span><\/span><\/div>\n<div  class='av-buildercomment  av-blog-meta-html-info-disabled av-blog-meta-tag-disabled  '><\/div>\n","protected":false},"excerpt":{"rendered":"","protected":false},"author":1,"featured_media":9491,"comment_status":"open","ping_status":"open","sticky":false,"template":"","format":"standard","meta":{"footnotes":""},"categories":[36],"tags":[],"class_list":["post-9490","post","type-post","status-publish","format-standard","has-post-thumbnail","hentry","category-policial"],"jetpack_featured_media_url":"https:\/\/radiorevelacionfm.cl\/wp-content\/uploads\/2021\/10\/Carabineros-controles-1.jpg","_links":{"self":[{"href":"https:\/\/radiorevelacionfm.cl\/index.php?rest_route=\/wp\/v2\/posts\/9490","targetHints":{"allow":["GET"]}}],"collection":[{"href":"https:\/\/radiorevelacionfm.cl\/index.php?rest_route=\/wp\/v2\/posts"}],"about":[{"href":"https:\/\/radiorevelacionfm.cl\/index.php?rest_route=\/wp\/v2\/types\/post"}],"author":[{"embeddable":true,"href":"https:\/\/radiorevelacionfm.cl\/index.php?rest_route=\/wp\/v2\/users\/1"}],"replies":[{"embeddable":true,"href":"https:\/\/radiorevelacionfm.cl\/index.php?rest_route=%2Fwp%2Fv2%2Fcomments&post=9490"}],"version-history":[{"count":1,"href":"https:\/\/radiorevelacionfm.cl\/index.php?rest_route=\/wp\/v2\/posts\/9490\/revisions"}],"predecessor-version":[{"id":9492,"href":"https:\/\/radiorevelacionfm.cl\/index.php?rest_route=\/wp\/v2\/posts\/9490\/revisions\/9492"}],"wp:featuredmedia":[{"embeddable":true,"href":"https:\/\/radiorevelacionfm.cl\/index.php?rest_route=\/wp\/v2\/media\/9491"}],"wp:attachment":[{"href":"https:\/\/radiorevelacionfm.cl\/index.php?rest_route=%2Fwp%2Fv2%2Fmedia&parent=9490"}],"wp:term":[{"taxonomy":"category","embeddable":true,"href":"https:\/\/radiorevelacionfm.cl\/index.php?rest_route=%2Fwp%2Fv2%2Fcategories&post=9490"},{"taxonomy":"post_tag","embeddable":true,"href":"https:\/\/radiorevelacionfm.cl\/index.php?rest_route=%2Fwp%2Fv2%2Ftags&post=9490"}],"curies":[{"name":"wp","href":"https:\/\/api.w.org\/{rel}","templated":true}]}}