{"id":9487,"date":"2021-10-08T20:33:43","date_gmt":"2021-10-08T23:33:43","guid":{"rendered":"https:\/\/radiorevelacionfm.cl\/?p=9487"},"modified":"2021-10-08T20:33:43","modified_gmt":"2021-10-08T23:33:43","slug":"en-emotiva-ceremonia-entregan-subsidios-de-vivienda-a-comites-amuyen-i-y-ii","status":"publish","type":"post","link":"https:\/\/radiorevelacionfm.cl\/?p=9487","title":{"rendered":"En emotiva ceremonia entregan subsidios de vivienda a Comit\u00e9s Amuyen I y II"},"content":{"rendered":"<div class=\"flex_column av_one_full  flex_column_div av-zero-column-padding first  avia-builder-el-0  el_before_av_one_full  avia-builder-el-first  \" style='border-radius:0px; '><div  class='avia-image-container  av-styling-    avia-builder-el-1  avia-builder-el-no-sibling  avia-align-center '  itemprop=\"image\" itemscope=\"itemscope\" itemtype=\"https:\/\/schema.org\/ImageObject\"  ><div class='avia-image-container-inner'><div class='avia-image-overlay-wrap'><img decoding=\"async\" class='wp-image-9488 avia-img-lazy-loading-not-9488 avia_image' src=\"https:\/\/radiorevelacionfm.cl\/wp-content\/uploads\/2021\/10\/2-64a-1_optimized.jpg\" alt='' title='2-(64)a-(1)_optimized' height=\"600\" width=\"956\"  itemprop=\"thumbnailUrl\" srcset=\"https:\/\/radiorevelacionfm.cl\/wp-content\/uploads\/2021\/10\/2-64a-1_optimized.jpg 956w, https:\/\/radiorevelacionfm.cl\/wp-content\/uploads\/2021\/10\/2-64a-1_optimized-300x188.jpg 300w, https:\/\/radiorevelacionfm.cl\/wp-content\/uploads\/2021\/10\/2-64a-1_optimized-768x482.jpg 768w, https:\/\/radiorevelacionfm.cl\/wp-content\/uploads\/2021\/10\/2-64a-1_optimized-705x442.jpg 705w, https:\/\/radiorevelacionfm.cl\/wp-content\/uploads\/2021\/10\/2-64a-1_optimized-600x377.jpg 600w\" sizes=\"(max-width: 956px) 100vw, 956px\" \/><\/div><\/div><\/div><\/div><div class=\"flex_column av_one_full  flex_column_div av-zero-column-padding first  avia-builder-el-2  el_after_av_one_full  el_before_av_one_full  column-top-margin\" style='border-radius:0px; '><section class=\"av_textblock_section \"  itemscope=\"itemscope\" itemtype=\"https:\/\/schema.org\/BlogPosting\" itemprop=\"blogPost\" ><div class='avia_textblock  '   itemprop=\"text\" ><p style=\"text-align: center;\"><strong><span style=\"font-size: 18pt;\">En emotiva ceremonia entregan subsidios de vivienda a Comit\u00e9s Amuyen I y II<\/span><\/strong><\/p>\n<div id=\"gtx-trans\" style=\"position: absolute; left: -50px; top: 4.31534px;\">\n<div class=\"gtx-trans-icon\"><\/div>\n<\/div>\n<\/div><\/section><\/div><div class=\"flex_column av_one_full  flex_column_div av-zero-column-padding first  avia-builder-el-4  el_after_av_one_full  el_before_av_hr  column-top-margin\" style='border-radius:0px; '><section class=\"av_textblock_section \"  itemscope=\"itemscope\" itemtype=\"https:\/\/schema.org\/BlogPosting\" itemprop=\"blogPost\" ><div class='avia_textblock  '   itemprop=\"text\" ><p style=\"text-align: justify;\">En un ambiente de mucha emotividad y alegr\u00eda durante la tarde de este jueves se realiz\u00f3 la ceremonia de entrega de subsidios habitacionales de los Comit\u00e9s de Vivienda Amuyen I y II respectivamente, todo esto desarrollado con la presencia del Ministro Felipe Ward, el Senador David Sandoval, la Delegada Presidencial Regional Margarita Ossa, la Delegada Provincial Andrea Ponce, Seremi de Vivienda Diego Silva, Seremi de Bienes Nacionales Ana Mar\u00eda Mora, jefes de servicios, representante de la Gobernadora Regional, Carabineros, PDI y los integrantes de ambos comit\u00e9s.<\/p>\n<p style=\"text-align: justify;\">Esto tiene una historia de mucho esfuerzo y sacrificio y que es un compromiso netamente del Presidente de la Rep\u00fablica Sebasti\u00e1n Pi\u00f1era y que no ha sido f\u00e1cil sacar adelante este emblem\u00e1tico proyecto. Son muchas las personas y autoridades que se la han jugado por estas 204 familias ayseninas, una de ellas es Manuel Ortiz actual Delegado Presidencial Provincial (ex gobernador provincial), que desde que asumi\u00f3 este cargo ha acompa\u00f1ado a estos y otros comit\u00e9s de vivienda. En esta ocasi\u00f3n el Senador David Sandoval destac\u00f3 el rol de la actual autoridad provincial \u201cresulta que ac\u00e1 hay un trabajo que se viene desarrollando hace muchos a\u00f1os con Ang\u00e9lica \u00c1lvarez y Manuel Ortiz quien es el ex gobernador actual Delegado Presidencial Provincial qui\u00e9n est\u00e1 enfermo en estos momentos, ha entregado un acompa\u00f1amiento fundamental y esto es un compromiso que el Presidente dijo yo voy a entrar a La Moneda y ustedes entrar\u00e1n a sus casas y hoy se est\u00e1 cumpliendo\u201d.<\/p>\n<p style=\"text-align: justify;\">Por su parte el Ministro de Vivienda Felipe Ward agregaba \u201cnos contaba los mismo Ang\u00e9lica y es bonito constatar que esa promesa como much\u00edsimas otras se van cumpliendo incluso antes que termine el Gobierno, as\u00ed que nos vamos contentos, ha sido una muy buena jornada\u201d.<\/p>\n<\/div><\/section><\/div><div  style='height:50px' class='hr hr-invisible   avia-builder-el-6  el_after_av_one_full  el_before_av_social_share '><span class='hr-inner ' ><span class='hr-inner-style'><\/span><\/span><\/div><\/p>\n<div  class='av-social-sharing-box  avia-builder-el-7  el_after_av_hr  el_before_av_hr  '><div class='av-share-box'><h5 class='av-share-link-description av-no-toc '>Compartir esta noticia<\/h5><ul class='av-share-box-list noLightbox'><li class='av-share-link av-social-link-facebook' ><a target=\"_blank\" aria-label=\"Compartir en Facebook\" href='https:\/\/www.facebook.com\/sharer.php?u=https:\/\/radiorevelacionfm.cl\/?p=9487&#038;t=En%20emotiva%20ceremonia%20entregan%20subsidios%20de%20vivienda%20a%20Comit%C3%A9s%20Amuyen%20I%20y%20II' aria-hidden='false' data-av_icon='\ue8f3' data-av_iconfont='entypo-fontello' title='' data-avia-related-tooltip='Compartir en Facebook' rel=\"noopener\"><span class='avia_hidden_link_text'>Compartir en Facebook<\/span><\/a><\/li><li class='av-share-link av-social-link-twitter' ><a target=\"_blank\" aria-label=\"Compartir en Twitter\" href='https:\/\/twitter.com\/share?text=En%20emotiva%20ceremonia%20entregan%20subsidios%20de%20vivienda%20a%20Comit%C3%A9s%20Amuyen%20I%20y%20II&#038;url=https:\/\/radiorevelacionfm.cl\/?p=9487' aria-hidden='false' data-av_icon='\ue8f1' data-av_iconfont='entypo-fontello' title='' data-avia-related-tooltip='Compartir en Twitter' rel=\"noopener\"><span class='avia_hidden_link_text'>Compartir en Twitter<\/span><\/a><\/li><li class='av-share-link av-social-link-whatsapp' ><a target=\"_blank\" aria-label=\"Compartir en Whatsapp\" href='https:\/\/api.whatsapp.com\/send?text=https:\/\/radiorevelacionfm.cl\/?p=9487' aria-hidden='false' data-av_icon='\uf232' data-av_iconfont='entypo-fontello' title='' data-avia-related-tooltip='Compartir en Whatsapp' rel=\"noopener\"><span class='avia_hidden_link_text'>Compartir en Whatsapp<\/span><\/a><\/li><li class='av-share-link av-social-link-linkedin' ><a target=\"_blank\" aria-label=\"Compartir en LinkedIn\" href='https:\/\/linkedin.com\/shareArticle?mini=true&#038;title=En%20emotiva%20ceremonia%20entregan%20subsidios%20de%20vivienda%20a%20Comit%C3%A9s%20Amuyen%20I%20y%20II&#038;url=https:\/\/radiorevelacionfm.cl\/?p=9487' aria-hidden='false' data-av_icon='\ue8fc' data-av_iconfont='entypo-fontello' title='' data-avia-related-tooltip='Compartir en LinkedIn' rel=\"noopener\"><span class='avia_hidden_link_text'>Compartir en LinkedIn<\/span><\/a><\/li><li class='av-share-link av-social-link-mail' ><a  aria-label=\"Compartir por correo\" href='mailto:?subject=En%20emotiva%20ceremonia%20entregan%20subsidios%20de%20vivienda%20a%20Comit%C3%A9s%20Amuyen%20I%20y%20II&#038;body=https:\/\/radiorevelacionfm.cl\/?p=9487' aria-hidden='false' data-av_icon='\ue805' data-av_iconfont='entypo-fontello' title='' data-avia-related-tooltip='Compartir por correo'><span class='avia_hidden_link_text'>Compartir por correo<\/span><\/a><\/li><\/ul><\/div><\/div>\n<div  style='height:50px' class='hr hr-invisible   avia-builder-el-8  el_after_av_social_share  el_before_av_comments_list '><span class='hr-inner ' ><span class='hr-inner-style'><\/span><\/span><\/div>\n<div  class='av-buildercomment  av-blog-meta-html-info-disabled av-blog-meta-tag-disabled  '><\/div>\n","protected":false},"excerpt":{"rendered":"","protected":false},"author":1,"featured_media":9488,"comment_status":"open","ping_status":"open","sticky":false,"template":"","format":"standard","meta":{"footnotes":""},"categories":[57],"tags":[],"class_list":["post-9487","post","type-post","status-publish","format-standard","has-post-thumbnail","hentry","category-vivienda"],"jetpack_featured_media_url":"https:\/\/radiorevelacionfm.cl\/wp-content\/uploads\/2021\/10\/2-64a-1_optimized.jpg","_links":{"self":[{"href":"https:\/\/radiorevelacionfm.cl\/index.php?rest_route=\/wp\/v2\/posts\/9487","targetHints":{"allow":["GET"]}}],"collection":[{"href":"https:\/\/radiorevelacionfm.cl\/index.php?rest_route=\/wp\/v2\/posts"}],"about":[{"href":"https:\/\/radiorevelacionfm.cl\/index.php?rest_route=\/wp\/v2\/types\/post"}],"author":[{"embeddable":true,"href":"https:\/\/radiorevelacionfm.cl\/index.php?rest_route=\/wp\/v2\/users\/1"}],"replies":[{"embeddable":true,"href":"https:\/\/radiorevelacionfm.cl\/index.php?rest_route=%2Fwp%2Fv2%2Fcomments&post=9487"}],"version-history":[{"count":1,"href":"https:\/\/radiorevelacionfm.cl\/index.php?rest_route=\/wp\/v2\/posts\/9487\/revisions"}],"predecessor-version":[{"id":9489,"href":"https:\/\/radiorevelacionfm.cl\/index.php?rest_route=\/wp\/v2\/posts\/9487\/revisions\/9489"}],"wp:featuredmedia":[{"embeddable":true,"href":"https:\/\/radiorevelacionfm.cl\/index.php?rest_route=\/wp\/v2\/media\/9488"}],"wp:attachment":[{"href":"https:\/\/radiorevelacionfm.cl\/index.php?rest_route=%2Fwp%2Fv2%2Fmedia&parent=9487"}],"wp:term":[{"taxonomy":"category","embeddable":true,"href":"https:\/\/radiorevelacionfm.cl\/index.php?rest_route=%2Fwp%2Fv2%2Fcategories&post=9487"},{"taxonomy":"post_tag","embeddable":true,"href":"https:\/\/radiorevelacionfm.cl\/index.php?rest_route=%2Fwp%2Fv2%2Ftags&post=9487"}],"curies":[{"name":"wp","href":"https:\/\/api.w.org\/{rel}","templated":true}]}}