{"id":9485,"date":"2021-10-08T17:44:01","date_gmt":"2021-10-08T20:44:01","guid":{"rendered":"https:\/\/radiorevelacionfm.cl\/?p=9485"},"modified":"2021-10-08T17:44:01","modified_gmt":"2021-10-08T20:44:01","slug":"cuatro-internos-recibiran-beneficio-de-libertad-otorgado-por-la-comision-de-libertad-condicional-de-coyhaique-de-un-total-de-24-solicitudes-presentadas","status":"publish","type":"post","link":"https:\/\/radiorevelacionfm.cl\/?p=9485","title":{"rendered":"Cuatro internos recibir\u00e1n beneficio de libertad otorgado por la Comisi\u00f3n de Libertad Condicional de Coyhaique, de un total de 24 solicitudes presentadas"},"content":{"rendered":"<div class=\"flex_column av_one_full  flex_column_div av-zero-column-padding first  avia-builder-el-0  el_before_av_one_full  avia-builder-el-first  \" style='border-radius:0px; '><div  class='avia-image-container  av-styling-    avia-builder-el-1  avia-builder-el-no-sibling  avia-align-center '  itemprop=\"image\" itemscope=\"itemscope\" itemtype=\"https:\/\/schema.org\/ImageObject\"  ><div class='avia-image-container-inner'><div class='avia-image-overlay-wrap'><img decoding=\"async\" class='wp-image-6641 avia-img-lazy-loading-not-6641 avia_image' src=\"https:\/\/radiorevelacionfm.cl\/wp-content\/uploads\/2021\/07\/foto-01-corte-1_optimized.jpg\" alt='' title='foto-01-corte--(1)_optimized' height=\"600\" width=\"918\"  itemprop=\"thumbnailUrl\" srcset=\"https:\/\/radiorevelacionfm.cl\/wp-content\/uploads\/2021\/07\/foto-01-corte-1_optimized.jpg 918w, https:\/\/radiorevelacionfm.cl\/wp-content\/uploads\/2021\/07\/foto-01-corte-1_optimized-300x196.jpg 300w, https:\/\/radiorevelacionfm.cl\/wp-content\/uploads\/2021\/07\/foto-01-corte-1_optimized-768x502.jpg 768w, https:\/\/radiorevelacionfm.cl\/wp-content\/uploads\/2021\/07\/foto-01-corte-1_optimized-705x461.jpg 705w, https:\/\/radiorevelacionfm.cl\/wp-content\/uploads\/2021\/07\/foto-01-corte-1_optimized-600x392.jpg 600w\" sizes=\"(max-width: 918px) 100vw, 918px\" \/><\/div><\/div><\/div><\/div><div class=\"flex_column av_one_full  flex_column_div av-zero-column-padding first  avia-builder-el-2  el_after_av_one_full  el_before_av_one_full  column-top-margin\" style='border-radius:0px; '><section class=\"av_textblock_section \"  itemscope=\"itemscope\" itemtype=\"https:\/\/schema.org\/BlogPosting\" itemprop=\"blogPost\" ><div class='avia_textblock  '   itemprop=\"text\" ><p style=\"text-align: center;\"><strong><span style=\"font-size: 18pt;\">Cuatro internos recibir\u00e1n beneficio de libertad otorgado por la Comisi\u00f3n de Libertad Condicional de Coyhaique, de un total de 24 solicitudes presentadas<\/span><\/strong><\/p>\n<div id=\"gtx-trans\" style=\"position: absolute; left: -50px; top: 4.31534px;\">\n<div class=\"gtx-trans-icon\"><\/div>\n<\/div>\n<\/div><\/section><\/div><div class=\"flex_column av_one_full  flex_column_div av-zero-column-padding first  avia-builder-el-4  el_after_av_one_full  el_before_av_hr  column-top-margin\" style='border-radius:0px; '><section class=\"av_textblock_section \"  itemscope=\"itemscope\" itemtype=\"https:\/\/schema.org\/BlogPosting\" itemprop=\"blogPost\" ><div class='avia_textblock  '   itemprop=\"text\" ><p class=\"v1MsoNormal\" style=\"text-align: justify;\">La Comisi\u00f3n de Libertad Condicional de la jurisdicci\u00f3n sesion\u00f3 el pasado mi\u00e9rcoles 6 de octubre, v\u00eda videoconferencia, y acogi\u00f3 cuatro solicitudes de un total de 24 realizadas por internos de los recintos penales de Coyhaique, Puerto Ays\u00e9n, Chile Chico, Cochrane y el Centro de Educaci\u00f3n y Trabajo Valle Verde.<\/p>\n<p class=\"v1MsoNormal\" style=\"text-align: justify;\">La comisi\u00f3n fue encabezada por la presidenta de Corte de Apelaciones, Natalia Rencoret Oliva e integrada por los magistrados Mario Devaud Ojeda, del Juzgado de Garant\u00eda de Coyhaique; Pablo Freire Gavil\u00e1n, Rosal\u00eda Mansilla Quiroz y M\u00f3nica Coloma Pulgar, del Tribunal de Juicio Oral en lo Penal y Gast\u00f3n Hern\u00e1ndez Leiva como secretario subrogante del tribunal de alzada, como ministro de fe.<\/p>\n<p class=\"v1MsoNormal\" style=\"text-align: justify;\">Tras sesionar la comisi\u00f3n inform\u00f3 que se resolvi\u00f3 entregar este derecho a cuatro de los solicitantes: Dos de Coyhaique, uno de Puerto Ays\u00e9n y uno de Chile Chico.<\/p>\n<p class=\"v1MsoNormal\" style=\"text-align: justify;\">Los integrantes de la comisi\u00f3n estimaron como concurrentes los requisitos del Decreto Ley 321 modificado el pasado 18 de enero de 2019 por la Ley 21.124 en su art\u00edculo 2, que establece criterios como: Haber cumplido el tiempo m\u00ednimo que exige la Ley de condena que se le impuso por sentencia definitiva; que se haya observado una conducta intachable durante el cumplimiento de la condena y contar con un informe de postulaci\u00f3n psicosocial elaborado por un equipo profesional del \u00e1rea t\u00e9cnica de Gendarmer\u00eda de Chile, que permita orientar sobre los factores de riesgo de reincidencia, con el fin de conocer sus posibilidades para reinsertarse adecuadamente en la sociedad.<\/p>\n<p class=\"v1MsoNormal\" style=\"text-align: justify;\">Las personas en libertad condicional quedar\u00e1n sujetas a la supervisi\u00f3n de un delegado de Libertad Condicional de Gendarmer\u00eda de Chile, el cual deber\u00e1 elaborar un plan de intervenci\u00f3n individual, que comprender\u00e1 reuniones peri\u00f3dicas, las que durante el primer a\u00f1o de supervisi\u00f3n deber\u00e1n ser a lo menos mensual; la realizaci\u00f3n de actividades tendientes a la rehabilitaci\u00f3n y reinserci\u00f3n social del condenado, tales como la nivelaci\u00f3n escolar, la participaci\u00f3n en actividades de capacitaci\u00f3n o inserci\u00f3n laboral, o de intervenci\u00f3n especializada de acuerdo a su perfil.<\/p>\n<\/div><\/section><\/div><div  style='height:50px' class='hr hr-invisible   avia-builder-el-6  el_after_av_one_full  el_before_av_social_share '><span class='hr-inner ' ><span class='hr-inner-style'><\/span><\/span><\/div><\/p>\n<div  class='av-social-sharing-box  avia-builder-el-7  el_after_av_hr  el_before_av_hr  '><div class='av-share-box'><h5 class='av-share-link-description av-no-toc '>Compartir esta noticia<\/h5><ul class='av-share-box-list noLightbox'><li class='av-share-link av-social-link-facebook' ><a target=\"_blank\" aria-label=\"Compartir en Facebook\" href='https:\/\/www.facebook.com\/sharer.php?u=https:\/\/radiorevelacionfm.cl\/?p=9485&#038;t=Cuatro%20internos%20recibir%C3%A1n%20beneficio%20de%20libertad%20otorgado%20por%20la%20Comisi%C3%B3n%20de%20Libertad%20Condicional%20de%20Coyhaique%2C%20de%20un%20total%20de%2024%20solicitudes%20presentadas' aria-hidden='false' data-av_icon='\ue8f3' data-av_iconfont='entypo-fontello' title='' data-avia-related-tooltip='Compartir en Facebook' rel=\"noopener\"><span class='avia_hidden_link_text'>Compartir en Facebook<\/span><\/a><\/li><li class='av-share-link av-social-link-twitter' ><a target=\"_blank\" aria-label=\"Compartir en Twitter\" href='https:\/\/twitter.com\/share?text=Cuatro%20internos%20recibir%C3%A1n%20beneficio%20de%20libertad%20otorgado%20por%20la%20Comisi%C3%B3n%20de%20Libertad%20Condicional%20de%20Coyhaique%2C%20de%20un%20total%20de%2024%20solicitudes%20presentadas&#038;url=https:\/\/radiorevelacionfm.cl\/?p=9485' aria-hidden='false' data-av_icon='\ue8f1' data-av_iconfont='entypo-fontello' title='' data-avia-related-tooltip='Compartir en Twitter' rel=\"noopener\"><span class='avia_hidden_link_text'>Compartir en Twitter<\/span><\/a><\/li><li class='av-share-link av-social-link-whatsapp' ><a target=\"_blank\" aria-label=\"Compartir en Whatsapp\" href='https:\/\/api.whatsapp.com\/send?text=https:\/\/radiorevelacionfm.cl\/?p=9485' aria-hidden='false' data-av_icon='\uf232' data-av_iconfont='entypo-fontello' title='' data-avia-related-tooltip='Compartir en Whatsapp' rel=\"noopener\"><span class='avia_hidden_link_text'>Compartir en Whatsapp<\/span><\/a><\/li><li class='av-share-link av-social-link-linkedin' ><a target=\"_blank\" aria-label=\"Compartir en LinkedIn\" href='https:\/\/linkedin.com\/shareArticle?mini=true&#038;title=Cuatro%20internos%20recibir%C3%A1n%20beneficio%20de%20libertad%20otorgado%20por%20la%20Comisi%C3%B3n%20de%20Libertad%20Condicional%20de%20Coyhaique%2C%20de%20un%20total%20de%2024%20solicitudes%20presentadas&#038;url=https:\/\/radiorevelacionfm.cl\/?p=9485' aria-hidden='false' data-av_icon='\ue8fc' data-av_iconfont='entypo-fontello' title='' data-avia-related-tooltip='Compartir en LinkedIn' rel=\"noopener\"><span class='avia_hidden_link_text'>Compartir en LinkedIn<\/span><\/a><\/li><li class='av-share-link av-social-link-mail' ><a  aria-label=\"Compartir por correo\" href='mailto:?subject=Cuatro%20internos%20recibir%C3%A1n%20beneficio%20de%20libertad%20otorgado%20por%20la%20Comisi%C3%B3n%20de%20Libertad%20Condicional%20de%20Coyhaique%2C%20de%20un%20total%20de%2024%20solicitudes%20presentadas&#038;body=https:\/\/radiorevelacionfm.cl\/?p=9485' aria-hidden='false' data-av_icon='\ue805' data-av_iconfont='entypo-fontello' title='' data-avia-related-tooltip='Compartir por correo'><span class='avia_hidden_link_text'>Compartir por correo<\/span><\/a><\/li><\/ul><\/div><\/div>\n<div  style='height:50px' class='hr hr-invisible   avia-builder-el-8  el_after_av_social_share  el_before_av_comments_list '><span class='hr-inner ' ><span class='hr-inner-style'><\/span><\/span><\/div>\n<div  class='av-buildercomment  av-blog-meta-html-info-disabled av-blog-meta-tag-disabled  '><\/div>\n","protected":false},"excerpt":{"rendered":"","protected":false},"author":1,"featured_media":6641,"comment_status":"open","ping_status":"open","sticky":false,"template":"","format":"standard","meta":{"footnotes":""},"categories":[55],"tags":[],"class_list":["post-9485","post","type-post","status-publish","format-standard","has-post-thumbnail","hentry","category-justicia"],"jetpack_featured_media_url":"https:\/\/radiorevelacionfm.cl\/wp-content\/uploads\/2021\/07\/foto-01-corte-1_optimized.jpg","_links":{"self":[{"href":"https:\/\/radiorevelacionfm.cl\/index.php?rest_route=\/wp\/v2\/posts\/9485","targetHints":{"allow":["GET"]}}],"collection":[{"href":"https:\/\/radiorevelacionfm.cl\/index.php?rest_route=\/wp\/v2\/posts"}],"about":[{"href":"https:\/\/radiorevelacionfm.cl\/index.php?rest_route=\/wp\/v2\/types\/post"}],"author":[{"embeddable":true,"href":"https:\/\/radiorevelacionfm.cl\/index.php?rest_route=\/wp\/v2\/users\/1"}],"replies":[{"embeddable":true,"href":"https:\/\/radiorevelacionfm.cl\/index.php?rest_route=%2Fwp%2Fv2%2Fcomments&post=9485"}],"version-history":[{"count":1,"href":"https:\/\/radiorevelacionfm.cl\/index.php?rest_route=\/wp\/v2\/posts\/9485\/revisions"}],"predecessor-version":[{"id":9486,"href":"https:\/\/radiorevelacionfm.cl\/index.php?rest_route=\/wp\/v2\/posts\/9485\/revisions\/9486"}],"wp:featuredmedia":[{"embeddable":true,"href":"https:\/\/radiorevelacionfm.cl\/index.php?rest_route=\/wp\/v2\/media\/6641"}],"wp:attachment":[{"href":"https:\/\/radiorevelacionfm.cl\/index.php?rest_route=%2Fwp%2Fv2%2Fmedia&parent=9485"}],"wp:term":[{"taxonomy":"category","embeddable":true,"href":"https:\/\/radiorevelacionfm.cl\/index.php?rest_route=%2Fwp%2Fv2%2Fcategories&post=9485"},{"taxonomy":"post_tag","embeddable":true,"href":"https:\/\/radiorevelacionfm.cl\/index.php?rest_route=%2Fwp%2Fv2%2Ftags&post=9485"}],"curies":[{"name":"wp","href":"https:\/\/api.w.org\/{rel}","templated":true}]}}