{"id":9482,"date":"2021-10-08T16:57:39","date_gmt":"2021-10-08T19:57:39","guid":{"rendered":"https:\/\/radiorevelacionfm.cl\/?p=9482"},"modified":"2021-10-08T16:57:39","modified_gmt":"2021-10-08T19:57:39","slug":"un-ejemplo-a-nivel-nacional-mesa-de-la-mujer-rural-se-consolida-como-espacio-de-participacion-femenina","status":"publish","type":"post","link":"https:\/\/radiorevelacionfm.cl\/?p=9482","title":{"rendered":"Un ejemplo a nivel nacional: Mesa de la Mujer Rural se consolida como espacio de participaci\u00f3n femenina"},"content":{"rendered":"<div class=\"flex_column av_one_full  flex_column_div av-zero-column-padding first  avia-builder-el-0  el_before_av_one_full  avia-builder-el-first  \" style='border-radius:0px; '><div  class='avia-image-container  av-styling-    avia-builder-el-1  avia-builder-el-no-sibling  avia-align-center '  itemprop=\"image\" itemscope=\"itemscope\" itemtype=\"https:\/\/schema.org\/ImageObject\"  ><div class='avia-image-container-inner'><div class='avia-image-overlay-wrap'><img decoding=\"async\" class='wp-image-9483 avia-img-lazy-loading-not-9483 avia_image' src=\"https:\/\/radiorevelacionfm.cl\/wp-content\/uploads\/2021\/10\/foto-2-5-1-1.jpg\" alt='' title='foto 2 (5) (1) (1)' height=\"600\" width=\"899\"  itemprop=\"thumbnailUrl\" srcset=\"https:\/\/radiorevelacionfm.cl\/wp-content\/uploads\/2021\/10\/foto-2-5-1-1.jpg 899w, https:\/\/radiorevelacionfm.cl\/wp-content\/uploads\/2021\/10\/foto-2-5-1-1-300x200.jpg 300w, https:\/\/radiorevelacionfm.cl\/wp-content\/uploads\/2021\/10\/foto-2-5-1-1-768x513.jpg 768w, https:\/\/radiorevelacionfm.cl\/wp-content\/uploads\/2021\/10\/foto-2-5-1-1-705x471.jpg 705w, https:\/\/radiorevelacionfm.cl\/wp-content\/uploads\/2021\/10\/foto-2-5-1-1-600x400.jpg 600w\" sizes=\"(max-width: 899px) 100vw, 899px\" \/><\/div><\/div><\/div><\/div><div class=\"flex_column av_one_full  flex_column_div av-zero-column-padding first  avia-builder-el-2  el_after_av_one_full  el_before_av_one_full  column-top-margin\" style='border-radius:0px; '><section class=\"av_textblock_section \"  itemscope=\"itemscope\" itemtype=\"https:\/\/schema.org\/BlogPosting\" itemprop=\"blogPost\" ><div class='avia_textblock  '   itemprop=\"text\" ><p style=\"text-align: center;\"><span style=\"font-size: 18pt;\"><strong>Un ejemplo a nivel nacional: Mesa de la Mujer Rural se consolida como espacio de participaci\u00f3n femenina<\/strong><\/span><\/p>\n<div id=\"gtx-trans\" style=\"position: absolute; left: -50px; top: 4.31534px;\">\n<div class=\"gtx-trans-icon\"><\/div>\n<\/div>\n<\/div><\/section><\/div><div class=\"flex_column av_one_full  flex_column_div av-zero-column-padding first  avia-builder-el-4  el_after_av_one_full  el_before_av_hr  column-top-margin\" style='border-radius:0px; '><section class=\"av_textblock_section \"  itemscope=\"itemscope\" itemtype=\"https:\/\/schema.org\/BlogPosting\" itemprop=\"blogPost\" ><div class='avia_textblock  '   itemprop=\"text\" ><p style=\"text-align: justify;\">Como parte de la agenda que despleg\u00f3 la Subsecretar\u00eda de la Mujer y la Equidad de G\u00e9nero Mar\u00eda Jos\u00e9 Abud en su visita a la regi\u00f3n, la Mesa de la Mujer Rural desarroll\u00f3 su Comit\u00e9 Directivo Ampliado, primero desde inicios de la pandemia. Para la autoridad nacional \u201cel Trabajo que Indap, Prodemu y que la Seremi han realizado con las mujeres rurales es impresionante. Escuchando los testimonios de las distintas agrupaciones y como se han levantado en la pandemia, es lo que nosotros necesitamos, hoy d\u00eda desde el Ministerio de la Mujer, como nos articulamos para generar oferta y oportunidades para las mujeres rurales, es lo importante, ellas tienen \u201cmultiactividades\u201d por decirlo, artesanas, agricultoras y al final lo que nosotros hoy necesitamos es entregar las oportunidades, los lugares de comercializaci\u00f3n y ayudarlas a poder levantar su hogar, porque vemos que el empleo femenino en esta crisis ha sido el m\u00e1s afectado y vemos tambi\u00e9n que las mujeres, las jefas de hogar son el principal motor para sacar un hogar de una situaci\u00f3n de vulnerabilidad, as\u00ed es que muy agradecida del trabajo que se est\u00e1 haciendo aqu\u00ed en la regi\u00f3n de Ays\u00e9n y el rol importante que tiene en esta regi\u00f3n la mujer rural y esperamos que el hito de hoy d\u00eda que es integrar a esta nueva agrupaci\u00f3n traiga importantes frutos y sume a la hoja de trabajo que ya est\u00e1 trazada para esta mesa.<\/p>\n<p style=\"text-align: justify;\">En la cita, desarrollada en el sector Lago Zenteno, predio de Africa Barrales miembro de la Asociaci\u00f3n Gremial de \u201cMujeres Campesinas de la Patagonia Ays\u00e9n\u201d y participante de la Mesa, se congregaron autoridades y representante de las directivas de agrupaciones y asociaciones parte del Comit\u00e9 Ejecutivo para dar la bienvenida a una nueva organizaci\u00f3n y consolidar as\u00ed a esta relevante instancia de coordinaci\u00f3n regional como un espacio de participaci\u00f3n, observado adem\u00e1s como un ejemplo a nivel pa\u00eds \u201cLa Mesa de la Mujer Rural, es una instancia de coordinaci\u00f3n territorial que existe desde \u00a0el a\u00f1o 2000, por lo tanto, su consolidaci\u00f3n como una instancia de di\u00e1logo, participaci\u00f3n y coordinaci\u00f3n entre el Estado y las organizaciones de representaci\u00f3n mujeres campesina, nos enorgullece puesto que a sus m\u00e1s de 20 a\u00f1os de funcionamiento se ha constituido en un mecanismo legitimado por sus participantes para avanzar en la igualdad de derechos y oportunidades para las mujeres rurales. Por esto, incorporar m\u00e1s organizaciones, es sin duda una se\u00f1al de que en la regi\u00f3n las mujeres no s\u00f3lo quieren participar, sino adem\u00e1s que ellas se organizan para esto\u201d se\u00f1al\u00f3 la Seremi B\u00e1rbara Ort\u00fazar en relaci\u00f3n con desarrollo de esta Mesa en Ays\u00e9n y, el hito de incorporaci\u00f3n de una nueva organizaci\u00f3n al Comit\u00e9 Ejecutivo.<\/p>\n<p style=\"text-align: justify;\">\u201cPara m\u00ed como fue un orgullo recibir en mi campo a estas mujeres, todas lideres en sus organizaciones y a\u00fan m\u00e1s a las autoridades del Ministerio que hoy nos representa\u201d se\u00f1al\u00f3 durante la visita la anfitriona, Africa Barrales, que mostr\u00f3 a las asistentes la forma de cultivar en la cuenca del Lago Zenteno y, adem\u00e1s como ha expandido su trabajo al turismo rural.<\/p>\n<p style=\"text-align: justify;\"><strong>Nuevas Organizaciones de Mujeres Rurales<\/strong><\/p>\n<p style=\"text-align: justify;\">Anterior a este encuentro fue la organizaci\u00f3n \u201cManos Amigas\u201d de la localidad de \u201cEl Blanco\u201d la que formaliz\u00f3 su ingreso al Comit\u00e9 Ejecutivo, acci\u00f3n que se suma a la incorporaci\u00f3n realizada en este encuentro de la agrupaci\u00f3n Cultural y Productiva \u201cProductoras de la Patagonia de la Regi\u00f3n de Ays\u00e9n\u201d presidida por la Sra. Carmen S\u00e1nchez quien se\u00f1al\u00f3 \u201cSignifica mucho para nosotras, porque hacemos un levantamiento de todas nuestras socias, de sus necesidades que tienen y a todas las mujeres que se vayan integrando a nuestra agrupaci\u00f3n contarles que tenemos m\u00e1s instancias, que tenemos a la seremi de la Mujer, al Prodemu que nos apoyan en todos los programas que necesitemos como mujeres\u201d.<\/p>\n<p style=\"text-align: justify;\">Felipe Henriquez Seremi de Agricultura indica que \u201cc\u00f3mo Ministerio de Agricultura nos corresponde privilegiar el di\u00e1logo con las mujeres rurales, por eso es tan importante se incorporen nuevas agrupaciones a la Mesa de la Mujer Rural, puesto que es mediante este acto que se puede generar una mayor participaci\u00f3n femenina, lo cual es relevante en la econom\u00eda familiar y desarrollo de cada una de ellas\u201d<\/p>\n<p style=\"text-align: justify;\">A su vez, Josefina Dominguez se\u00f1al\u00f3 \u201cComo Indap, estamos muy contentos por la incorporaci\u00f3n de la agrupaci\u00f3n Cultural y Productiva de Productoras de la Patagonia a la Mesa de la Mujer Rural, ella ser\u00e1n un gran aporte a esta instancia en que logran compartir experiencias con mujeres de toda la regi\u00f3n. Es importante invitar a m\u00e1s agrupaciones a sumarse a la mesa, queremos llegar a todos los rincones de la regi\u00f3n a trav\u00e9s de esta actividad que logra empoderar a nuestras usuarias y les entrega herramientas para crecer, tanto en lo productivo como en lo personal.\u201d Complementa la primera mujer Jefa del \u00e1rea Coyhaique de INDAP.<\/p>\n<p style=\"text-align: justify;\">En suma, son 5 las organizaciones que actualmente participan del Comit\u00e9 Ejecutivo de la Mesa de la Mujer Rural, lo cual ha permitido generar un hecho in\u00e9dito, puesto que hasta el a\u00f1o 2019 s\u00f3lo exist\u00eda una organizaci\u00f3n miembro, motor para que muchas otras mujeres se organizaran en sus respectivas localidades y hoy cuenten con sus organizaciones respectivas.<\/p>\n<p style=\"text-align: justify;\">Marlene Julio Directora de Prodemu valor\u00f3 esta acci\u00f3n puesto que \u201ccomo Prodemu nos enorgullece presenciar los avances de las mujeres en su camino por alcanzar sus sue\u00f1os, as\u00ed mismo demuestra que el enfoque puesto principalmente en ir en apoyo de su crecimiento personal, empoderamiento y desarrollo de un emprendimiento rural les ha permitido asociarse y as\u00ed hoy participar de la toma de decisiones dentro de esta Mesa Mujer Rural que a\u00f1o a a\u00f1o se fortalece gracias al esfuerzo de ellas y de la mano de las instituciones comprometidas en este maravilloso trabajo colaborativo y en red\u201d.<\/p>\n<p style=\"text-align: justify;\">A la fecha las organizaciones miembros del Comit\u00e9 ejecutivo son la Asociaci\u00f3n Gremial \u201cMujeres Campesinas de la Patagonia Ays\u00e9n\u201d, Agrupaci\u00f3n de Mujeres Campesinas Emprendedoras \u201cLas Maravillas de Puerto Ays\u00e9n\u201d, Agrupaci\u00f3n del Taller Artesanal Campesino Social y Cultural \u201cRa\u00edces de Ma\u00f1ihuales\u201d, Agrupaci\u00f3n Cultural de Artesan\u00eda \u201cManos amigas\u201d y la reci\u00e9n incorporada agrupaci\u00f3n Cultural y Productiva \u201cProductoras de la Patagonia de la Regi\u00f3n de Ays\u00e9n\u201d.<\/p>\n<\/div><\/section><\/div><div  style='height:50px' class='hr hr-invisible   avia-builder-el-6  el_after_av_one_full  el_before_av_social_share '><span class='hr-inner ' ><span class='hr-inner-style'><\/span><\/span><\/div><\/p>\n<div  class='av-social-sharing-box  avia-builder-el-7  el_after_av_hr  el_before_av_hr  '><div class='av-share-box'><h5 class='av-share-link-description av-no-toc '>Compartir esta noticia<\/h5><ul class='av-share-box-list noLightbox'><li class='av-share-link av-social-link-facebook' ><a target=\"_blank\" aria-label=\"Compartir en Facebook\" href='https:\/\/www.facebook.com\/sharer.php?u=https:\/\/radiorevelacionfm.cl\/?p=9482&#038;t=Un%20ejemplo%20a%20nivel%20nacional%3A%20Mesa%20de%20la%20Mujer%20Rural%20se%20consolida%20como%20espacio%20de%20participaci%C3%B3n%20femenina' aria-hidden='false' data-av_icon='\ue8f3' data-av_iconfont='entypo-fontello' title='' data-avia-related-tooltip='Compartir en Facebook' rel=\"noopener\"><span class='avia_hidden_link_text'>Compartir en Facebook<\/span><\/a><\/li><li class='av-share-link av-social-link-twitter' ><a target=\"_blank\" aria-label=\"Compartir en Twitter\" href='https:\/\/twitter.com\/share?text=Un%20ejemplo%20a%20nivel%20nacional%3A%20Mesa%20de%20la%20Mujer%20Rural%20se%20consolida%20como%20espacio%20de%20participaci%C3%B3n%20femenina&#038;url=https:\/\/radiorevelacionfm.cl\/?p=9482' aria-hidden='false' data-av_icon='\ue8f1' data-av_iconfont='entypo-fontello' title='' data-avia-related-tooltip='Compartir en Twitter' rel=\"noopener\"><span class='avia_hidden_link_text'>Compartir en Twitter<\/span><\/a><\/li><li class='av-share-link av-social-link-whatsapp' ><a target=\"_blank\" aria-label=\"Compartir en Whatsapp\" href='https:\/\/api.whatsapp.com\/send?text=https:\/\/radiorevelacionfm.cl\/?p=9482' aria-hidden='false' data-av_icon='\uf232' data-av_iconfont='entypo-fontello' title='' data-avia-related-tooltip='Compartir en Whatsapp' rel=\"noopener\"><span class='avia_hidden_link_text'>Compartir en Whatsapp<\/span><\/a><\/li><li class='av-share-link av-social-link-linkedin' ><a target=\"_blank\" aria-label=\"Compartir en LinkedIn\" href='https:\/\/linkedin.com\/shareArticle?mini=true&#038;title=Un%20ejemplo%20a%20nivel%20nacional%3A%20Mesa%20de%20la%20Mujer%20Rural%20se%20consolida%20como%20espacio%20de%20participaci%C3%B3n%20femenina&#038;url=https:\/\/radiorevelacionfm.cl\/?p=9482' aria-hidden='false' data-av_icon='\ue8fc' data-av_iconfont='entypo-fontello' title='' data-avia-related-tooltip='Compartir en LinkedIn' rel=\"noopener\"><span class='avia_hidden_link_text'>Compartir en LinkedIn<\/span><\/a><\/li><li class='av-share-link av-social-link-mail' ><a  aria-label=\"Compartir por correo\" href='mailto:?subject=Un%20ejemplo%20a%20nivel%20nacional%3A%20Mesa%20de%20la%20Mujer%20Rural%20se%20consolida%20como%20espacio%20de%20participaci%C3%B3n%20femenina&#038;body=https:\/\/radiorevelacionfm.cl\/?p=9482' aria-hidden='false' data-av_icon='\ue805' data-av_iconfont='entypo-fontello' title='' data-avia-related-tooltip='Compartir por correo'><span class='avia_hidden_link_text'>Compartir por correo<\/span><\/a><\/li><\/ul><\/div><\/div>\n<div  style='height:50px' class='hr hr-invisible   avia-builder-el-8  el_after_av_social_share  el_before_av_comments_list '><span class='hr-inner ' ><span class='hr-inner-style'><\/span><\/span><\/div>\n<div  class='av-buildercomment  av-blog-meta-html-info-disabled av-blog-meta-tag-disabled  '><\/div>\n","protected":false},"excerpt":{"rendered":"","protected":false},"author":1,"featured_media":9483,"comment_status":"open","ping_status":"open","sticky":false,"template":"","format":"standard","meta":{"footnotes":""},"categories":[38],"tags":[],"class_list":["post-9482","post","type-post","status-publish","format-standard","has-post-thumbnail","hentry","category-regional"],"jetpack_featured_media_url":"https:\/\/radiorevelacionfm.cl\/wp-content\/uploads\/2021\/10\/foto-2-5-1-1.jpg","_links":{"self":[{"href":"https:\/\/radiorevelacionfm.cl\/index.php?rest_route=\/wp\/v2\/posts\/9482","targetHints":{"allow":["GET"]}}],"collection":[{"href":"https:\/\/radiorevelacionfm.cl\/index.php?rest_route=\/wp\/v2\/posts"}],"about":[{"href":"https:\/\/radiorevelacionfm.cl\/index.php?rest_route=\/wp\/v2\/types\/post"}],"author":[{"embeddable":true,"href":"https:\/\/radiorevelacionfm.cl\/index.php?rest_route=\/wp\/v2\/users\/1"}],"replies":[{"embeddable":true,"href":"https:\/\/radiorevelacionfm.cl\/index.php?rest_route=%2Fwp%2Fv2%2Fcomments&post=9482"}],"version-history":[{"count":1,"href":"https:\/\/radiorevelacionfm.cl\/index.php?rest_route=\/wp\/v2\/posts\/9482\/revisions"}],"predecessor-version":[{"id":9484,"href":"https:\/\/radiorevelacionfm.cl\/index.php?rest_route=\/wp\/v2\/posts\/9482\/revisions\/9484"}],"wp:featuredmedia":[{"embeddable":true,"href":"https:\/\/radiorevelacionfm.cl\/index.php?rest_route=\/wp\/v2\/media\/9483"}],"wp:attachment":[{"href":"https:\/\/radiorevelacionfm.cl\/index.php?rest_route=%2Fwp%2Fv2%2Fmedia&parent=9482"}],"wp:term":[{"taxonomy":"category","embeddable":true,"href":"https:\/\/radiorevelacionfm.cl\/index.php?rest_route=%2Fwp%2Fv2%2Fcategories&post=9482"},{"taxonomy":"post_tag","embeddable":true,"href":"https:\/\/radiorevelacionfm.cl\/index.php?rest_route=%2Fwp%2Fv2%2Ftags&post=9482"}],"curies":[{"name":"wp","href":"https:\/\/api.w.org\/{rel}","templated":true}]}}