{"id":9479,"date":"2021-10-08T16:36:36","date_gmt":"2021-10-08T19:36:36","guid":{"rendered":"https:\/\/radiorevelacionfm.cl\/?p=9479"},"modified":"2021-10-08T16:36:36","modified_gmt":"2021-10-08T19:36:36","slug":"llaman-a-emprendedores-a-capacitarse-con-oferta-de-cursos-mipes-aysen-2021","status":"publish","type":"post","link":"https:\/\/radiorevelacionfm.cl\/?p=9479","title":{"rendered":"Llaman a emprendedores a capacitarse con oferta de Cursos MIPEs Ays\u00e9n 2021"},"content":{"rendered":"<div class=\"flex_column av_one_full  flex_column_div av-zero-column-padding first  avia-builder-el-0  el_before_av_one_full  avia-builder-el-first  \" style='border-radius:0px; '><div  class='avia-image-container  av-styling-    avia-builder-el-1  avia-builder-el-no-sibling  avia-align-center '  itemprop=\"image\" itemscope=\"itemscope\" itemtype=\"https:\/\/schema.org\/ImageObject\"  ><div class='avia-image-container-inner'><div class='avia-image-overlay-wrap'><img decoding=\"async\" class='wp-image-7077 avia-img-lazy-loading-not-7077 avia_image' src=\"https:\/\/radiorevelacionfm.cl\/wp-content\/uploads\/2021\/08\/Seremi-del-Trabajo1-1-2.jpg\" alt='' title='Seremi del Trabajo1 (1) (2)' height=\"600\" width=\"958\"  itemprop=\"thumbnailUrl\" srcset=\"https:\/\/radiorevelacionfm.cl\/wp-content\/uploads\/2021\/08\/Seremi-del-Trabajo1-1-2.jpg 958w, https:\/\/radiorevelacionfm.cl\/wp-content\/uploads\/2021\/08\/Seremi-del-Trabajo1-1-2-300x188.jpg 300w, https:\/\/radiorevelacionfm.cl\/wp-content\/uploads\/2021\/08\/Seremi-del-Trabajo1-1-2-768x481.jpg 768w, https:\/\/radiorevelacionfm.cl\/wp-content\/uploads\/2021\/08\/Seremi-del-Trabajo1-1-2-705x442.jpg 705w, https:\/\/radiorevelacionfm.cl\/wp-content\/uploads\/2021\/08\/Seremi-del-Trabajo1-1-2-600x376.jpg 600w\" sizes=\"(max-width: 958px) 100vw, 958px\" \/><\/div><\/div><\/div><\/div><div class=\"flex_column av_one_full  flex_column_div av-zero-column-padding first  avia-builder-el-2  el_after_av_one_full  el_before_av_one_full  column-top-margin\" style='border-radius:0px; '><section class=\"av_textblock_section \"  itemscope=\"itemscope\" itemtype=\"https:\/\/schema.org\/BlogPosting\" itemprop=\"blogPost\" ><div class='avia_textblock  '   itemprop=\"text\" ><p style=\"text-align: center;\"><strong><span style=\"font-size: 18pt;\">Llaman a emprendedores a capacitarse a trav\u00e9s de los Cursos MIPEs Ays\u00e9n 2021<\/span><\/strong><\/p>\n<div id=\"gtx-trans\" style=\"position: absolute; left: -50px; top: 4.31534px;\">\n<div class=\"gtx-trans-icon\"><\/div>\n<\/div>\n<\/div><\/section><\/div><div class=\"flex_column av_one_full  flex_column_div av-zero-column-padding first  avia-builder-el-4  el_after_av_one_full  el_before_av_hr  column-top-margin\" style='border-radius:0px; '><section class=\"av_textblock_section \"  itemscope=\"itemscope\" itemtype=\"https:\/\/schema.org\/BlogPosting\" itemprop=\"blogPost\" ><div class='avia_textblock  '   itemprop=\"text\" ><p style=\"font-weight: 400; text-align: justify;\">Una invitaci\u00f3n a seguir aprendiendo y capacitarse, extendi\u00f3 la Seremi del Trabajo y Previsi\u00f3n Social, Andrea Ponce, durante la inauguraci\u00f3n de los cursos para la micro y peque\u00f1a empresa (MIPE), que ser\u00e1n ejecutados por CICAL Consultor\u00edas y Desarrollos Ltda, y que cuentan con el financiamiento del Departamento de Di\u00e1logo Social de la Subsecretar\u00eda del Trabajo.<\/p>\n<p style=\"font-weight: 400; text-align: justify;\">\u201cUstedes, los emprendedores, son los que entregan el mayor n\u00famero de trabajo en la Regi\u00f3n de Ays\u00e9n\u201d,\u00a0se\u00f1al\u00f3 la autoridad laboral, a la vez que invit\u00f3 a los asistentes a aprender, compartir experiencias, y completar el programa formativo de 32 horas pedag\u00f3gicas.<\/p>\n<p style=\"font-weight: 400; text-align: justify;\">\u201cHoy d\u00eda, todos debemos estar desde el lado de la reactivaci\u00f3n econ\u00f3mica. Estamos apoyando con distintos subsidios al empleo. Por ejemplo, el Subsidio Protege, el Subsidio Regresa, el Subsidio Contrata, y adem\u00e1s hoy d\u00eda tenemos vigente el subsidio al empleo: el IFE Laboral, el cual ha sido muy aceptado en nuestra regi\u00f3n\u201d, indic\u00f3 en video que circula en las redes sociales de Cical Empresas.<\/p>\n<p style=\"font-weight: 400; text-align: justify;\">\u201cPor otra parte, necesitamos apoyar las capacitaciones. Es por ello que estamos desarrollando este programa. Afortunadamente, en nuestra regi\u00f3n de Ays\u00e9n tenemos una baja en los contagios de Covid y tambi\u00e9n una baja en la tasa de desempleo, lo que es trabajo de todos. As\u00ed es que los llamo a capacitarse y a postular a nuevos puestos de trabajo\u201d, concluy\u00f3.<\/p>\n<p style=\"font-weight: 400; text-align: justify;\">Los Cursos MIPEs Ays\u00e9n 2021, se realizar\u00e1n de forma online los d\u00edas martes, jueves y viernes. El programa acad\u00e9mico contempla clases sobre subsidios en pandemia, regulaci\u00f3n laboral, fondos p\u00fablicos, contabilidad b\u00e1sica, formulaci\u00f3n de proyectos, entre otros.<\/p>\n<\/div><\/section><\/div><div  style='height:50px' class='hr hr-invisible   avia-builder-el-6  el_after_av_one_full  el_before_av_social_share '><span class='hr-inner ' ><span class='hr-inner-style'><\/span><\/span><\/div><\/p>\n<div  class='av-social-sharing-box  avia-builder-el-7  el_after_av_hr  el_before_av_hr  '><div class='av-share-box'><h5 class='av-share-link-description av-no-toc '>Compartir esta noticia<\/h5><ul class='av-share-box-list noLightbox'><li class='av-share-link av-social-link-facebook' ><a target=\"_blank\" aria-label=\"Compartir en Facebook\" href='https:\/\/www.facebook.com\/sharer.php?u=https:\/\/radiorevelacionfm.cl\/?p=9479&#038;t=Llaman%20a%20emprendedores%20a%20capacitarse%20con%20oferta%20de%20Cursos%20MIPEs%20Ays%C3%A9n%202021' aria-hidden='false' data-av_icon='\ue8f3' data-av_iconfont='entypo-fontello' title='' data-avia-related-tooltip='Compartir en Facebook' rel=\"noopener\"><span class='avia_hidden_link_text'>Compartir en Facebook<\/span><\/a><\/li><li class='av-share-link av-social-link-twitter' ><a target=\"_blank\" aria-label=\"Compartir en Twitter\" href='https:\/\/twitter.com\/share?text=Llaman%20a%20emprendedores%20a%20capacitarse%20con%20oferta%20de%20Cursos%20MIPEs%20Ays%C3%A9n%202021&#038;url=https:\/\/radiorevelacionfm.cl\/?p=9479' aria-hidden='false' data-av_icon='\ue8f1' data-av_iconfont='entypo-fontello' title='' data-avia-related-tooltip='Compartir en Twitter' rel=\"noopener\"><span class='avia_hidden_link_text'>Compartir en Twitter<\/span><\/a><\/li><li class='av-share-link av-social-link-whatsapp' ><a target=\"_blank\" aria-label=\"Compartir en Whatsapp\" href='https:\/\/api.whatsapp.com\/send?text=https:\/\/radiorevelacionfm.cl\/?p=9479' aria-hidden='false' data-av_icon='\uf232' data-av_iconfont='entypo-fontello' title='' data-avia-related-tooltip='Compartir en Whatsapp' rel=\"noopener\"><span class='avia_hidden_link_text'>Compartir en Whatsapp<\/span><\/a><\/li><li class='av-share-link av-social-link-linkedin' ><a target=\"_blank\" aria-label=\"Compartir en LinkedIn\" href='https:\/\/linkedin.com\/shareArticle?mini=true&#038;title=Llaman%20a%20emprendedores%20a%20capacitarse%20con%20oferta%20de%20Cursos%20MIPEs%20Ays%C3%A9n%202021&#038;url=https:\/\/radiorevelacionfm.cl\/?p=9479' aria-hidden='false' data-av_icon='\ue8fc' data-av_iconfont='entypo-fontello' title='' data-avia-related-tooltip='Compartir en LinkedIn' rel=\"noopener\"><span class='avia_hidden_link_text'>Compartir en LinkedIn<\/span><\/a><\/li><li class='av-share-link av-social-link-mail' ><a  aria-label=\"Compartir por correo\" href='mailto:?subject=Llaman%20a%20emprendedores%20a%20capacitarse%20con%20oferta%20de%20Cursos%20MIPEs%20Ays%C3%A9n%202021&#038;body=https:\/\/radiorevelacionfm.cl\/?p=9479' aria-hidden='false' data-av_icon='\ue805' data-av_iconfont='entypo-fontello' title='' data-avia-related-tooltip='Compartir por correo'><span class='avia_hidden_link_text'>Compartir por correo<\/span><\/a><\/li><\/ul><\/div><\/div>\n<div  style='height:50px' class='hr hr-invisible   avia-builder-el-8  el_after_av_social_share  el_before_av_comments_list '><span class='hr-inner ' ><span class='hr-inner-style'><\/span><\/span><\/div>\n<div  class='av-buildercomment  av-blog-meta-html-info-disabled av-blog-meta-tag-disabled  '><\/div>\n","protected":false},"excerpt":{"rendered":"","protected":false},"author":1,"featured_media":7077,"comment_status":"open","ping_status":"open","sticky":false,"template":"","format":"standard","meta":{"footnotes":""},"categories":[56],"tags":[],"class_list":["post-9479","post","type-post","status-publish","format-standard","has-post-thumbnail","hentry","category-trabajo"],"jetpack_featured_media_url":"https:\/\/radiorevelacionfm.cl\/wp-content\/uploads\/2021\/08\/Seremi-del-Trabajo1-1-2.jpg","_links":{"self":[{"href":"https:\/\/radiorevelacionfm.cl\/index.php?rest_route=\/wp\/v2\/posts\/9479","targetHints":{"allow":["GET"]}}],"collection":[{"href":"https:\/\/radiorevelacionfm.cl\/index.php?rest_route=\/wp\/v2\/posts"}],"about":[{"href":"https:\/\/radiorevelacionfm.cl\/index.php?rest_route=\/wp\/v2\/types\/post"}],"author":[{"embeddable":true,"href":"https:\/\/radiorevelacionfm.cl\/index.php?rest_route=\/wp\/v2\/users\/1"}],"replies":[{"embeddable":true,"href":"https:\/\/radiorevelacionfm.cl\/index.php?rest_route=%2Fwp%2Fv2%2Fcomments&post=9479"}],"version-history":[{"count":1,"href":"https:\/\/radiorevelacionfm.cl\/index.php?rest_route=\/wp\/v2\/posts\/9479\/revisions"}],"predecessor-version":[{"id":9481,"href":"https:\/\/radiorevelacionfm.cl\/index.php?rest_route=\/wp\/v2\/posts\/9479\/revisions\/9481"}],"wp:featuredmedia":[{"embeddable":true,"href":"https:\/\/radiorevelacionfm.cl\/index.php?rest_route=\/wp\/v2\/media\/7077"}],"wp:attachment":[{"href":"https:\/\/radiorevelacionfm.cl\/index.php?rest_route=%2Fwp%2Fv2%2Fmedia&parent=9479"}],"wp:term":[{"taxonomy":"category","embeddable":true,"href":"https:\/\/radiorevelacionfm.cl\/index.php?rest_route=%2Fwp%2Fv2%2Fcategories&post=9479"},{"taxonomy":"post_tag","embeddable":true,"href":"https:\/\/radiorevelacionfm.cl\/index.php?rest_route=%2Fwp%2Fv2%2Ftags&post=9479"}],"curies":[{"name":"wp","href":"https:\/\/api.w.org\/{rel}","templated":true}]}}