{"id":9473,"date":"2021-10-08T15:57:26","date_gmt":"2021-10-08T18:57:26","guid":{"rendered":"https:\/\/radiorevelacionfm.cl\/?p=9473"},"modified":"2021-10-08T16:12:31","modified_gmt":"2021-10-08T19:12:31","slug":"jovenes-seleccionados-de-esgrima-viajan-al-torneo-sudamericano-colombia-2021-financiados-por-el-gobierno-regional","status":"publish","type":"post","link":"https:\/\/radiorevelacionfm.cl\/?p=9473","title":{"rendered":"J\u00f3venes seleccionados de Esgrima viajan al Torneo Sudamericano Colombia 2021 financiados por el Gobierno Regional"},"content":{"rendered":"<div class=\"flex_column av_one_full  flex_column_div av-zero-column-padding first  avia-builder-el-0  el_before_av_one_full  avia-builder-el-first  \" style='border-radius:0px; '><div  class='avia-image-container  av-styling-    avia-builder-el-1  avia-builder-el-no-sibling  avia-align-center '  itemprop=\"image\" itemscope=\"itemscope\" itemtype=\"https:\/\/schema.org\/ImageObject\"  ><div class='avia-image-container-inner'><div class='avia-image-overlay-wrap'><img decoding=\"async\" class='wp-image-9474 avia-img-lazy-loading-not-9474 avia_image' src=\"https:\/\/radiorevelacionfm.cl\/wp-content\/uploads\/2021\/10\/Esgrima0-2021-10-07-1-1.jpg\" alt='' title='Esgrima0 2021-10-07 (1) (1)' height=\"600\" width=\"990\"  itemprop=\"thumbnailUrl\" srcset=\"https:\/\/radiorevelacionfm.cl\/wp-content\/uploads\/2021\/10\/Esgrima0-2021-10-07-1-1.jpg 990w, https:\/\/radiorevelacionfm.cl\/wp-content\/uploads\/2021\/10\/Esgrima0-2021-10-07-1-1-300x182.jpg 300w, https:\/\/radiorevelacionfm.cl\/wp-content\/uploads\/2021\/10\/Esgrima0-2021-10-07-1-1-768x465.jpg 768w, https:\/\/radiorevelacionfm.cl\/wp-content\/uploads\/2021\/10\/Esgrima0-2021-10-07-1-1-705x427.jpg 705w, https:\/\/radiorevelacionfm.cl\/wp-content\/uploads\/2021\/10\/Esgrima0-2021-10-07-1-1-600x364.jpg 600w\" sizes=\"(max-width: 990px) 100vw, 990px\" \/><\/div><\/div><\/div><\/div>\n<div class=\"flex_column av_one_full  flex_column_div av-zero-column-padding first  avia-builder-el-2  el_after_av_one_full  el_before_av_one_full  column-top-margin\" style='border-radius:0px; '><section class=\"av_textblock_section \"  itemscope=\"itemscope\" itemtype=\"https:\/\/schema.org\/BlogPosting\" itemprop=\"blogPost\" ><div class='avia_textblock  '   itemprop=\"text\" ><p style=\"text-align: center;\"><strong><span style=\"font-size: 18pt;\">J\u00f3venes seleccionados de Esgrima viajan al Torneo Sudamericano Colombia 2021 financiados por el Gobierno Regional<\/span><\/strong><\/p>\n<div id=\"gtx-trans\" style=\"position: absolute; left: -50px; top: 4.31534px;\">\n<div class=\"gtx-trans-icon\"><\/div>\n<\/div>\n<\/div><\/section><\/div>\n<div class=\"flex_column av_one_full  flex_column_div av-zero-column-padding first  avia-builder-el-4  el_after_av_one_full  el_before_av_hr  column-top-margin\" style='border-radius:0px; '><section class=\"av_textblock_section \"  itemscope=\"itemscope\" itemtype=\"https:\/\/schema.org\/BlogPosting\" itemprop=\"blogPost\" ><div class='avia_textblock  '   itemprop=\"text\" ><p style=\"text-align: justify;\">En una actividad con la presencia de la Gobernadora Regional de Ays\u00e9n, Andrea Mac\u00edas Palma, y el presidente de la Comisi\u00f3n de Desarrollo Social, Cultural y Deportivo, consejero regional Gustavo Villarroel, se despidi\u00f3 a la delegaci\u00f3n de deportistas destacados que ir\u00e1 a competir representando a Chile en el Campeonato Sudamericano de Esgrima, Colombia 2021.<\/p>\n<p style=\"text-align: justify;\">Los 5 j\u00f3venes que viajar\u00e1n este 11 de octubre, miembros de la Escuela de Esgrima Ays\u00e9n 14, representar\u00e1n al pa\u00eds en esta disciplina de larga trayectoria de triunfos en la regi\u00f3n. Para Catalina Slako, seleccionada nacional de 17 a\u00f1os, la posibilidad de viajar es una gran noticia para la regi\u00f3n. \u00abHoy acaban de venir autoridades a despedirnos porque nos vamos a los Sudamericanos en Colombia a representar al pa\u00eds, por lo que estamos muy agradecidos. Gracias a los fondos del 6% vamos a poder realizar el viaje y hacer todo lo posible para tener los mejores resultados. Estamos orgullosos de representar a Chile, a la regi\u00f3n y a nuestro club\u00bb.<\/p>\n<p style=\"text-align: justify;\">En la oportunidad, la m\u00e1xima autoridad regional pudo recalcar lo importante que es este tipo de apoyos a talentos locales en el programa de Gobierno. \u00abCuando apostamos por el deporte lo estamos haciendo por la formaci\u00f3n de personas, porque los ni\u00f1os, ni\u00f1as y ni\u00f1es que tienen acceso a la cultura y al deporte, cuando crecen lo hacen con otras oportunidades. Nuestro objetivo, como Gobierno Regional, es que todos tengan m\u00e1s posibilidades. Lo que ustedes viven hoy d\u00eda, con la familia, con los amigos y amigas del esgrima, es algo que s\u00f3lo es ganancia para su vida. Soy una convencida de los tremendos talentos que tenemos como regi\u00f3n en distintas disciplinas y vamos a seguir apostando por ello\u00bb, afirm\u00f3.<\/p>\n<p style=\"text-align: justify;\">Por su parte, el consejero Villarroel, deseo el mayor de los \u00e9xitos a la delegaci\u00f3n y su larga relaci\u00f3n con este tipo de disciplina. \u00abEstamos contentos de estar acompa\u00f1ando a nuestra Gobernadora Regional y, al mismo tiempo, de volver a encontrarme con ustedes. Siempre he sentido al esgrima, y en particular a esta Escuela Ays\u00e9n 14, como parte de la familia. Vivimos muy gratas experiencias hace varios a\u00f1os atr\u00e1s y conozco el trabajo que ustedes han desarrollado. Eso tiene un tremendo m\u00e9rito de quienes los han guiado en este proceso, de los profesores, entrenadores como Juanita. Nosotros vemos los resultados de participaci\u00f3n y nos sentimos orgullosos\u00bb, finaliz\u00f3.<\/p>\n<p style=\"text-align: justify;\">La Escuela, que recibe a ni\u00f1os, ni\u00f1as y ni\u00f1es desde los 7 a\u00f1os, viene hace m\u00e1s de una d\u00e9cada formando j\u00f3venes deportistas con un gran \u00e9xito. Para la presidenta Ang\u00e9lica Oyarz\u00fan, la visita representa un hito en su trayectoria. \u00abAgradecemos a la Gobernadora y al Consejero por su visita. Creo no equivocarme cuando digo que es la primera vez que tenemos a una primera autoridad regional en nuestro Club, por eso su presencia cobra una relevancia importante porque a nuestros hijos, a nuestros pap\u00e1s, tambi\u00e9n les queda la sensaci\u00f3n de apoyo al deporte en la regi\u00f3n. Quiero mencionar algo tambi\u00e9n muy importante, que no s\u00e9 si todos saben, pero en su programa de trabajo de los pr\u00f3ximos 4 a\u00f1os, est\u00e1 incorporado un cap\u00edtulo especial de deporte y aquellos que no son los m\u00e1s tradicionales\u00bb, finaliz\u00f3.<\/p>\n<p style=\"text-align: justify;\">La delegaci\u00f3n de deportistas recibi\u00f3 el apoyo del Gobierno Regional de Ays\u00e9n espera la competencias en las categor\u00edas Pre Cadete, Cadete y Juvenil.<\/p>\n<\/div><\/section><\/div><div  style='height:50px' class='hr hr-invisible   avia-builder-el-6  el_after_av_one_full  el_before_av_social_share '><span class='hr-inner ' ><span class='hr-inner-style'><\/span><\/span><\/div><\/p>\n<div  class='av-social-sharing-box  avia-builder-el-7  el_after_av_hr  el_before_av_hr  '><div class='av-share-box'><h5 class='av-share-link-description av-no-toc '>Compartir esta noticia<\/h5><ul class='av-share-box-list noLightbox'><li class='av-share-link av-social-link-facebook' ><a target=\"_blank\" aria-label=\"Compartir en Facebook\" href='https:\/\/www.facebook.com\/sharer.php?u=https:\/\/radiorevelacionfm.cl\/?p=9473&#038;t=J%C3%B3venes%20seleccionados%20de%20Esgrima%20viajan%20al%20Torneo%20Sudamericano%20Colombia%202021%20financiados%20por%20el%20Gobierno%20Regional' aria-hidden='false' data-av_icon='\ue8f3' data-av_iconfont='entypo-fontello' title='' data-avia-related-tooltip='Compartir en Facebook' rel=\"noopener\"><span class='avia_hidden_link_text'>Compartir en Facebook<\/span><\/a><\/li><li class='av-share-link av-social-link-twitter' ><a target=\"_blank\" aria-label=\"Compartir en Twitter\" href='https:\/\/twitter.com\/share?text=J%C3%B3venes%20seleccionados%20de%20Esgrima%20viajan%20al%20Torneo%20Sudamericano%20Colombia%202021%20financiados%20por%20el%20Gobierno%20Regional&#038;url=https:\/\/radiorevelacionfm.cl\/?p=9473' aria-hidden='false' data-av_icon='\ue8f1' data-av_iconfont='entypo-fontello' title='' data-avia-related-tooltip='Compartir en Twitter' rel=\"noopener\"><span class='avia_hidden_link_text'>Compartir en Twitter<\/span><\/a><\/li><li class='av-share-link av-social-link-whatsapp' ><a target=\"_blank\" aria-label=\"Compartir en Whatsapp\" href='https:\/\/api.whatsapp.com\/send?text=https:\/\/radiorevelacionfm.cl\/?p=9473' aria-hidden='false' data-av_icon='\uf232' data-av_iconfont='entypo-fontello' title='' data-avia-related-tooltip='Compartir en Whatsapp' rel=\"noopener\"><span class='avia_hidden_link_text'>Compartir en Whatsapp<\/span><\/a><\/li><li class='av-share-link av-social-link-linkedin' ><a target=\"_blank\" aria-label=\"Compartir en LinkedIn\" href='https:\/\/linkedin.com\/shareArticle?mini=true&#038;title=J%C3%B3venes%20seleccionados%20de%20Esgrima%20viajan%20al%20Torneo%20Sudamericano%20Colombia%202021%20financiados%20por%20el%20Gobierno%20Regional&#038;url=https:\/\/radiorevelacionfm.cl\/?p=9473' aria-hidden='false' data-av_icon='\ue8fc' data-av_iconfont='entypo-fontello' title='' data-avia-related-tooltip='Compartir en LinkedIn' rel=\"noopener\"><span class='avia_hidden_link_text'>Compartir en LinkedIn<\/span><\/a><\/li><li class='av-share-link av-social-link-mail' ><a  aria-label=\"Compartir por correo\" href='mailto:?subject=J%C3%B3venes%20seleccionados%20de%20Esgrima%20viajan%20al%20Torneo%20Sudamericano%20Colombia%202021%20financiados%20por%20el%20Gobierno%20Regional&#038;body=https:\/\/radiorevelacionfm.cl\/?p=9473' aria-hidden='false' data-av_icon='\ue805' data-av_iconfont='entypo-fontello' title='' data-avia-related-tooltip='Compartir por correo'><span class='avia_hidden_link_text'>Compartir por correo<\/span><\/a><\/li><\/ul><\/div><\/div>\n<div  style='height:50px' class='hr hr-invisible   avia-builder-el-8  el_after_av_social_share  el_before_av_comments_list '><span class='hr-inner ' ><span class='hr-inner-style'><\/span><\/span><\/div>\n<div  class='av-buildercomment  av-blog-meta-html-info-disabled av-blog-meta-tag-disabled  '><\/div>\n","protected":false},"excerpt":{"rendered":"","protected":false},"author":1,"featured_media":9474,"comment_status":"open","ping_status":"open","sticky":false,"template":"","format":"standard","meta":{"footnotes":""},"categories":[40],"tags":[],"class_list":["post-9473","post","type-post","status-publish","format-standard","has-post-thumbnail","hentry","category-deportes"],"jetpack_featured_media_url":"https:\/\/radiorevelacionfm.cl\/wp-content\/uploads\/2021\/10\/Esgrima0-2021-10-07-1-1.jpg","_links":{"self":[{"href":"https:\/\/radiorevelacionfm.cl\/index.php?rest_route=\/wp\/v2\/posts\/9473","targetHints":{"allow":["GET"]}}],"collection":[{"href":"https:\/\/radiorevelacionfm.cl\/index.php?rest_route=\/wp\/v2\/posts"}],"about":[{"href":"https:\/\/radiorevelacionfm.cl\/index.php?rest_route=\/wp\/v2\/types\/post"}],"author":[{"embeddable":true,"href":"https:\/\/radiorevelacionfm.cl\/index.php?rest_route=\/wp\/v2\/users\/1"}],"replies":[{"embeddable":true,"href":"https:\/\/radiorevelacionfm.cl\/index.php?rest_route=%2Fwp%2Fv2%2Fcomments&post=9473"}],"version-history":[{"count":4,"href":"https:\/\/radiorevelacionfm.cl\/index.php?rest_route=\/wp\/v2\/posts\/9473\/revisions"}],"predecessor-version":[{"id":9478,"href":"https:\/\/radiorevelacionfm.cl\/index.php?rest_route=\/wp\/v2\/posts\/9473\/revisions\/9478"}],"wp:featuredmedia":[{"embeddable":true,"href":"https:\/\/radiorevelacionfm.cl\/index.php?rest_route=\/wp\/v2\/media\/9474"}],"wp:attachment":[{"href":"https:\/\/radiorevelacionfm.cl\/index.php?rest_route=%2Fwp%2Fv2%2Fmedia&parent=9473"}],"wp:term":[{"taxonomy":"category","embeddable":true,"href":"https:\/\/radiorevelacionfm.cl\/index.php?rest_route=%2Fwp%2Fv2%2Fcategories&post=9473"},{"taxonomy":"post_tag","embeddable":true,"href":"https:\/\/radiorevelacionfm.cl\/index.php?rest_route=%2Fwp%2Fv2%2Ftags&post=9473"}],"curies":[{"name":"wp","href":"https:\/\/api.w.org\/{rel}","templated":true}]}}