{"id":9469,"date":"2021-10-09T14:29:56","date_gmt":"2021-10-09T17:29:56","guid":{"rendered":"https:\/\/radiorevelacionfm.cl\/?p=9469"},"modified":"2021-10-09T14:29:56","modified_gmt":"2021-10-09T17:29:56","slug":"ministro-felipe-ward-realiza-entrega-simbolica-de-subsidios-de-acondicionamiento-termico","status":"publish","type":"post","link":"https:\/\/radiorevelacionfm.cl\/?p=9469","title":{"rendered":"Ministro Felipe Ward realiza entrega simb\u00f3lica de subsidios de acondicionamiento t\u00e9rmico"},"content":{"rendered":"<div class=\"flex_column av_one_full  flex_column_div av-zero-column-padding first  avia-builder-el-0  el_before_av_one_full  avia-builder-el-first  \" style='border-radius:0px; '><div  class='avia-image-container  av-styling-    avia-builder-el-1  avia-builder-el-no-sibling  avia-align-center '  itemprop=\"image\" itemscope=\"itemscope\" itemtype=\"https:\/\/schema.org\/ImageObject\"  ><div class='avia-image-container-inner'><div class='avia-image-overlay-wrap'><img decoding=\"async\" class='wp-image-9470 avia-img-lazy-loading-not-9470 avia_image' src=\"https:\/\/radiorevelacionfm.cl\/wp-content\/uploads\/2021\/10\/image002-6a-1-1.jpg\" alt='' title='image002 (6)a (1) (1)' height=\"600\" width=\"1236\"  itemprop=\"thumbnailUrl\" srcset=\"https:\/\/radiorevelacionfm.cl\/wp-content\/uploads\/2021\/10\/image002-6a-1-1.jpg 1236w, https:\/\/radiorevelacionfm.cl\/wp-content\/uploads\/2021\/10\/image002-6a-1-1-300x146.jpg 300w, https:\/\/radiorevelacionfm.cl\/wp-content\/uploads\/2021\/10\/image002-6a-1-1-1030x500.jpg 1030w, https:\/\/radiorevelacionfm.cl\/wp-content\/uploads\/2021\/10\/image002-6a-1-1-768x373.jpg 768w, https:\/\/radiorevelacionfm.cl\/wp-content\/uploads\/2021\/10\/image002-6a-1-1-705x342.jpg 705w, https:\/\/radiorevelacionfm.cl\/wp-content\/uploads\/2021\/10\/image002-6a-1-1-600x291.jpg 600w\" sizes=\"(max-width: 1236px) 100vw, 1236px\" \/><\/div><\/div><\/div><\/div>\n<div class=\"flex_column av_one_full  flex_column_div av-zero-column-padding first  avia-builder-el-2  el_after_av_one_full  el_before_av_one_full  column-top-margin\" style='border-radius:0px; '><section class=\"av_textblock_section \"  itemscope=\"itemscope\" itemtype=\"https:\/\/schema.org\/BlogPosting\" itemprop=\"blogPost\" ><div class='avia_textblock  '   itemprop=\"text\" ><p style=\"text-align: center;\"><strong><span style=\"font-size: 18pt;\">Ministro Felipe Ward realiza entrega simb\u00f3lica de subsidios de acondicionamiento t\u00e9rmico <\/span><\/strong><\/p>\n<div id=\"gtx-trans\" style=\"position: absolute; left: -50px; top: 4.31534px;\">\n<div class=\"gtx-trans-icon\"><\/div>\n<\/div>\n<\/div><\/section><\/div><div class=\"flex_column av_one_full  flex_column_div av-zero-column-padding first  avia-builder-el-4  el_after_av_one_full  el_before_av_hr  column-top-margin\" style='border-radius:0px; '><section class=\"av_textblock_section \"  itemscope=\"itemscope\" itemtype=\"https:\/\/schema.org\/BlogPosting\" itemprop=\"blogPost\" ><div class='avia_textblock  '   itemprop=\"text\" ><p style=\"font-weight: 400; text-align: justify;\">El ministro de Vivienda y Urbanismo,\u00a0Felipe Ward, junto al Seremi de Vivienda y Urbanismo,\u00a0Diego Silva, el director de Serviu,\u00a0Nelson Quinteros, y otras autoridades regionales, realizaron la entrega simb\u00f3lica de subsidios de acondicionamiento t\u00e9rmico en el marco del\u00a0Plan de Descontaminaci\u00f3n Atmosf\u00e9rica\u00a0(PDA) a familias beneficiarias en el segundo llamado de este a\u00f1o.<\/p>\n<p style=\"font-weight: 400; text-align: justify;\">En la ocasi\u00f3n, este programa benefici\u00f3 a\u00a0307 familias de la regi\u00f3n de Ays\u00e9n del General Carlos Ib\u00e1\u00f1ez del Campo. Sobre esto, el\u00a0Titular de la cartera\u00a0coment\u00f3 que, \u201cestas 307 familias que se van a ver beneficiadas en esta etapa, cuyas obras van a empezar en los pr\u00f3ximos meses, a nosotros nos pone muy contentos. Esto de ponerle un chaleco a las viviendas, como dec\u00edan, es algo muy simb\u00f3lico, muy bonito. En adelante, nosotros nos hemos propuesto como Ministerio construir viviendas desde el d\u00eda uno que tengan la aislaci\u00f3n t\u00e9rmica que considere la realidad de cada regi\u00f3n. Hoy d\u00eda estamos refaccionando, estamos arreglando, estamos mejorando muchas viviendas que fueron construidas sin los est\u00e1ndares t\u00e9rmicos que se requer\u00edan, pero obviamente es mucho m\u00e1s eficiente que el d\u00eda de ma\u00f1ana construyamos de una sola vez las viviendas definitivas considerando esta aislaci\u00f3n t\u00e9rmica desde el inicio\u201d.<\/p>\n<p style=\"font-weight: 400; text-align: justify;\">Adem\u00e1s, agreg\u00f3 que \u201cEstamos entregando en promedio 400 UF por familia, y eso es algo que considera tambi\u00e9n la posibilidad de regularizar las viviendas de forma de acceder a este programa y que no exista ning\u00fan tipo de diferencia\u201d.<\/p>\n<p style=\"font-weight: 400; text-align: justify;\">Este subsidio est\u00e1 dirigido a mejorar los est\u00e1ndares de aislaci\u00f3n t\u00e9rmica en las viviendas\u00a0favoreciendo las condiciones de habitabilidad, junto con dotar a las comunidades de entornos m\u00e1s descontaminados. Cabe destacar que en septiembre de este a\u00f1o se ampli\u00f3 el\u00a0Llamado Nacional de Eficiencia Energ\u00e9tica\u00a0para iniciar un piloto en la Regi\u00f3n de Ays\u00e9n, y ahora todas las comunas podr\u00e1n acceder a este beneficio que permite revestir t\u00e9rmicamente las viviendas.<\/p>\n<p style=\"font-weight: 400; text-align: justify;\">Por su parte, el Seremi de Vivienda y Urbanismo, Diego Silva, asegur\u00f3 que \u201cPara nosotros es un orgullo estar entregando estos primeros 307 subsidios. Recordar que el a\u00f1o 2020 llegamos a los 1.346, la meta del gobierno cuando partimos este mandato era entregar 800 y llegamos a los 1.346 y de esos hay un 80% que se est\u00e1 ejecutado. Eso habla de la buena relaci\u00f3n que hay, no solamente con los comit\u00e9s de vivienda de mejoramientos t\u00e9rmicos, sino que tambi\u00e9n, lo que existe con las Entidades Patrocinantes, que son muchas pymes, puros emprendedores, con los cuales estamos trabajando y sacando adelante este programa\u201d.<\/p>\n<p style=\"font-weight: 400; text-align: justify;\">Edith Alarc\u00f3n, representante del comit\u00e9 Las Margaritas 7, afirm\u00f3 que, \u201cojal\u00e1 que mucha gente pueda postular a estos mejoramientos PDA que nos sirven para que las casas queden m\u00e1s t\u00e9rmicas. Hay gente que est\u00e1 esperando que su casa est\u00e9 abrigadita, poder tener una casa m\u00e1s bonita, pero ahora por fin ya nosotros tenemos nuestro sue\u00f1o hecho realidad\u201d.<\/p>\n<p style=\"font-weight: 400; text-align: justify;\"><strong><u>Comit\u00e9s Amuyen I y II<\/u><\/strong><\/p>\n<p style=\"font-weight: 400; text-align: justify;\">M\u00e1s temprano en Puerto Ays\u00e9n, el Ministro Ward se reuni\u00f3 con familias de los comit\u00e9s Amuyen I y II, pertenecientes a la Agrupaci\u00f3n Wapi, organizaci\u00f3n compuesta por alrededor de 400 vecinos de Puerto Ays\u00e9n presidida por Ang\u00e9lica \u00c1lvarez, donde se realiz\u00f3 la entrega de certificados de subsidios del Fondo Solidario de Elecci\u00f3n de Vivienda (DS49) a 30 familias beneficiarias. En la oportunidad, presentaron el proyecto habitacional que beneficiar\u00e1 a 204 familias de la regi\u00f3n.<\/p>\n<\/div><\/section><\/div><\/p>\n<div  style='height:50px' class='hr hr-invisible   avia-builder-el-6  el_after_av_one_full  el_before_av_social_share '><span class='hr-inner ' ><span class='hr-inner-style'><\/span><\/span><\/div>\n<div  class='av-social-sharing-box  avia-builder-el-7  el_after_av_hr  el_before_av_hr  '><div class='av-share-box'><h5 class='av-share-link-description av-no-toc '>Compartir esta noticia<\/h5><ul class='av-share-box-list noLightbox'><li class='av-share-link av-social-link-facebook' ><a target=\"_blank\" aria-label=\"Compartir en Facebook\" href='https:\/\/www.facebook.com\/sharer.php?u=https:\/\/radiorevelacionfm.cl\/?p=9469&#038;t=Ministro%20Felipe%20Ward%20realiza%20entrega%20simb%C3%B3lica%20de%20subsidios%20de%20acondicionamiento%20t%C3%A9rmico' aria-hidden='false' data-av_icon='\ue8f3' data-av_iconfont='entypo-fontello' title='' data-avia-related-tooltip='Compartir en Facebook' rel=\"noopener\"><span class='avia_hidden_link_text'>Compartir en Facebook<\/span><\/a><\/li><li class='av-share-link av-social-link-twitter' ><a target=\"_blank\" aria-label=\"Compartir en Twitter\" href='https:\/\/twitter.com\/share?text=Ministro%20Felipe%20Ward%20realiza%20entrega%20simb%C3%B3lica%20de%20subsidios%20de%20acondicionamiento%20t%C3%A9rmico&#038;url=https:\/\/radiorevelacionfm.cl\/?p=9469' aria-hidden='false' data-av_icon='\ue8f1' data-av_iconfont='entypo-fontello' title='' data-avia-related-tooltip='Compartir en Twitter' rel=\"noopener\"><span class='avia_hidden_link_text'>Compartir en Twitter<\/span><\/a><\/li><li class='av-share-link av-social-link-whatsapp' ><a target=\"_blank\" aria-label=\"Compartir en Whatsapp\" href='https:\/\/api.whatsapp.com\/send?text=https:\/\/radiorevelacionfm.cl\/?p=9469' aria-hidden='false' data-av_icon='\uf232' data-av_iconfont='entypo-fontello' title='' data-avia-related-tooltip='Compartir en Whatsapp' rel=\"noopener\"><span class='avia_hidden_link_text'>Compartir en Whatsapp<\/span><\/a><\/li><li class='av-share-link av-social-link-linkedin' ><a target=\"_blank\" aria-label=\"Compartir en LinkedIn\" href='https:\/\/linkedin.com\/shareArticle?mini=true&#038;title=Ministro%20Felipe%20Ward%20realiza%20entrega%20simb%C3%B3lica%20de%20subsidios%20de%20acondicionamiento%20t%C3%A9rmico&#038;url=https:\/\/radiorevelacionfm.cl\/?p=9469' aria-hidden='false' data-av_icon='\ue8fc' data-av_iconfont='entypo-fontello' title='' data-avia-related-tooltip='Compartir en LinkedIn' rel=\"noopener\"><span class='avia_hidden_link_text'>Compartir en LinkedIn<\/span><\/a><\/li><li class='av-share-link av-social-link-mail' ><a  aria-label=\"Compartir por correo\" href='mailto:?subject=Ministro%20Felipe%20Ward%20realiza%20entrega%20simb%C3%B3lica%20de%20subsidios%20de%20acondicionamiento%20t%C3%A9rmico&#038;body=https:\/\/radiorevelacionfm.cl\/?p=9469' aria-hidden='false' data-av_icon='\ue805' data-av_iconfont='entypo-fontello' title='' data-avia-related-tooltip='Compartir por correo'><span class='avia_hidden_link_text'>Compartir por correo<\/span><\/a><\/li><\/ul><\/div><\/div>\n<div  style='height:50px' class='hr hr-invisible   avia-builder-el-8  el_after_av_social_share  el_before_av_comments_list '><span class='hr-inner ' ><span class='hr-inner-style'><\/span><\/span><\/div>\n<div  class='av-buildercomment  av-blog-meta-html-info-disabled av-blog-meta-tag-disabled  '><\/div>\n","protected":false},"excerpt":{"rendered":"","protected":false},"author":1,"featured_media":9470,"comment_status":"open","ping_status":"open","sticky":false,"template":"","format":"standard","meta":{"footnotes":""},"categories":[57],"tags":[],"class_list":["post-9469","post","type-post","status-publish","format-standard","has-post-thumbnail","hentry","category-vivienda"],"jetpack_featured_media_url":"https:\/\/radiorevelacionfm.cl\/wp-content\/uploads\/2021\/10\/image002-6a-1-1.jpg","_links":{"self":[{"href":"https:\/\/radiorevelacionfm.cl\/index.php?rest_route=\/wp\/v2\/posts\/9469","targetHints":{"allow":["GET"]}}],"collection":[{"href":"https:\/\/radiorevelacionfm.cl\/index.php?rest_route=\/wp\/v2\/posts"}],"about":[{"href":"https:\/\/radiorevelacionfm.cl\/index.php?rest_route=\/wp\/v2\/types\/post"}],"author":[{"embeddable":true,"href":"https:\/\/radiorevelacionfm.cl\/index.php?rest_route=\/wp\/v2\/users\/1"}],"replies":[{"embeddable":true,"href":"https:\/\/radiorevelacionfm.cl\/index.php?rest_route=%2Fwp%2Fv2%2Fcomments&post=9469"}],"version-history":[{"count":2,"href":"https:\/\/radiorevelacionfm.cl\/index.php?rest_route=\/wp\/v2\/posts\/9469\/revisions"}],"predecessor-version":[{"id":9505,"href":"https:\/\/radiorevelacionfm.cl\/index.php?rest_route=\/wp\/v2\/posts\/9469\/revisions\/9505"}],"wp:featuredmedia":[{"embeddable":true,"href":"https:\/\/radiorevelacionfm.cl\/index.php?rest_route=\/wp\/v2\/media\/9470"}],"wp:attachment":[{"href":"https:\/\/radiorevelacionfm.cl\/index.php?rest_route=%2Fwp%2Fv2%2Fmedia&parent=9469"}],"wp:term":[{"taxonomy":"category","embeddable":true,"href":"https:\/\/radiorevelacionfm.cl\/index.php?rest_route=%2Fwp%2Fv2%2Fcategories&post=9469"},{"taxonomy":"post_tag","embeddable":true,"href":"https:\/\/radiorevelacionfm.cl\/index.php?rest_route=%2Fwp%2Fv2%2Ftags&post=9469"}],"curies":[{"name":"wp","href":"https:\/\/api.w.org\/{rel}","templated":true}]}}