{"id":9463,"date":"2021-10-08T11:26:24","date_gmt":"2021-10-08T14:26:24","guid":{"rendered":"https:\/\/radiorevelacionfm.cl\/?p=9463"},"modified":"2021-10-08T11:26:24","modified_gmt":"2021-10-08T14:26:24","slug":"casas-de-estudio-superior-compartieron-oferta-academica-2022-para-estudiantes-tecnicos-de-la-region","status":"publish","type":"post","link":"https:\/\/radiorevelacionfm.cl\/?p=9463","title":{"rendered":"Casas de estudio superior compartieron oferta acad\u00e9mica 2022 para estudiantes t\u00e9cnicos de la regi\u00f3n"},"content":{"rendered":"<div class=\"flex_column av_one_full  flex_column_div av-zero-column-padding first  avia-builder-el-0  el_before_av_one_full  avia-builder-el-first  \" style='border-radius:0px; '><div  class='avia-image-container  av-styling-    avia-builder-el-1  avia-builder-el-no-sibling  avia-align-center '  itemprop=\"image\" itemscope=\"itemscope\" itemtype=\"https:\/\/schema.org\/ImageObject\"  ><div class='avia-image-container-inner'><div class='avia-image-overlay-wrap'><img decoding=\"async\" class='wp-image-9464 avia-img-lazy-loading-not-9464 avia_image' src=\"https:\/\/radiorevelacionfm.cl\/wp-content\/uploads\/2021\/10\/Encuentro-Ed-Superior-2-1-1.jpeg\" alt='' title='Encuentro Ed Superior (2) (1) (1)' height=\"600\" width=\"1067\"  itemprop=\"thumbnailUrl\" srcset=\"https:\/\/radiorevelacionfm.cl\/wp-content\/uploads\/2021\/10\/Encuentro-Ed-Superior-2-1-1.jpeg 1067w, https:\/\/radiorevelacionfm.cl\/wp-content\/uploads\/2021\/10\/Encuentro-Ed-Superior-2-1-1-300x169.jpeg 300w, https:\/\/radiorevelacionfm.cl\/wp-content\/uploads\/2021\/10\/Encuentro-Ed-Superior-2-1-1-1030x579.jpeg 1030w, https:\/\/radiorevelacionfm.cl\/wp-content\/uploads\/2021\/10\/Encuentro-Ed-Superior-2-1-1-768x432.jpeg 768w, https:\/\/radiorevelacionfm.cl\/wp-content\/uploads\/2021\/10\/Encuentro-Ed-Superior-2-1-1-705x396.jpeg 705w, https:\/\/radiorevelacionfm.cl\/wp-content\/uploads\/2021\/10\/Encuentro-Ed-Superior-2-1-1-600x337.jpeg 600w\" sizes=\"(max-width: 1067px) 100vw, 1067px\" \/><\/div><\/div><\/div><\/div><div class=\"flex_column av_one_full  flex_column_div av-zero-column-padding first  avia-builder-el-2  el_after_av_one_full  el_before_av_one_full  column-top-margin\" style='border-radius:0px; '><section class=\"av_textblock_section \"  itemscope=\"itemscope\" itemtype=\"https:\/\/schema.org\/BlogPosting\" itemprop=\"blogPost\" ><div class='avia_textblock  '   itemprop=\"text\" ><p style=\"text-align: center;\"><span style=\"font-size: 18pt;\"><b>Casas de estudio superior compartieron oferta acad\u00e9mica 2022 para estudiantes t\u00e9cnicos de la regi\u00f3n<\/b><\/span><\/p>\n<div id=\"gtx-trans\" style=\"position: absolute; left: -50px; top: 4.31534px;\">\n<div class=\"gtx-trans-icon\"><\/div>\n<\/div>\n<\/div><\/section><\/div><div class=\"flex_column av_one_full  flex_column_div av-zero-column-padding first  avia-builder-el-4  el_after_av_one_full  el_before_av_hr  column-top-margin\" style='border-radius:0px; '><section class=\"av_textblock_section \"  itemscope=\"itemscope\" itemtype=\"https:\/\/schema.org\/BlogPosting\" itemprop=\"blogPost\" ><div class='avia_textblock  '   itemprop=\"text\" ><p class=\"v1MsoNormal\" style=\"text-align: justify;\">El Encuentro Regional de Educaci\u00f3n Superior que se realiz\u00f3 de manera virtual, reuni\u00f3 a representantes del Campus Patagonia de la Universidad Austral de Chile, la Universidad de Magallanes, la Universidad de Ays\u00e9n y a Inacap, cuyos representantes expusieron a las comunidades educativas sus ofertas acad\u00e9micas para el pr\u00f3ximo a\u00f1o.<\/p>\n<p class=\"v1MsoNormal\" style=\"text-align: justify;\">En la reuni\u00f3n organizada por la Red Futuro T\u00e9cnico Ays\u00e9n, iniciativa impulsada por la Secretar\u00eda Regional Ministerial de Educaci\u00f3n y ONG Canales particip\u00f3 el Seremi Sergio Becerra quien manifest\u00f3: \u201cPara el Ministerio de Educaci\u00f3n es del mayor inter\u00e9s que nuestros estudiantes de la regi\u00f3n cuenten con toda la informaci\u00f3n necesaria para que puedan postular a la carrera profesional de su elecci\u00f3n, particularmente, en el \u00e1mbito t\u00e9cnico, y que puedan hacerlo lo m\u00e1s informados posible\u201d.<\/p>\n<p class=\"v1MsoNormal\" style=\"text-align: justify;\">Bernardita Lazo, jefa de proyecto Futuro T\u00e9cnico en la regi\u00f3n, agradeci\u00f3 la participaci\u00f3n de las instituciones presentes y record\u00f3 que, a trav\u00e9s del Acuerdo de Articulaci\u00f3n, los estudiantes t\u00e9cnicos pueden acceder a beneficios de acceso. \u201cPor ejemplo, pueden convalidar hasta tres asignaturas cursadas en la Ense\u00f1anza Media T\u00e9cnico Profesional; acceder a cursos de formaci\u00f3n; y diferentes espacios de alternancia\u201d, explic\u00f3.<\/p>\n<p class=\"v1MsoNormal\" style=\"text-align: justify;\">Recibir\u00e1n el reconocimiento de, al menos, tres asignaturas las y los egresados de Educaci\u00f3n Media T\u00e9cnico Profesional que contin\u00faen en programas de estudio de la Educaci\u00f3n Superior articulados.<\/p>\n<p class=\"v1MsoNormal\" style=\"text-align: justify;\">En el marco del proceso de admisi\u00f3n 2022, las 45 universidades adscritas al Sistema de Acceso han informado su oferta acad\u00e9mica. Es as\u00ed como se contabilizan 2842 programas, de los cuales 1993 son carreras de postulaci\u00f3n centralizada que requieren la rendici\u00f3n de Prueba de Transici\u00f3n y 849 carreras de postulaci\u00f3n directa, que considera los requisitos de cada instituci\u00f3n.<\/p>\n<p class=\"v1MsoNormal\" style=\"text-align: justify;\">Particularmente, en Ays\u00e9n, para el a\u00f1o 2022 las casas de estudio ofrecen un conjunto de 24 carreras y 581 vacantes. En la presentaci\u00f3n \u2013que puede ser\u00a0<a href=\"https:\/\/nam02.safelinks.protection.outlook.com\/?url=https%3A%2F%2Fyoutu.be%2F4FkT56cXGmc&amp;data=04%7C01%7Ccamilo.gomez%40mineduc.cl%7Cb02d376b467d4e170b2508d988f14427%7C2e4cfe500580414093874ecde39def60%7C0%7C0%7C637691392137776891%7CUnknown%7CTWFpbGZsb3d8eyJWIjoiMC4wLjAwMDAiLCJQIjoiV2luMzIiLCJBTiI6Ik1haWwiLCJXVCI6Mn0%3D%7C1000&amp;sdata=%2Fwz%2FqT9MbLS%2FAKXsOLLa8veZtYPp2DI%2BRaM%2Fp7AwVSM%3D&amp;reserved=0\" target=\"_blank\" rel=\"noopener noreferrer\">vista en el Canal You Tube de ONG Canales<\/a>&#8211; las instituciones mostraron las oferta de carreras y algunos perfiles de egreso, realizaron tour virtuales, revisaron requisitos de admisi\u00f3n y opciones de movilidad estudiantil.<\/p>\n<p class=\"v1MsoNormal\" style=\"text-align: justify;\">Toda la informaci\u00f3n respecto a carreras, sedes, vacantes, mallas curriculares, requisitos de ingreso y otros datos relevantes, como empleabilidad, se encuentran disponibles en el portal\u00a0<a href=\"https:\/\/nam02.safelinks.protection.outlook.com\/?url=http%3A%2F%2Fxn--admisin-q0a.mineduc.cl%2F&amp;data=04%7C01%7Ccamilo.gomez%40mineduc.cl%7Cb02d376b467d4e170b2508d988f14427%7C2e4cfe500580414093874ecde39def60%7C0%7C0%7C637691392137786845%7CUnknown%7CTWFpbGZsb3d8eyJWIjoiMC4wLjAwMDAiLCJQIjoiV2luMzIiLCJBTiI6Ik1haWwiLCJXVCI6Mn0%3D%7C1000&amp;sdata=VH15gjfnczN%2FDCNHAi2rT55H5znUK6cJVIKDJa5WkSs%3D&amp;reserved=0\" target=\"_blank\" rel=\"noopener noreferrer\">admisi\u00f3n.mineduc.cl<\/a><\/p>\n<\/div><\/section><\/div><div  style='height:50px' class='hr hr-invisible   avia-builder-el-6  el_after_av_one_full  el_before_av_social_share '><span class='hr-inner ' ><span class='hr-inner-style'><\/span><\/span><\/div><\/p>\n<div  class='av-social-sharing-box  avia-builder-el-7  el_after_av_hr  el_before_av_hr  '><div class='av-share-box'><h5 class='av-share-link-description av-no-toc '>Compartir esta noticia<\/h5><ul class='av-share-box-list noLightbox'><li class='av-share-link av-social-link-facebook' ><a target=\"_blank\" aria-label=\"Compartir en Facebook\" href='https:\/\/www.facebook.com\/sharer.php?u=https:\/\/radiorevelacionfm.cl\/?p=9463&#038;t=Casas%20de%20estudio%20superior%20compartieron%20oferta%20acad%C3%A9mica%202022%20para%20estudiantes%20t%C3%A9cnicos%20de%20la%20regi%C3%B3n' aria-hidden='false' data-av_icon='\ue8f3' data-av_iconfont='entypo-fontello' title='' data-avia-related-tooltip='Compartir en Facebook' rel=\"noopener\"><span class='avia_hidden_link_text'>Compartir en Facebook<\/span><\/a><\/li><li class='av-share-link av-social-link-twitter' ><a target=\"_blank\" aria-label=\"Compartir en Twitter\" href='https:\/\/twitter.com\/share?text=Casas%20de%20estudio%20superior%20compartieron%20oferta%20acad%C3%A9mica%202022%20para%20estudiantes%20t%C3%A9cnicos%20de%20la%20regi%C3%B3n&#038;url=https:\/\/radiorevelacionfm.cl\/?p=9463' aria-hidden='false' data-av_icon='\ue8f1' data-av_iconfont='entypo-fontello' title='' data-avia-related-tooltip='Compartir en Twitter' rel=\"noopener\"><span class='avia_hidden_link_text'>Compartir en Twitter<\/span><\/a><\/li><li class='av-share-link av-social-link-whatsapp' ><a target=\"_blank\" aria-label=\"Compartir en Whatsapp\" href='https:\/\/api.whatsapp.com\/send?text=https:\/\/radiorevelacionfm.cl\/?p=9463' aria-hidden='false' data-av_icon='\uf232' data-av_iconfont='entypo-fontello' title='' data-avia-related-tooltip='Compartir en Whatsapp' rel=\"noopener\"><span class='avia_hidden_link_text'>Compartir en Whatsapp<\/span><\/a><\/li><li class='av-share-link av-social-link-linkedin' ><a target=\"_blank\" aria-label=\"Compartir en LinkedIn\" href='https:\/\/linkedin.com\/shareArticle?mini=true&#038;title=Casas%20de%20estudio%20superior%20compartieron%20oferta%20acad%C3%A9mica%202022%20para%20estudiantes%20t%C3%A9cnicos%20de%20la%20regi%C3%B3n&#038;url=https:\/\/radiorevelacionfm.cl\/?p=9463' aria-hidden='false' data-av_icon='\ue8fc' data-av_iconfont='entypo-fontello' title='' data-avia-related-tooltip='Compartir en LinkedIn' rel=\"noopener\"><span class='avia_hidden_link_text'>Compartir en LinkedIn<\/span><\/a><\/li><li class='av-share-link av-social-link-mail' ><a  aria-label=\"Compartir por correo\" href='mailto:?subject=Casas%20de%20estudio%20superior%20compartieron%20oferta%20acad%C3%A9mica%202022%20para%20estudiantes%20t%C3%A9cnicos%20de%20la%20regi%C3%B3n&#038;body=https:\/\/radiorevelacionfm.cl\/?p=9463' aria-hidden='false' data-av_icon='\ue805' data-av_iconfont='entypo-fontello' title='' data-avia-related-tooltip='Compartir por correo'><span class='avia_hidden_link_text'>Compartir por correo<\/span><\/a><\/li><\/ul><\/div><\/div>\n<div  style='height:50px' class='hr hr-invisible   avia-builder-el-8  el_after_av_social_share  el_before_av_comments_list '><span class='hr-inner ' ><span class='hr-inner-style'><\/span><\/span><\/div>\n<div  class='av-buildercomment  av-blog-meta-html-info-disabled av-blog-meta-tag-disabled  '><\/div>\n","protected":false},"excerpt":{"rendered":"","protected":false},"author":1,"featured_media":9464,"comment_status":"open","ping_status":"open","sticky":false,"template":"","format":"standard","meta":{"footnotes":""},"categories":[49],"tags":[],"class_list":["post-9463","post","type-post","status-publish","format-standard","has-post-thumbnail","hentry","category-educacion"],"jetpack_featured_media_url":"https:\/\/radiorevelacionfm.cl\/wp-content\/uploads\/2021\/10\/Encuentro-Ed-Superior-2-1-1.jpeg","_links":{"self":[{"href":"https:\/\/radiorevelacionfm.cl\/index.php?rest_route=\/wp\/v2\/posts\/9463","targetHints":{"allow":["GET"]}}],"collection":[{"href":"https:\/\/radiorevelacionfm.cl\/index.php?rest_route=\/wp\/v2\/posts"}],"about":[{"href":"https:\/\/radiorevelacionfm.cl\/index.php?rest_route=\/wp\/v2\/types\/post"}],"author":[{"embeddable":true,"href":"https:\/\/radiorevelacionfm.cl\/index.php?rest_route=\/wp\/v2\/users\/1"}],"replies":[{"embeddable":true,"href":"https:\/\/radiorevelacionfm.cl\/index.php?rest_route=%2Fwp%2Fv2%2Fcomments&post=9463"}],"version-history":[{"count":1,"href":"https:\/\/radiorevelacionfm.cl\/index.php?rest_route=\/wp\/v2\/posts\/9463\/revisions"}],"predecessor-version":[{"id":9465,"href":"https:\/\/radiorevelacionfm.cl\/index.php?rest_route=\/wp\/v2\/posts\/9463\/revisions\/9465"}],"wp:featuredmedia":[{"embeddable":true,"href":"https:\/\/radiorevelacionfm.cl\/index.php?rest_route=\/wp\/v2\/media\/9464"}],"wp:attachment":[{"href":"https:\/\/radiorevelacionfm.cl\/index.php?rest_route=%2Fwp%2Fv2%2Fmedia&parent=9463"}],"wp:term":[{"taxonomy":"category","embeddable":true,"href":"https:\/\/radiorevelacionfm.cl\/index.php?rest_route=%2Fwp%2Fv2%2Fcategories&post=9463"},{"taxonomy":"post_tag","embeddable":true,"href":"https:\/\/radiorevelacionfm.cl\/index.php?rest_route=%2Fwp%2Fv2%2Ftags&post=9463"}],"curies":[{"name":"wp","href":"https:\/\/api.w.org\/{rel}","templated":true}]}}