{"id":9460,"date":"2021-10-07T19:38:13","date_gmt":"2021-10-07T22:38:13","guid":{"rendered":"https:\/\/radiorevelacionfm.cl\/?p=9460"},"modified":"2021-10-07T19:38:13","modified_gmt":"2021-10-07T22:38:13","slug":"adulto-mayor-de-cisnes-es-beneficiario-de-una-de-las-viviendas-sociales-mas-grande-construida-en-la-region","status":"publish","type":"post","link":"https:\/\/radiorevelacionfm.cl\/?p=9460","title":{"rendered":"Adulto mayor de Cisnes es beneficiario de una de las viviendas sociales m\u00e1s grande construida en la regi\u00f3n"},"content":{"rendered":"<div class=\"flex_column av_one_full  flex_column_div av-zero-column-padding first  avia-builder-el-0  el_before_av_one_full  avia-builder-el-first  \" style='border-radius:0px; '><div  class='avia-image-container  av-styling-    avia-builder-el-1  avia-builder-el-no-sibling  avia-align-center '  itemprop=\"image\" itemscope=\"itemscope\" itemtype=\"https:\/\/schema.org\/ImageObject\"  ><div class='avia-image-container-inner'><div class='avia-image-overlay-wrap'><img decoding=\"async\" class='wp-image-9461 avia-img-lazy-loading-not-9461 avia_image' src=\"https:\/\/radiorevelacionfm.cl\/wp-content\/uploads\/2021\/10\/vivienda-cisnes-0-1-1.jpg\" alt='' title='vivienda cisnes 0 (1) (1)' height=\"600\" width=\"830\"  itemprop=\"thumbnailUrl\" srcset=\"https:\/\/radiorevelacionfm.cl\/wp-content\/uploads\/2021\/10\/vivienda-cisnes-0-1-1.jpg 830w, https:\/\/radiorevelacionfm.cl\/wp-content\/uploads\/2021\/10\/vivienda-cisnes-0-1-1-300x217.jpg 300w, https:\/\/radiorevelacionfm.cl\/wp-content\/uploads\/2021\/10\/vivienda-cisnes-0-1-1-768x555.jpg 768w, https:\/\/radiorevelacionfm.cl\/wp-content\/uploads\/2021\/10\/vivienda-cisnes-0-1-1-705x510.jpg 705w, https:\/\/radiorevelacionfm.cl\/wp-content\/uploads\/2021\/10\/vivienda-cisnes-0-1-1-600x434.jpg 600w\" sizes=\"(max-width: 830px) 100vw, 830px\" \/><\/div><\/div><\/div><\/div><div class=\"flex_column av_one_full  flex_column_div av-zero-column-padding first  avia-builder-el-2  el_after_av_one_full  el_before_av_one_full  column-top-margin\" style='border-radius:0px; '><section class=\"av_textblock_section \"  itemscope=\"itemscope\" itemtype=\"https:\/\/schema.org\/BlogPosting\" itemprop=\"blogPost\" ><div class='avia_textblock  '   itemprop=\"text\" ><p style=\"text-align: center;\"><strong><span style=\"font-size: 18pt;\">Adulto mayor de Cisnes es beneficiario de una de las viviendas sociales m\u00e1s grande construida en la regi\u00f3n<\/span><\/strong><\/p>\n<div id=\"gtx-trans\" style=\"position: absolute; left: -50px; top: 4.31534px;\">\n<div class=\"gtx-trans-icon\"><\/div>\n<\/div>\n<\/div><\/section><\/div><div class=\"flex_column av_one_full  flex_column_div av-zero-column-padding first  avia-builder-el-4  el_after_av_one_full  el_before_av_hr  column-top-margin\" style='border-radius:0px; '><section class=\"av_textblock_section \"  itemscope=\"itemscope\" itemtype=\"https:\/\/schema.org\/BlogPosting\" itemprop=\"blogPost\" ><div class='avia_textblock  '   itemprop=\"text\" ><p style=\"text-align: justify;\">El Alcalde de Cisnes, Francisco Roncagliolo Lepio, junto al Inspector Fiscal del Serviu, Luis Mar\u00edn, los representantes de la Oficina de Vivienda de la Direcci\u00f3n de Obras Lorena Bergen y Alejandro del Pino m\u00e1s Carlos Gonz\u00e1lez m\u00e1s representante de la empresa Constructora se reunieron con Don Luis Villarroel, para hacer entrega de las llaves de su esperada y tan anhelada vivienda, la cual se destaca por ser unas de las viviendas m\u00e1s grandes entregada en la regi\u00f3n de Ays\u00e9n.<\/p>\n<p style=\"text-align: justify;\">El proyecto se armoniza en su contexto a trav\u00e9s de la arquitectura propia de la regi\u00f3n de Ays\u00e9n, reflej\u00e1ndose en su forma volum\u00e9trica y materiales modernos, pero conservando la imagen t\u00edpica y original de la arquitectura local a trav\u00e9s de las tejuelas. Respecto a la eficiencia energ\u00e9tica se reducir\u00e1 el uso de calefacci\u00f3n a trav\u00e9s de un acondicionamiento t\u00e9rmico y hermeticidad de la vivienda de alto est\u00e1ndar.<\/p>\n<p style=\"text-align: justify;\">Esta importante e interesante iniciativa que va en directo beneficio de una persona mayor, fue destacada por el Alcalde de la comuna de Cisnes, Francisco Roncagliolo.<\/p>\n<p style=\"text-align: justify;\">\u201cComo Municipalidad estamos muy contentos de este beneficio que ha recibido don Luis Villarroel de Puerto Cisnes, una de las tantas personas con las que hemos estado trabajando dentro de la comuna para que se le pueda construir una casa nueva. Esta vivienda tiene una caracter\u00edstica especial, es la m\u00e1s grande en subsidios que se ha hecho dentro de la regi\u00f3n de Ays\u00e9n y en eso nosotros agradecemos el trabajo mancomunado, la coordinaci\u00f3n importante que hemos llevado adelante con el Ministerio de Vivienda y Urbanismo, trav\u00e9s de la Serem\u00eda y el Serviu. La idea es seguir trabajando en coordinaci\u00f3n con nuestra oficina de vivienda, en coordinaci\u00f3n con nuestra direcci\u00f3n de obras, para que nuestros vecinos que lo requieren, que lo necesitan, puedan acceder a un subsidio de casa nueva o mejoramiento de sus viviendas\u201d.<\/p>\n<p style=\"text-align: justify;\">Feliz y agradecido se mostr\u00f3 don Luis Villarroel, quien junto a su sobrina Mireya Alvarado, pusieron en valor el beneficio que le permitir\u00e1 a don Luis y su se\u00f1ora vivir en un hogar mucho m\u00e1s c\u00f3modo. \u201cEst\u00e1 muy bien y conforme, no tengo nada que decir de la casa, de la comodidad para uno que es m\u00e1s familia, todo bien\u201d, coment\u00f3 brevemente don Luis. En tanto, su sobrina Mireya, se\u00f1al\u00f3 que, \u201cyo feliz por ellos, porque pasaron todo el invierno en la otra vivienda, ya por lo menos van a estar bien, mas c\u00f3modo porque es m\u00e1s planito, no tienen que andar subiendo porque en la casa anterior era todo alto\u201d.<\/p>\n<p style=\"text-align: justify;\">La vivienda de don Luis Villarroel, corresponde al subsidio DS-10, con un total de 83.12 metros cuadrados, equivalente a 1.090 U.F. inmueble que considera 2 dormitorios, cocina, 1 ba\u00f1o, living\/comedor, con la proyecci\u00f3n de ampliaci\u00f3n de 1 dormitorio.<\/p>\n<p style=\"text-align: justify;\">Debido a la condici\u00f3n de adultos mayores y capacidades f\u00edsicas de los beneficiarios, la vivienda incorpora en su totalidad espacios para la libre circulaci\u00f3n de personas con movilidad reducida, amplificando sus dimensiones y aplicando rampa tanto en acceso principal como en salida de cocina.<\/p>\n<p style=\"text-align: justify;\">El proyecto tuvo participaci\u00f3n permanente de la Oficina de Vivienda a trav\u00e9s de la entidad de gesti\u00f3n rural de la Direcci\u00f3n de Obras de la Municipalidad de Cisnes, a trav\u00e9s de sus profesionales, asistentes sociales, Lorena Bergen y Paz Ortega, con la Inspecci\u00f3n del Arquitecto Marcos Antileo, mientras que las obras fueron ejecutadas por la constructora Carlos Gonz\u00e1lez EIRL.<\/p>\n<\/div><\/section><\/div><div  style='height:50px' class='hr hr-invisible   avia-builder-el-6  el_after_av_one_full  el_before_av_social_share '><span class='hr-inner ' ><span class='hr-inner-style'><\/span><\/span><\/div><\/p>\n<div  class='av-social-sharing-box  avia-builder-el-7  el_after_av_hr  el_before_av_hr  '><div class='av-share-box'><h5 class='av-share-link-description av-no-toc '>Compartir esta noticia<\/h5><ul class='av-share-box-list noLightbox'><li class='av-share-link av-social-link-facebook' ><a target=\"_blank\" aria-label=\"Compartir en Facebook\" href='https:\/\/www.facebook.com\/sharer.php?u=https:\/\/radiorevelacionfm.cl\/?p=9460&#038;t=Adulto%20mayor%20de%20Cisnes%20es%20beneficiario%20de%20una%20de%20las%20viviendas%20sociales%20m%C3%A1s%20grande%20construida%20en%20la%20regi%C3%B3n' aria-hidden='false' data-av_icon='\ue8f3' data-av_iconfont='entypo-fontello' title='' data-avia-related-tooltip='Compartir en Facebook' rel=\"noopener\"><span class='avia_hidden_link_text'>Compartir en Facebook<\/span><\/a><\/li><li class='av-share-link av-social-link-twitter' ><a target=\"_blank\" aria-label=\"Compartir en Twitter\" href='https:\/\/twitter.com\/share?text=Adulto%20mayor%20de%20Cisnes%20es%20beneficiario%20de%20una%20de%20las%20viviendas%20sociales%20m%C3%A1s%20grande%20construida%20en%20la%20regi%C3%B3n&#038;url=https:\/\/radiorevelacionfm.cl\/?p=9460' aria-hidden='false' data-av_icon='\ue8f1' data-av_iconfont='entypo-fontello' title='' data-avia-related-tooltip='Compartir en Twitter' rel=\"noopener\"><span class='avia_hidden_link_text'>Compartir en Twitter<\/span><\/a><\/li><li class='av-share-link av-social-link-whatsapp' ><a target=\"_blank\" aria-label=\"Compartir en Whatsapp\" href='https:\/\/api.whatsapp.com\/send?text=https:\/\/radiorevelacionfm.cl\/?p=9460' aria-hidden='false' data-av_icon='\uf232' data-av_iconfont='entypo-fontello' title='' data-avia-related-tooltip='Compartir en Whatsapp' rel=\"noopener\"><span class='avia_hidden_link_text'>Compartir en Whatsapp<\/span><\/a><\/li><li class='av-share-link av-social-link-linkedin' ><a target=\"_blank\" aria-label=\"Compartir en LinkedIn\" href='https:\/\/linkedin.com\/shareArticle?mini=true&#038;title=Adulto%20mayor%20de%20Cisnes%20es%20beneficiario%20de%20una%20de%20las%20viviendas%20sociales%20m%C3%A1s%20grande%20construida%20en%20la%20regi%C3%B3n&#038;url=https:\/\/radiorevelacionfm.cl\/?p=9460' aria-hidden='false' data-av_icon='\ue8fc' data-av_iconfont='entypo-fontello' title='' data-avia-related-tooltip='Compartir en LinkedIn' rel=\"noopener\"><span class='avia_hidden_link_text'>Compartir en LinkedIn<\/span><\/a><\/li><li class='av-share-link av-social-link-mail' ><a  aria-label=\"Compartir por correo\" href='mailto:?subject=Adulto%20mayor%20de%20Cisnes%20es%20beneficiario%20de%20una%20de%20las%20viviendas%20sociales%20m%C3%A1s%20grande%20construida%20en%20la%20regi%C3%B3n&#038;body=https:\/\/radiorevelacionfm.cl\/?p=9460' aria-hidden='false' data-av_icon='\ue805' data-av_iconfont='entypo-fontello' title='' data-avia-related-tooltip='Compartir por correo'><span class='avia_hidden_link_text'>Compartir por correo<\/span><\/a><\/li><\/ul><\/div><\/div>\n<div  style='height:50px' class='hr hr-invisible   avia-builder-el-8  el_after_av_social_share  el_before_av_comments_list '><span class='hr-inner ' ><span class='hr-inner-style'><\/span><\/span><\/div>\n<div  class='av-buildercomment  av-blog-meta-html-info-disabled av-blog-meta-tag-disabled  '><\/div>\n","protected":false},"excerpt":{"rendered":"","protected":false},"author":1,"featured_media":9461,"comment_status":"open","ping_status":"open","sticky":false,"template":"","format":"standard","meta":{"footnotes":""},"categories":[38],"tags":[],"class_list":["post-9460","post","type-post","status-publish","format-standard","has-post-thumbnail","hentry","category-regional"],"jetpack_featured_media_url":"https:\/\/radiorevelacionfm.cl\/wp-content\/uploads\/2021\/10\/vivienda-cisnes-0-1-1.jpg","_links":{"self":[{"href":"https:\/\/radiorevelacionfm.cl\/index.php?rest_route=\/wp\/v2\/posts\/9460","targetHints":{"allow":["GET"]}}],"collection":[{"href":"https:\/\/radiorevelacionfm.cl\/index.php?rest_route=\/wp\/v2\/posts"}],"about":[{"href":"https:\/\/radiorevelacionfm.cl\/index.php?rest_route=\/wp\/v2\/types\/post"}],"author":[{"embeddable":true,"href":"https:\/\/radiorevelacionfm.cl\/index.php?rest_route=\/wp\/v2\/users\/1"}],"replies":[{"embeddable":true,"href":"https:\/\/radiorevelacionfm.cl\/index.php?rest_route=%2Fwp%2Fv2%2Fcomments&post=9460"}],"version-history":[{"count":1,"href":"https:\/\/radiorevelacionfm.cl\/index.php?rest_route=\/wp\/v2\/posts\/9460\/revisions"}],"predecessor-version":[{"id":9462,"href":"https:\/\/radiorevelacionfm.cl\/index.php?rest_route=\/wp\/v2\/posts\/9460\/revisions\/9462"}],"wp:featuredmedia":[{"embeddable":true,"href":"https:\/\/radiorevelacionfm.cl\/index.php?rest_route=\/wp\/v2\/media\/9461"}],"wp:attachment":[{"href":"https:\/\/radiorevelacionfm.cl\/index.php?rest_route=%2Fwp%2Fv2%2Fmedia&parent=9460"}],"wp:term":[{"taxonomy":"category","embeddable":true,"href":"https:\/\/radiorevelacionfm.cl\/index.php?rest_route=%2Fwp%2Fv2%2Fcategories&post=9460"},{"taxonomy":"post_tag","embeddable":true,"href":"https:\/\/radiorevelacionfm.cl\/index.php?rest_route=%2Fwp%2Fv2%2Ftags&post=9460"}],"curies":[{"name":"wp","href":"https:\/\/api.w.org\/{rel}","templated":true}]}}