{"id":9456,"date":"2021-10-07T18:37:10","date_gmt":"2021-10-07T21:37:10","guid":{"rendered":"https:\/\/radiorevelacionfm.cl\/?p=9456"},"modified":"2021-10-07T18:37:10","modified_gmt":"2021-10-07T21:37:10","slug":"por-ley-los-vehiculos-nuevos-que-se-comercialicen-en-chile-tendran-que-contar-con-frenos-abs","status":"publish","type":"post","link":"https:\/\/radiorevelacionfm.cl\/?p=9456","title":{"rendered":"Por Ley, los veh\u00edculos nuevos que se comercialicen en Chile tendr\u00e1n que contar con frenos ABS"},"content":{"rendered":"<div class=\"flex_column av_one_full  flex_column_div av-zero-column-padding first  avia-builder-el-0  el_before_av_one_full  avia-builder-el-first  \" style='border-radius:0px; '><div  class='avia-image-container  av-styling-    avia-builder-el-1  avia-builder-el-no-sibling  avia-align-center '  itemprop=\"image\" itemscope=\"itemscope\" itemtype=\"https:\/\/schema.org\/ImageObject\"  ><div class='avia-image-container-inner'><div class='avia-image-overlay-wrap'><img decoding=\"async\" class='wp-image-9458 avia-img-lazy-loading-not-9458 avia_image' src=\"https:\/\/radiorevelacionfm.cl\/wp-content\/uploads\/2021\/10\/dsc_4692-1_optimized.jpg\" alt='' title='dsc_4692-(1)_optimized' height=\"600\" width=\"903\"  itemprop=\"thumbnailUrl\" srcset=\"https:\/\/radiorevelacionfm.cl\/wp-content\/uploads\/2021\/10\/dsc_4692-1_optimized.jpg 903w, https:\/\/radiorevelacionfm.cl\/wp-content\/uploads\/2021\/10\/dsc_4692-1_optimized-300x199.jpg 300w, https:\/\/radiorevelacionfm.cl\/wp-content\/uploads\/2021\/10\/dsc_4692-1_optimized-768x510.jpg 768w, https:\/\/radiorevelacionfm.cl\/wp-content\/uploads\/2021\/10\/dsc_4692-1_optimized-705x468.jpg 705w, https:\/\/radiorevelacionfm.cl\/wp-content\/uploads\/2021\/10\/dsc_4692-1_optimized-600x399.jpg 600w\" sizes=\"(max-width: 903px) 100vw, 903px\" \/><\/div><\/div><\/div><\/div><div class=\"flex_column av_one_full  flex_column_div av-zero-column-padding first  avia-builder-el-2  el_after_av_one_full  el_before_av_one_full  column-top-margin\" style='border-radius:0px; '><section class=\"av_textblock_section \"  itemscope=\"itemscope\" itemtype=\"https:\/\/schema.org\/BlogPosting\" itemprop=\"blogPost\" ><div class='avia_textblock  '   itemprop=\"text\" ><p style=\"text-align: center;\"><strong><span style=\"font-size: 18pt;\">Por Ley, los veh\u00edculos nuevos que se comercialicen en Chile tendr\u00e1n que contar con frenos ABS<\/span><\/strong><\/p>\n<div id=\"gtx-trans\" style=\"position: absolute; left: -50px; top: 4.31534px;\">\n<div class=\"gtx-trans-icon\"><\/div>\n<\/div>\n<\/div><\/section><\/div><div class=\"flex_column av_one_full  flex_column_div av-zero-column-padding first  avia-builder-el-4  el_after_av_one_full  el_before_av_hr  column-top-margin\" style='border-radius:0px; '><section class=\"av_textblock_section \"  itemscope=\"itemscope\" itemtype=\"https:\/\/schema.org\/BlogPosting\" itemprop=\"blogPost\" ><div class='avia_textblock  '   itemprop=\"text\" ><p style=\"text-align: justify;\">Con el prop\u00f3sito de elevar los est\u00e1ndares de seguridad vial del parque automotriz nacional, el seremiTT Fabi\u00e1n Rojas anunci\u00f3 la entrada en vigencia de la norma que obliga a todos los veh\u00edculos nuevos que se comercialicen a partir del pr\u00f3ximo 3 de octubre a contar con el sistema de antibloqueo de frenos, ABS.<\/p>\n<p style=\"text-align: justify;\">Esta norma se aplicar\u00e1 a los veh\u00edculos livianos de pasajeros de hasta 2.700 kilogramos que soliciten su primera inscripci\u00f3n en el Registro de Veh\u00edculos Motorizados.\u00a0El sistema de antibloqueo de frenos (ABS), consiste en que bajo ciertas situaciones de frenado, se evita que los neum\u00e1ticos se bloqueen, lo que permite al conductor controlar de mejor forma el veh\u00edculo.<\/p>\n<p style=\"text-align: justify;\">Al respecto el seremiTT Fabi\u00e1n Rojas explic\u00f3 que \u201cantiguamente estos elementos eran considerados como de lujo, inclusive se aplicaba un impuesto a estos elementos. Pero estos son necesarios para la seguridad de quienes manejan los veh\u00edculos y tambi\u00e9n para la seguridad de los pasajeros. El ABS es un sistema de asistencia al frenado en que bajo ciertas condiciones, como la lluvia o la nieve que se da en nuestra regi\u00f3n, tenga una mayor estabilidad y eficacia. El ABS disminuye en un 12 por ciento las probabilidades de un accidente\u201d.<\/p>\n<p style=\"text-align: justify;\">Adicionalmente, y tambi\u00e9n a partir del 3 de octubre entrar\u00e1 en vigencia la obligatoriedad para los nuevos modelos que se homologuen en Chile de contar con el Programa Electr\u00f3nico de Estabilidad (ESP). Este mecanismo mejora la estabilidad direccional del veh\u00edculo a trav\u00e9s de un control autom\u00e1tico del frenado de las ruedas en cada eje. \u201cEso permite que en el caso de que una persona que conduce pierda tracci\u00f3n o adherencia, se evita el descarrilamiento del veh\u00edculo y contribuye con el ABS. Estas medidas son un compromiso y una respuesta del Ministerio de Transportes y Telecomunicaciones para la seguridad vial\u201d, detall\u00f3 Rojas.<\/p>\n<p style=\"text-align: justify;\">La autoridad sectorial manifest\u00f3 que si bien estas medidas contribuir\u00e1n a reducir las cifras de accidentabilidad,\u00a0 las tecnolog\u00edas por s\u00ed solas no son suficientes para prevenir v\u00edctimas en las calles. Para lograr este objetivo, es fundamental que los usuarios de las v\u00edas act\u00faen con prudencia y que se respete las reglas del tr\u00e1nsito para evitar siniestros viales.<\/p>\n<\/div><\/section><\/div><div  style='height:50px' class='hr hr-invisible   avia-builder-el-6  el_after_av_one_full  el_before_av_social_share '><span class='hr-inner ' ><span class='hr-inner-style'><\/span><\/span><\/div><\/p>\n<div  class='av-social-sharing-box  avia-builder-el-7  el_after_av_hr  el_before_av_hr  '><div class='av-share-box'><h5 class='av-share-link-description av-no-toc '>Compartir esta noticia<\/h5><ul class='av-share-box-list noLightbox'><li class='av-share-link av-social-link-facebook' ><a target=\"_blank\" aria-label=\"Compartir en Facebook\" href='https:\/\/www.facebook.com\/sharer.php?u=https:\/\/radiorevelacionfm.cl\/?p=9456&#038;t=Por%20Ley%2C%20los%20veh%C3%ADculos%20nuevos%20que%20se%20comercialicen%20en%20Chile%20tendr%C3%A1n%20que%20contar%20con%20frenos%20ABS' aria-hidden='false' data-av_icon='\ue8f3' data-av_iconfont='entypo-fontello' title='' data-avia-related-tooltip='Compartir en Facebook' rel=\"noopener\"><span class='avia_hidden_link_text'>Compartir en Facebook<\/span><\/a><\/li><li class='av-share-link av-social-link-twitter' ><a target=\"_blank\" aria-label=\"Compartir en Twitter\" href='https:\/\/twitter.com\/share?text=Por%20Ley%2C%20los%20veh%C3%ADculos%20nuevos%20que%20se%20comercialicen%20en%20Chile%20tendr%C3%A1n%20que%20contar%20con%20frenos%20ABS&#038;url=https:\/\/radiorevelacionfm.cl\/?p=9456' aria-hidden='false' data-av_icon='\ue8f1' data-av_iconfont='entypo-fontello' title='' data-avia-related-tooltip='Compartir en Twitter' rel=\"noopener\"><span class='avia_hidden_link_text'>Compartir en Twitter<\/span><\/a><\/li><li class='av-share-link av-social-link-whatsapp' ><a target=\"_blank\" aria-label=\"Compartir en Whatsapp\" href='https:\/\/api.whatsapp.com\/send?text=https:\/\/radiorevelacionfm.cl\/?p=9456' aria-hidden='false' data-av_icon='\uf232' data-av_iconfont='entypo-fontello' title='' data-avia-related-tooltip='Compartir en Whatsapp' rel=\"noopener\"><span class='avia_hidden_link_text'>Compartir en Whatsapp<\/span><\/a><\/li><li class='av-share-link av-social-link-linkedin' ><a target=\"_blank\" aria-label=\"Compartir en LinkedIn\" href='https:\/\/linkedin.com\/shareArticle?mini=true&#038;title=Por%20Ley%2C%20los%20veh%C3%ADculos%20nuevos%20que%20se%20comercialicen%20en%20Chile%20tendr%C3%A1n%20que%20contar%20con%20frenos%20ABS&#038;url=https:\/\/radiorevelacionfm.cl\/?p=9456' aria-hidden='false' data-av_icon='\ue8fc' data-av_iconfont='entypo-fontello' title='' data-avia-related-tooltip='Compartir en LinkedIn' rel=\"noopener\"><span class='avia_hidden_link_text'>Compartir en LinkedIn<\/span><\/a><\/li><li class='av-share-link av-social-link-mail' ><a  aria-label=\"Compartir por correo\" href='mailto:?subject=Por%20Ley%2C%20los%20veh%C3%ADculos%20nuevos%20que%20se%20comercialicen%20en%20Chile%20tendr%C3%A1n%20que%20contar%20con%20frenos%20ABS&#038;body=https:\/\/radiorevelacionfm.cl\/?p=9456' aria-hidden='false' data-av_icon='\ue805' data-av_iconfont='entypo-fontello' title='' data-avia-related-tooltip='Compartir por correo'><span class='avia_hidden_link_text'>Compartir por correo<\/span><\/a><\/li><\/ul><\/div><\/div>\n<div  style='height:50px' class='hr hr-invisible   avia-builder-el-8  el_after_av_social_share  el_before_av_comments_list '><span class='hr-inner ' ><span class='hr-inner-style'><\/span><\/span><\/div>\n<div  class='av-buildercomment  av-blog-meta-html-info-disabled av-blog-meta-tag-disabled  '><\/div>\n","protected":false},"excerpt":{"rendered":"","protected":false},"author":1,"featured_media":9458,"comment_status":"open","ping_status":"open","sticky":false,"template":"","format":"standard","meta":{"footnotes":""},"categories":[59],"tags":[],"class_list":["post-9456","post","type-post","status-publish","format-standard","has-post-thumbnail","hentry","category-transporte"],"jetpack_featured_media_url":"https:\/\/radiorevelacionfm.cl\/wp-content\/uploads\/2021\/10\/dsc_4692-1_optimized.jpg","_links":{"self":[{"href":"https:\/\/radiorevelacionfm.cl\/index.php?rest_route=\/wp\/v2\/posts\/9456","targetHints":{"allow":["GET"]}}],"collection":[{"href":"https:\/\/radiorevelacionfm.cl\/index.php?rest_route=\/wp\/v2\/posts"}],"about":[{"href":"https:\/\/radiorevelacionfm.cl\/index.php?rest_route=\/wp\/v2\/types\/post"}],"author":[{"embeddable":true,"href":"https:\/\/radiorevelacionfm.cl\/index.php?rest_route=\/wp\/v2\/users\/1"}],"replies":[{"embeddable":true,"href":"https:\/\/radiorevelacionfm.cl\/index.php?rest_route=%2Fwp%2Fv2%2Fcomments&post=9456"}],"version-history":[{"count":1,"href":"https:\/\/radiorevelacionfm.cl\/index.php?rest_route=\/wp\/v2\/posts\/9456\/revisions"}],"predecessor-version":[{"id":9459,"href":"https:\/\/radiorevelacionfm.cl\/index.php?rest_route=\/wp\/v2\/posts\/9456\/revisions\/9459"}],"wp:featuredmedia":[{"embeddable":true,"href":"https:\/\/radiorevelacionfm.cl\/index.php?rest_route=\/wp\/v2\/media\/9458"}],"wp:attachment":[{"href":"https:\/\/radiorevelacionfm.cl\/index.php?rest_route=%2Fwp%2Fv2%2Fmedia&parent=9456"}],"wp:term":[{"taxonomy":"category","embeddable":true,"href":"https:\/\/radiorevelacionfm.cl\/index.php?rest_route=%2Fwp%2Fv2%2Fcategories&post=9456"},{"taxonomy":"post_tag","embeddable":true,"href":"https:\/\/radiorevelacionfm.cl\/index.php?rest_route=%2Fwp%2Fv2%2Ftags&post=9456"}],"curies":[{"name":"wp","href":"https:\/\/api.w.org\/{rel}","templated":true}]}}