{"id":9453,"date":"2021-10-07T17:43:27","date_gmt":"2021-10-07T20:43:27","guid":{"rendered":"https:\/\/radiorevelacionfm.cl\/?p=9453"},"modified":"2021-10-07T17:43:27","modified_gmt":"2021-10-07T20:43:27","slug":"seremi-compromete-acortar-plazos-para-que-integrantes-de-comite-de-villa-amengual-cuenten-con-casa-propia","status":"publish","type":"post","link":"https:\/\/radiorevelacionfm.cl\/?p=9453","title":{"rendered":"Seremi compromete acortar plazos para que integrantes de comit\u00e9 de Villa Amengual cuenten con casa propia"},"content":{"rendered":"<div class=\"flex_column av_one_full  flex_column_div av-zero-column-padding first  avia-builder-el-0  el_before_av_one_full  avia-builder-el-first  \" style='border-radius:0px; '><div  class='avia-image-container  av-styling-    avia-builder-el-1  avia-builder-el-no-sibling  avia-align-center '  itemprop=\"image\" itemscope=\"itemscope\" itemtype=\"https:\/\/schema.org\/ImageObject\"  ><div class='avia-image-container-inner'><div class='avia-image-overlay-wrap'><img decoding=\"async\" class='wp-image-9454 avia-img-lazy-loading-not-9454 avia_image' src=\"https:\/\/radiorevelacionfm.cl\/wp-content\/uploads\/2021\/10\/COMITE-LA-ILUSION-1-1.jpg\" alt='' title='COMITE LA ILUSION (1) (1)' height=\"600\" width=\"1333\"  itemprop=\"thumbnailUrl\" srcset=\"https:\/\/radiorevelacionfm.cl\/wp-content\/uploads\/2021\/10\/COMITE-LA-ILUSION-1-1.jpg 1333w, https:\/\/radiorevelacionfm.cl\/wp-content\/uploads\/2021\/10\/COMITE-LA-ILUSION-1-1-300x135.jpg 300w, https:\/\/radiorevelacionfm.cl\/wp-content\/uploads\/2021\/10\/COMITE-LA-ILUSION-1-1-1030x464.jpg 1030w, https:\/\/radiorevelacionfm.cl\/wp-content\/uploads\/2021\/10\/COMITE-LA-ILUSION-1-1-768x346.jpg 768w, https:\/\/radiorevelacionfm.cl\/wp-content\/uploads\/2021\/10\/COMITE-LA-ILUSION-1-1-705x317.jpg 705w, https:\/\/radiorevelacionfm.cl\/wp-content\/uploads\/2021\/10\/COMITE-LA-ILUSION-1-1-600x270.jpg 600w\" sizes=\"(max-width: 1333px) 100vw, 1333px\" \/><\/div><\/div><\/div><\/div><div class=\"flex_column av_one_full  flex_column_div av-zero-column-padding first  avia-builder-el-2  el_after_av_one_full  el_before_av_one_full  column-top-margin\" style='border-radius:0px; '><section class=\"av_textblock_section \"  itemscope=\"itemscope\" itemtype=\"https:\/\/schema.org\/BlogPosting\" itemprop=\"blogPost\" ><div class='avia_textblock  '   itemprop=\"text\" ><p style=\"text-align: center;\"><strong><span style=\"font-size: 18pt;\">Seremi compromete acortar plazos para que integrantes de comit\u00e9 de Villa Amengual cuenten con casa propia<\/span><\/strong><\/p>\n<div id=\"gtx-trans\" style=\"position: absolute; left: -50px; top: 4.31534px;\">\n<div class=\"gtx-trans-icon\"><\/div>\n<\/div>\n<\/div><\/section><\/div><div class=\"flex_column av_one_full  flex_column_div av-zero-column-padding first  avia-builder-el-4  el_after_av_one_full  el_before_av_hr  column-top-margin\" style='border-radius:0px; '><section class=\"av_textblock_section \"  itemscope=\"itemscope\" itemtype=\"https:\/\/schema.org\/BlogPosting\" itemprop=\"blogPost\" ><div class='avia_textblock  '   itemprop=\"text\" ><p style=\"text-align: justify;\">Hasta las oficinas del Ministerio de Vivienda y Urbanismo en Coyhaique, se trasladaron recientemente algunas integrantes de la directiva del comit\u00e9 \u201cla Ilusi\u00f3n\u201d de Villa Amengual, Ida Bulher y Jessica Opazo, quienes se reunieron con el Seremi, Diego Silva. En el encuentro abordaron materias relacionadas al proyecto habitacional, los avances y el importante apoyo de la entidad patrocinante de la Municipalidad de Lago Verde.<\/p>\n<p style=\"text-align: justify;\">La autoridad sectorial, destac\u00f3 el desarrollo de esta reuni\u00f3n, quien afirm\u00f3 que entre los compromisos establecidos con las dirigentas est\u00e1 un encuentro en la localidad y acortar los plazos para concretar el sue\u00f1o de la casa propia.<\/p>\n<p style=\"text-align: justify;\">\u201cUna muy buena reuni\u00f3n con la presidenta, la directora y la directiva del comit\u00e9 donde abordamos varios temas, primero ver la opci\u00f3n de poder estar all\u00e1 con todos los integrantes, con alg\u00fan documento que asocie el terreno con el comit\u00e9 la Ilusi\u00f3n. En segundo lugar ver el estado en que se encuentran hoy los proyectos por parte de la entidad patrocinante, hemos coordinado harto trabajo con ellos y obviamente acortar los plazos para que el comit\u00e9 la Ilusi\u00f3n pueda concretar el sue\u00f1o de la casa propia lo antes posible\u201d.<\/p>\n<p style=\"text-align: justify;\">En tanto, la presidenta del comit\u00e9 de vivienda \u201cla Ilusi\u00f3n\u201d de Villa Amengual, Ida Bulher, se\u00f1al\u00f3 que al concluir la reuni\u00f3n se van contentas y con esperanzas que las buenas noticias anunciadas por el Seremi, se puedan concretar a la brevedad.<\/p>\n<p style=\"text-align: justify;\">\u201cTuvimos una reuni\u00f3n muy importante con el Seremi de Vivienda y Urbanismo, don Diego Silva, se comprometi\u00f3 firmemente con nosotros como comit\u00e9 de vivienda la Ilusi\u00f3n. As\u00ed es que, volvimos muy contentas de darles esta noticia a todos los integrantes de nuestro comit\u00e9, porque pronto tendremos una soluci\u00f3n concreta. Tambi\u00e9n agradecer a la Ilustre Municipalidad de Lago Verde, desde donde nos est\u00e1n apoyando con mucha fuerza\u201d.<\/p>\n<p style=\"text-align: justify;\">El acompa\u00f1amiento a los vecinos y vecinas a trav\u00e9s de la Entidad Patrocinante Municipal de Lago Verde, permite asesorar a las familias que buscan lograr el sue\u00f1o de la casa propia. De esta forma se ha ejecutado una labor importante en la cabecera comunal, lo mismo en Tapera. Lo importante enfatiz\u00f3 el Alcalde Nelson Opazo, es acortar los tiempos y avanzan con mayor celeridad en los proyectos habitacionales.<\/p>\n<p style=\"text-align: justify;\">\u201cClaramente no es lo suficientemente r\u00e1pido como quisi\u00e9ramos, en otros sectores, como es el caso de Amengual, el caso de los comit\u00e9s y es por eso que hemos incorporado mecanismos distintos de operaci\u00f3n. Dentro de ello, recursos que est\u00e1n siendo hoy en d\u00eda ejecutados a nivel comunal, para efectos de poder avanzar con los proyectos de vivienda. Adicionando a ello, hoy en d\u00eda una gesti\u00f3n con la Fundaci\u00f3n 99 y con el Ministerio de Vivienda para la postulaci\u00f3n de lo que es el programa de localidades aisladas, con un programa especial para la comuna de Lago Verde que pueda hacer que vaya m\u00e1s r\u00e1pido que otras comunas a nivel de regi\u00f3n. En este \u00e1mbito, dado el tiempo que ha pasado, en que no hemos podido justamente satisfacer una necesidad tan importante como es el tema de vivienda en algunos casos en particular, que se hace m\u00e1s latente en comit\u00e9s como el de Villa Amengual\u201d, puntualiz\u00f3 el jefe comunal.<\/p>\n<\/div><\/section><\/div><div  style='height:50px' class='hr hr-invisible   avia-builder-el-6  el_after_av_one_full  el_before_av_social_share '><span class='hr-inner ' ><span class='hr-inner-style'><\/span><\/span><\/div><\/p>\n<div  class='av-social-sharing-box  avia-builder-el-7  el_after_av_hr  el_before_av_hr  '><div class='av-share-box'><h5 class='av-share-link-description av-no-toc '>Compartir esta noticia<\/h5><ul class='av-share-box-list noLightbox'><li class='av-share-link av-social-link-facebook' ><a target=\"_blank\" aria-label=\"Compartir en Facebook\" href='https:\/\/www.facebook.com\/sharer.php?u=https:\/\/radiorevelacionfm.cl\/?p=9453&#038;t=Seremi%20compromete%20acortar%20plazos%20para%20que%20integrantes%20de%20comit%C3%A9%20de%20Villa%20Amengual%20cuenten%20con%20casa%20propia' aria-hidden='false' data-av_icon='\ue8f3' data-av_iconfont='entypo-fontello' title='' data-avia-related-tooltip='Compartir en Facebook' rel=\"noopener\"><span class='avia_hidden_link_text'>Compartir en Facebook<\/span><\/a><\/li><li class='av-share-link av-social-link-twitter' ><a target=\"_blank\" aria-label=\"Compartir en Twitter\" href='https:\/\/twitter.com\/share?text=Seremi%20compromete%20acortar%20plazos%20para%20que%20integrantes%20de%20comit%C3%A9%20de%20Villa%20Amengual%20cuenten%20con%20casa%20propia&#038;url=https:\/\/radiorevelacionfm.cl\/?p=9453' aria-hidden='false' data-av_icon='\ue8f1' data-av_iconfont='entypo-fontello' title='' data-avia-related-tooltip='Compartir en Twitter' rel=\"noopener\"><span class='avia_hidden_link_text'>Compartir en Twitter<\/span><\/a><\/li><li class='av-share-link av-social-link-whatsapp' ><a target=\"_blank\" aria-label=\"Compartir en Whatsapp\" href='https:\/\/api.whatsapp.com\/send?text=https:\/\/radiorevelacionfm.cl\/?p=9453' aria-hidden='false' data-av_icon='\uf232' data-av_iconfont='entypo-fontello' title='' data-avia-related-tooltip='Compartir en Whatsapp' rel=\"noopener\"><span class='avia_hidden_link_text'>Compartir en Whatsapp<\/span><\/a><\/li><li class='av-share-link av-social-link-linkedin' ><a target=\"_blank\" aria-label=\"Compartir en LinkedIn\" href='https:\/\/linkedin.com\/shareArticle?mini=true&#038;title=Seremi%20compromete%20acortar%20plazos%20para%20que%20integrantes%20de%20comit%C3%A9%20de%20Villa%20Amengual%20cuenten%20con%20casa%20propia&#038;url=https:\/\/radiorevelacionfm.cl\/?p=9453' aria-hidden='false' data-av_icon='\ue8fc' data-av_iconfont='entypo-fontello' title='' data-avia-related-tooltip='Compartir en LinkedIn' rel=\"noopener\"><span class='avia_hidden_link_text'>Compartir en LinkedIn<\/span><\/a><\/li><li class='av-share-link av-social-link-mail' ><a  aria-label=\"Compartir por correo\" href='mailto:?subject=Seremi%20compromete%20acortar%20plazos%20para%20que%20integrantes%20de%20comit%C3%A9%20de%20Villa%20Amengual%20cuenten%20con%20casa%20propia&#038;body=https:\/\/radiorevelacionfm.cl\/?p=9453' aria-hidden='false' data-av_icon='\ue805' data-av_iconfont='entypo-fontello' title='' data-avia-related-tooltip='Compartir por correo'><span class='avia_hidden_link_text'>Compartir por correo<\/span><\/a><\/li><\/ul><\/div><\/div>\n<div  style='height:50px' class='hr hr-invisible   avia-builder-el-8  el_after_av_social_share  el_before_av_comments_list '><span class='hr-inner ' ><span class='hr-inner-style'><\/span><\/span><\/div>\n<div  class='av-buildercomment  av-blog-meta-html-info-disabled av-blog-meta-tag-disabled  '><\/div>\n","protected":false},"excerpt":{"rendered":"","protected":false},"author":1,"featured_media":9454,"comment_status":"open","ping_status":"open","sticky":false,"template":"","format":"standard","meta":{"footnotes":""},"categories":[57],"tags":[],"class_list":["post-9453","post","type-post","status-publish","format-standard","has-post-thumbnail","hentry","category-vivienda"],"jetpack_featured_media_url":"https:\/\/radiorevelacionfm.cl\/wp-content\/uploads\/2021\/10\/COMITE-LA-ILUSION-1-1.jpg","_links":{"self":[{"href":"https:\/\/radiorevelacionfm.cl\/index.php?rest_route=\/wp\/v2\/posts\/9453","targetHints":{"allow":["GET"]}}],"collection":[{"href":"https:\/\/radiorevelacionfm.cl\/index.php?rest_route=\/wp\/v2\/posts"}],"about":[{"href":"https:\/\/radiorevelacionfm.cl\/index.php?rest_route=\/wp\/v2\/types\/post"}],"author":[{"embeddable":true,"href":"https:\/\/radiorevelacionfm.cl\/index.php?rest_route=\/wp\/v2\/users\/1"}],"replies":[{"embeddable":true,"href":"https:\/\/radiorevelacionfm.cl\/index.php?rest_route=%2Fwp%2Fv2%2Fcomments&post=9453"}],"version-history":[{"count":1,"href":"https:\/\/radiorevelacionfm.cl\/index.php?rest_route=\/wp\/v2\/posts\/9453\/revisions"}],"predecessor-version":[{"id":9455,"href":"https:\/\/radiorevelacionfm.cl\/index.php?rest_route=\/wp\/v2\/posts\/9453\/revisions\/9455"}],"wp:featuredmedia":[{"embeddable":true,"href":"https:\/\/radiorevelacionfm.cl\/index.php?rest_route=\/wp\/v2\/media\/9454"}],"wp:attachment":[{"href":"https:\/\/radiorevelacionfm.cl\/index.php?rest_route=%2Fwp%2Fv2%2Fmedia&parent=9453"}],"wp:term":[{"taxonomy":"category","embeddable":true,"href":"https:\/\/radiorevelacionfm.cl\/index.php?rest_route=%2Fwp%2Fv2%2Fcategories&post=9453"},{"taxonomy":"post_tag","embeddable":true,"href":"https:\/\/radiorevelacionfm.cl\/index.php?rest_route=%2Fwp%2Fv2%2Ftags&post=9453"}],"curies":[{"name":"wp","href":"https:\/\/api.w.org\/{rel}","templated":true}]}}