{"id":9449,"date":"2021-10-08T10:30:01","date_gmt":"2021-10-08T13:30:01","guid":{"rendered":"https:\/\/radiorevelacionfm.cl\/?p=9449"},"modified":"2021-10-08T10:30:01","modified_gmt":"2021-10-08T13:30:01","slug":"inauguran-primera-pista-de-ciclismo-en-coyhaique-con-participacion-de-ministro-felipe-ward","status":"publish","type":"post","link":"https:\/\/radiorevelacionfm.cl\/?p=9449","title":{"rendered":"Inauguran primera pista de ciclismo en Coyhaique con participaci\u00f3n de Ministro Felipe Ward"},"content":{"rendered":"<div class=\"flex_column av_one_full  flex_column_div av-zero-column-padding first  avia-builder-el-0  el_before_av_one_full  avia-builder-el-first  \" style='border-radius:0px; '><div  class='avia-image-container  av-styling-    avia-builder-el-1  avia-builder-el-no-sibling  avia-align-center '  itemprop=\"image\" itemscope=\"itemscope\" itemtype=\"https:\/\/schema.org\/ImageObject\"  ><div class='avia-image-container-inner'><div class='avia-image-overlay-wrap'><img decoding=\"async\" class='wp-image-9450 avia-img-lazy-loading-not-9450 avia_image' src=\"https:\/\/radiorevelacionfm.cl\/wp-content\/uploads\/2021\/10\/image007-2-1-1.jpg\" alt='' title='image007 (2) (1) (1)' height=\"600\" width=\"1066\"  itemprop=\"thumbnailUrl\" srcset=\"https:\/\/radiorevelacionfm.cl\/wp-content\/uploads\/2021\/10\/image007-2-1-1.jpg 1066w, https:\/\/radiorevelacionfm.cl\/wp-content\/uploads\/2021\/10\/image007-2-1-1-300x169.jpg 300w, https:\/\/radiorevelacionfm.cl\/wp-content\/uploads\/2021\/10\/image007-2-1-1-1030x580.jpg 1030w, https:\/\/radiorevelacionfm.cl\/wp-content\/uploads\/2021\/10\/image007-2-1-1-768x432.jpg 768w, https:\/\/radiorevelacionfm.cl\/wp-content\/uploads\/2021\/10\/image007-2-1-1-705x397.jpg 705w, https:\/\/radiorevelacionfm.cl\/wp-content\/uploads\/2021\/10\/image007-2-1-1-600x338.jpg 600w\" sizes=\"(max-width: 1066px) 100vw, 1066px\" \/><\/div><\/div><\/div><\/div><div class=\"flex_column av_one_full  flex_column_div av-zero-column-padding first  avia-builder-el-2  el_after_av_one_full  el_before_av_one_full  column-top-margin\" style='border-radius:0px; '><section class=\"av_textblock_section \"  itemscope=\"itemscope\" itemtype=\"https:\/\/schema.org\/BlogPosting\" itemprop=\"blogPost\" ><div class='avia_textblock  '   itemprop=\"text\" ><p style=\"text-align: center;\"><strong><span style=\"font-size: 18pt;\">Inauguran primera pista de ciclismo en Coyhaique con participaci\u00f3n de Ministro Felipe Ward <\/span><\/strong><\/p>\n<div id=\"gtx-trans\" style=\"position: absolute; left: -50px; top: 4.31534px;\">\n<div class=\"gtx-trans-icon\"><\/div>\n<\/div>\n<\/div><\/section><\/div><div class=\"flex_column av_one_full  flex_column_div av-zero-column-padding first  avia-builder-el-4  el_after_av_one_full  el_before_av_hr  column-top-margin\" style='border-radius:0px; '><section class=\"av_textblock_section \"  itemscope=\"itemscope\" itemtype=\"https:\/\/schema.org\/BlogPosting\" itemprop=\"blogPost\" ><div class='avia_textblock  '   itemprop=\"text\" ><p style=\"font-weight: 400; text-align: justify;\">El Ministro de Vivienda y Urbanismo,\u00a0Felipe Ward, junto a la Delegada Presidencial,\u00a0Margarita Ossa, al alcalde de Coyhaique,\u00a0Carlos Gatica, al Seremi de Vivienda y Urbanismo,\u00a0Diego Silva, y al director de Serviu,\u00a0Nelson Quinteros, acompa\u00f1ados por\u00a0Jos\u00e9 Luis \u201cPipo\u201d Rodriguez, destacado deportista de la regi\u00f3n de Ays\u00e9n,\u00a0inauguraron el primer Ante Vel\u00f3dromo en Coyhaique. Se trata de una pista de entrenamiento de ciclismo de 1.800 metros cuadrados con una inversi\u00f3n de m\u00e1s de 300 millones de pesos.<\/p>\n<p style=\"font-weight: 400; text-align: justify;\">Sobre esto, el\u00a0Titular de la cartera de Vivienda y Urbanismo\u00a0asegur\u00f3 que, \u201cel recuperar un espacio p\u00fablico para la ciudadan\u00eda, estos 1.800 metros cuadrados, este ante vel\u00f3dromo de 125 metros lineales, convers\u00e1bamos con nuestro destacado deportista y es una alegr\u00eda poder escucharlo a \u00e9l que este es un\u00a0espacio de calidad. Me impresiona mucho el entorno, yo creo que a ustedes est\u00e1n acostumbrados a la maravilla que hay en la regi\u00f3n y en la ciudad, pero uno queda verdaderamente impresionado. Estoy muy contento, creo que la recuperaci\u00f3n de espacios p\u00fablicos para la ciudadan\u00eda nos ense\u00f1a de\u00a0integraci\u00f3n social, los espacios son de todos, cuid\u00e9moslos, que no se rayen, que no se ensucien, que finalmente est\u00e9 tambi\u00e9n cuidado por parte de la ciudadan\u00eda\u201d.<\/p>\n<p style=\"font-weight: 400; text-align: justify;\">Adem\u00e1s, agreg\u00f3 que \u201cEste ante vel\u00f3dromo\u00a0marca un antes y un despu\u00e9s\u00a0y una ruta de lo que tiene que hacer la recuperaci\u00f3n de los espacios p\u00fablicos.\u00a0Los espacios p\u00fablicos son el jard\u00edn de los chilenos\u00a0y tenemos que cuidarlos entre todos. Estoy muy agradecido porque tambi\u00e9n se gener\u00f3 empleo local y se entrega un espacio de calidad que hay que cuidarlo como tal\u201d.<\/p>\n<p style=\"font-weight: 400; text-align: justify;\">La construcci\u00f3n de este ante vel\u00f3dromo se llev\u00f3 a cabo en terrenos que hace algunos a\u00f1os eran ocupados por familias del campamento Los Calafates. El asentamiento fue cerrado el a\u00f1o 2015 a trav\u00e9s del\u00a0Programa de Asentamientos Precarios del Ministerio de Vivienda y Urbanismo, cuando el Municipio en conjunto con el Serviu de Ays\u00e9n, realizaron la relocalizaci\u00f3n de las familias que viv\u00edan en el lugar, quedando habilitado el terreno\u00a0para darle un nuevo uso en beneficio de toda la comunidad\u00a0y, sobre todo, de los deportistas que podr\u00e1n practicar ciclismo en una pista de alto est\u00e1ndar.<\/p>\n<p style=\"font-weight: 400; text-align: justify;\">Por su parte, el deportista\u00a0Jos\u00e9 Luis \u201cPipo\u201d Rodr\u00edguez\u00a0coment\u00f3 que \u201cHa sido un d\u00eda muy bonito para el ciclismo, como podemos ver los muchachos est\u00e1n aprovechando\u00a0<em>a full<\/em> el ante vel\u00f3dromo. Tengo mucha experiencia en lo que es pista y la verdad es que nunca hab\u00eda andado en un ante vel\u00f3dromo, pero est\u00e1 bastante bonito y tenerlo ac\u00e1 en Coyhaique es hermoso\u201d. Por \u00faltimo, realiz\u00f3 un llamado a todos los ciclistas: \u201cHay que aprovecharlo, cuidarlo, que ese es un trabajo que vamos a tener todos los ciclistas, de cuidar este recinto porque va a ser nuestro tesoro y hay que provecharlo al m\u00e1ximo y de aqu\u00ed\u00a0estoy seguro que van a salir futuros campeones\u201d.<\/p>\n<p style=\"font-weight: 400; text-align: justify;\">La obra considera\u00a0pavimentos de hormig\u00f3n, muros de hormig\u00f3n armado que funcionar\u00e1n como estructuras de contenci\u00f3n, valla peatonal de protecci\u00f3n, rampas y escaleras de accesos, luminarias, drenaje especial de aguas lluvias, ba\u00f1os,\u00a0c\u00e1mara\u00a0y una reja perimetral de seguridad.<\/p>\n<p style=\"font-weight: 400; text-align: justify;\">La Delegada Presidencial Regional,\u00a0Margarita Ossa, sostuvo que \u201cLlena de alegr\u00eda, es un honor estar en este ante vel\u00f3dromo inaugur\u00e1ndolo, pero sobre todo porque como relataba el alcalde, no puede ser solo fierro y cemento, y\u00a0este proyecto se inicia con un sentido\u00a0y con una b\u00fasqueda de ocupar un espacio, de\u00a0reivindicar un espacio, que en su momento no ten\u00eda el mejor vestido. Aqu\u00ed se ubic\u00f3 el campamento Los Calafates, donde las familias fueron reubicadas, eso es muy importante\u201d. Adem\u00e1s, a\u00f1adi\u00f3 que \u201cHoy d\u00eda miramos a nuestro alrededor y nos encontramos con, creo yo, una de las mejores cosas que le puede pasar a una sociedad que es el deporte, la cultura, y tenemos un espacio \u00fanico en nuestro pa\u00eds, \u00fanico en Latinoam\u00e9rica que es este ante vel\u00f3dromo\u201d.<\/p>\n<p style=\"font-weight: 400; text-align: justify;\">Finalmente, el alcalde de Coyhaique,\u00a0Carlos Gatica, expuso que \u201cPara nosotros es un gran honor poder estar en este d\u00eda en la inauguraci\u00f3n de una de las infraestructuras p\u00fablicas deportivas \u00fanicas en Chile y en Latinoam\u00e9rica. Recalcar que no pueden ser sino cemento y fierro, sino que esto\u00a0tiene que cobrar vida\u00a0y para que cobre vida no tan s\u00f3lo tiene que estar la iniciativa y la voluntad que manifiestan nuestras organizaciones sociales, sino que tiene que estar tambi\u00e9n el trabajo conjunto y el apoyo del Estado de Chile\u201d.<\/p>\n<p style=\"font-weight: 400; text-align: justify;\"><strong><u>Visita a terreno ex campamento Las Quilas II<\/u><\/strong><\/p>\n<p style=\"font-weight: 400; text-align: justify;\">En su gira por la regi\u00f3n, el Ministro Ward tambi\u00e9n visit\u00f3 el terreno en el que se ubicaba el campamento Las Quilas II, donde comparti\u00f3 con las familias e inform\u00f3 sobre los avances en la habilitaci\u00f3n del terreno para construir un proyecto habitacional que beneficiar\u00e1 a m\u00e1s de 70 hogares.<\/p>\n<p style=\"font-weight: 400; text-align: justify;\">En la ocasi\u00f3n, anunci\u00f3 que, \u201cVamos a llevar adelante los trabajos para la habilitaci\u00f3n del terreno que permitir\u00e1n iniciar los trabajos de construcci\u00f3n propiamente tal el pr\u00f3ximo a\u00f1o y estar entregando estas viviendas para todas estas familias en junio esperamos del 2023 y eso es algo que nos comprometemos hacer ac\u00e1 en este entorno maravilloso\u201d.<\/p>\n<\/div><\/section><\/div><div  style='height:50px' class='hr hr-invisible   avia-builder-el-6  el_after_av_one_full  el_before_av_social_share '><span class='hr-inner ' ><span class='hr-inner-style'><\/span><\/span><\/div><\/p>\n<div  class='av-social-sharing-box  avia-builder-el-7  el_after_av_hr  el_before_av_hr  '><div class='av-share-box'><h5 class='av-share-link-description av-no-toc '>Compartir esta noticia<\/h5><ul class='av-share-box-list noLightbox'><li class='av-share-link av-social-link-facebook' ><a target=\"_blank\" aria-label=\"Compartir en Facebook\" href='https:\/\/www.facebook.com\/sharer.php?u=https:\/\/radiorevelacionfm.cl\/?p=9449&#038;t=Inauguran%20primera%20pista%20de%20ciclismo%20en%20Coyhaique%20con%20participaci%C3%B3n%20de%20Ministro%20Felipe%20Ward' aria-hidden='false' data-av_icon='\ue8f3' data-av_iconfont='entypo-fontello' title='' data-avia-related-tooltip='Compartir en Facebook' rel=\"noopener\"><span class='avia_hidden_link_text'>Compartir en Facebook<\/span><\/a><\/li><li class='av-share-link av-social-link-twitter' ><a target=\"_blank\" aria-label=\"Compartir en Twitter\" href='https:\/\/twitter.com\/share?text=Inauguran%20primera%20pista%20de%20ciclismo%20en%20Coyhaique%20con%20participaci%C3%B3n%20de%20Ministro%20Felipe%20Ward&#038;url=https:\/\/radiorevelacionfm.cl\/?p=9449' aria-hidden='false' data-av_icon='\ue8f1' data-av_iconfont='entypo-fontello' title='' data-avia-related-tooltip='Compartir en Twitter' rel=\"noopener\"><span class='avia_hidden_link_text'>Compartir en Twitter<\/span><\/a><\/li><li class='av-share-link av-social-link-whatsapp' ><a target=\"_blank\" aria-label=\"Compartir en Whatsapp\" href='https:\/\/api.whatsapp.com\/send?text=https:\/\/radiorevelacionfm.cl\/?p=9449' aria-hidden='false' data-av_icon='\uf232' data-av_iconfont='entypo-fontello' title='' data-avia-related-tooltip='Compartir en Whatsapp' rel=\"noopener\"><span class='avia_hidden_link_text'>Compartir en Whatsapp<\/span><\/a><\/li><li class='av-share-link av-social-link-linkedin' ><a target=\"_blank\" aria-label=\"Compartir en LinkedIn\" href='https:\/\/linkedin.com\/shareArticle?mini=true&#038;title=Inauguran%20primera%20pista%20de%20ciclismo%20en%20Coyhaique%20con%20participaci%C3%B3n%20de%20Ministro%20Felipe%20Ward&#038;url=https:\/\/radiorevelacionfm.cl\/?p=9449' aria-hidden='false' data-av_icon='\ue8fc' data-av_iconfont='entypo-fontello' title='' data-avia-related-tooltip='Compartir en LinkedIn' rel=\"noopener\"><span class='avia_hidden_link_text'>Compartir en LinkedIn<\/span><\/a><\/li><li class='av-share-link av-social-link-mail' ><a  aria-label=\"Compartir por correo\" href='mailto:?subject=Inauguran%20primera%20pista%20de%20ciclismo%20en%20Coyhaique%20con%20participaci%C3%B3n%20de%20Ministro%20Felipe%20Ward&#038;body=https:\/\/radiorevelacionfm.cl\/?p=9449' aria-hidden='false' data-av_icon='\ue805' data-av_iconfont='entypo-fontello' title='' data-avia-related-tooltip='Compartir por correo'><span class='avia_hidden_link_text'>Compartir por correo<\/span><\/a><\/li><\/ul><\/div><\/div>\n<div  style='height:50px' class='hr hr-invisible   avia-builder-el-8  el_after_av_social_share  el_before_av_comments_list '><span class='hr-inner ' ><span class='hr-inner-style'><\/span><\/span><\/div>\n<div  class='av-buildercomment  av-blog-meta-html-info-disabled av-blog-meta-tag-disabled  '><\/div>\n","protected":false},"excerpt":{"rendered":"","protected":false},"author":1,"featured_media":9450,"comment_status":"open","ping_status":"open","sticky":false,"template":"","format":"standard","meta":{"footnotes":""},"categories":[57],"tags":[],"class_list":["post-9449","post","type-post","status-publish","format-standard","has-post-thumbnail","hentry","category-vivienda"],"jetpack_featured_media_url":"https:\/\/radiorevelacionfm.cl\/wp-content\/uploads\/2021\/10\/image007-2-1-1.jpg","_links":{"self":[{"href":"https:\/\/radiorevelacionfm.cl\/index.php?rest_route=\/wp\/v2\/posts\/9449","targetHints":{"allow":["GET"]}}],"collection":[{"href":"https:\/\/radiorevelacionfm.cl\/index.php?rest_route=\/wp\/v2\/posts"}],"about":[{"href":"https:\/\/radiorevelacionfm.cl\/index.php?rest_route=\/wp\/v2\/types\/post"}],"author":[{"embeddable":true,"href":"https:\/\/radiorevelacionfm.cl\/index.php?rest_route=\/wp\/v2\/users\/1"}],"replies":[{"embeddable":true,"href":"https:\/\/radiorevelacionfm.cl\/index.php?rest_route=%2Fwp%2Fv2%2Fcomments&post=9449"}],"version-history":[{"count":1,"href":"https:\/\/radiorevelacionfm.cl\/index.php?rest_route=\/wp\/v2\/posts\/9449\/revisions"}],"predecessor-version":[{"id":9451,"href":"https:\/\/radiorevelacionfm.cl\/index.php?rest_route=\/wp\/v2\/posts\/9449\/revisions\/9451"}],"wp:featuredmedia":[{"embeddable":true,"href":"https:\/\/radiorevelacionfm.cl\/index.php?rest_route=\/wp\/v2\/media\/9450"}],"wp:attachment":[{"href":"https:\/\/radiorevelacionfm.cl\/index.php?rest_route=%2Fwp%2Fv2%2Fmedia&parent=9449"}],"wp:term":[{"taxonomy":"category","embeddable":true,"href":"https:\/\/radiorevelacionfm.cl\/index.php?rest_route=%2Fwp%2Fv2%2Fcategories&post=9449"},{"taxonomy":"post_tag","embeddable":true,"href":"https:\/\/radiorevelacionfm.cl\/index.php?rest_route=%2Fwp%2Fv2%2Ftags&post=9449"}],"curies":[{"name":"wp","href":"https:\/\/api.w.org\/{rel}","templated":true}]}}