{"id":9446,"date":"2021-10-07T16:22:12","date_gmt":"2021-10-07T19:22:12","guid":{"rendered":"https:\/\/radiorevelacionfm.cl\/?p=9446"},"modified":"2021-10-07T16:22:12","modified_gmt":"2021-10-07T19:22:12","slug":"fiscalizacion-en-puerto-cisnes-culmino-con-la-denuncia-de-8-ciudadanos-extranjeros-por-ingreso-clandestino-al-pais","status":"publish","type":"post","link":"https:\/\/radiorevelacionfm.cl\/?p=9446","title":{"rendered":"Fiscalizaci\u00f3n en Puerto Cisnes culmin\u00f3 con la denuncia de 8 ciudadanos extranjeros por ingreso clandestino al pa\u00eds"},"content":{"rendered":"<div class=\"flex_column av_one_full  flex_column_div av-zero-column-padding first  avia-builder-el-0  el_before_av_one_full  avia-builder-el-first  \" style='border-radius:0px; '><div  class='avia-image-container  av-styling-    avia-builder-el-1  avia-builder-el-no-sibling  avia-align-center '  itemprop=\"image\" itemscope=\"itemscope\" itemtype=\"https:\/\/schema.org\/ImageObject\"  ><div class='avia-image-container-inner'><div class='avia-image-overlay-wrap'><img decoding=\"async\" class='wp-image-9447 avia-img-lazy-loading-not-9447 avia_image' src=\"https:\/\/radiorevelacionfm.cl\/wp-content\/uploads\/2021\/10\/Fiscalizacion-conjunta-Puerto1-Cisnes-05-10-2021-002-1.jpeg\" alt='' title='Fiscalizaci\u00f3n conjunta Puerto1 Cisnes 05-10-2021 002 (1)' height=\"600\" width=\"1067\"  itemprop=\"thumbnailUrl\" srcset=\"https:\/\/radiorevelacionfm.cl\/wp-content\/uploads\/2021\/10\/Fiscalizacion-conjunta-Puerto1-Cisnes-05-10-2021-002-1.jpeg 1067w, https:\/\/radiorevelacionfm.cl\/wp-content\/uploads\/2021\/10\/Fiscalizacion-conjunta-Puerto1-Cisnes-05-10-2021-002-1-300x169.jpeg 300w, https:\/\/radiorevelacionfm.cl\/wp-content\/uploads\/2021\/10\/Fiscalizacion-conjunta-Puerto1-Cisnes-05-10-2021-002-1-1030x579.jpeg 1030w, https:\/\/radiorevelacionfm.cl\/wp-content\/uploads\/2021\/10\/Fiscalizacion-conjunta-Puerto1-Cisnes-05-10-2021-002-1-768x432.jpeg 768w, https:\/\/radiorevelacionfm.cl\/wp-content\/uploads\/2021\/10\/Fiscalizacion-conjunta-Puerto1-Cisnes-05-10-2021-002-1-705x396.jpeg 705w, https:\/\/radiorevelacionfm.cl\/wp-content\/uploads\/2021\/10\/Fiscalizacion-conjunta-Puerto1-Cisnes-05-10-2021-002-1-600x337.jpeg 600w\" sizes=\"(max-width: 1067px) 100vw, 1067px\" \/><\/div><\/div><\/div><\/div><div class=\"flex_column av_one_full  flex_column_div av-zero-column-padding first  avia-builder-el-2  el_after_av_one_full  el_before_av_one_full  column-top-margin\" style='border-radius:0px; '><section class=\"av_textblock_section \"  itemscope=\"itemscope\" itemtype=\"https:\/\/schema.org\/BlogPosting\" itemprop=\"blogPost\" ><div class='avia_textblock  '   itemprop=\"text\" ><p style=\"text-align: center;\"><strong><span style=\"font-size: 18pt;\">Fiscalizaci\u00f3n en Puerto Cisnes culmin\u00f3 con la denuncia de 8 ciudadanos extranjeros por ingreso clandestino al pa\u00eds<\/span><\/strong><\/p>\n<div id=\"gtx-trans\" style=\"position: absolute; left: -50px; top: 4.31534px;\">\n<div class=\"gtx-trans-icon\"><\/div>\n<\/div>\n<\/div><\/section><\/div><div class=\"flex_column av_one_full  flex_column_div av-zero-column-padding first  avia-builder-el-4  el_after_av_one_full  el_before_av_hr  column-top-margin\" style='border-radius:0px; '><section class=\"av_textblock_section \"  itemscope=\"itemscope\" itemtype=\"https:\/\/schema.org\/BlogPosting\" itemprop=\"blogPost\" ><div class='avia_textblock  '   itemprop=\"text\" ><p style=\"text-align: justify;\">Tras una coordinaci\u00f3n interinstitucional entre la Polic\u00eda de Investigaciones, el Servicio Nacional de Aduanas y la Direcci\u00f3n General del Territorio Mar\u00edtimo y de Marina Mercante, se llev\u00f3 a cabo una fiscalizaci\u00f3n en el muelle Emporcha de Puerto Cisnes para controlar personas y veh\u00edculos de la barcaza Jacaf, proveniente de la regi\u00f3n de Los Lagos.<\/p>\n<p style=\"text-align: justify;\">As\u00ed, durante la noche del martes 5 de octubre de 2021 un equipo multidisciplinario de la PDI Ays\u00e9n, compuesto por el \u00e1rea de Migraciones y Antinarc\u00f3ticos, fiscaliz\u00f3 una de las embarcaciones. Al respecto, el subcomisario Hans Suazo, jefe de la Secci\u00f3n Migraciones y Polic\u00eda Internacional Ays\u00e9n, se\u00f1al\u00f3 que \u201cfuncionarios de Migraciones y Polic\u00eda Internacional de Ays\u00e9n, junto a detectives de la Brigada Antinarc\u00f3ticos y Contra el Crimen Organizado de Coyhaique, junto a sus gu\u00edas y ejemplares caninos, y en coordinaci\u00f3n con el Servicio Nacional de Aduanas de Puerto Chacabuco y la Directemar de Puerto Cisnes, realizaron una fiscalizaci\u00f3n a la barcaza Jacaf a su recalada en Puerto Cisnes\u201d.<\/p>\n<p style=\"text-align: justify;\">En el procedimiento policial se controlaron a 14 personas, entre ciudadanos chilenos y extranjeros, y \u201cse logr\u00f3 detectar a ocho ciudadanos extranjeros, quienes se encontraban de forma irregular en el pa\u00eds, procediendo a denunciarlos ante la autoridad administrativa conforme a la Ley de Extranjer\u00eda\u201d, puntualiz\u00f3 el subcomisario Suazo.<\/p>\n<p style=\"text-align: justify;\">Los ciudadanos extranjeros ingresaron de manera clandestina al territorio nacional desde un sector aleda\u00f1o al Paso Fronterizo Colchane en la regi\u00f3n de Tarapac\u00e1, evadiendo los controles migratorios, aduaneros y sanitarios en el norte del pa\u00eds, siendo denunciados por infringir el art\u00edculo N\u00b069 de la Ley de Extranjer\u00eda.<\/p>\n<p style=\"text-align: justify;\">Del mismo modo, durante la diligencia, \u201cpersonal de la BRIANCO Coyhaique con Aduanas detectaron a una persona, mayor de edad, quien portaba ocho gramos de cannabis sativa, procediendo a dar cuenta al Ministerio P\u00fablico conforme al art\u00edculo N\u00b050 de la Ley 20.000\u201d, agreg\u00f3 el jefe de Migraciones Ays\u00e9n.<\/p>\n<p style=\"text-align: justify;\">Cabe hacer presente que este tipo de controles y fiscalizaciones \u201cse realizar\u00e1n con mayor frecuencia dentro de la provincia de Ays\u00e9n con la finalidad de detectar el ingreso de extranjeros sin su documentaci\u00f3n reglamentaria y, as\u00ed mismo, detectar el ingreso de sustancias il\u00edcitas a la regi\u00f3n de Ays\u00e9n\u201d, puntualiz\u00f3 el subcomisario Suazo, quien adem\u00e1s aclar\u00f3 que \u201csi bien es cierto, la funci\u00f3n de Migraciones y Polic\u00eda Internacional Ays\u00e9n es fiscalizar la Ley de Extranjer\u00eda, la unidad tambi\u00e9n se encuentra realizando una labor educativa al ciudadano migrante para que este pueda mantenerse en nuestro territorio nacional con la documentaci\u00f3n necesaria para fortalecer un proceso migratorio seguro y responsable\u201d.<\/p>\n<\/div><\/section><\/div><div  style='height:50px' class='hr hr-invisible   avia-builder-el-6  el_after_av_one_full  el_before_av_social_share '><span class='hr-inner ' ><span class='hr-inner-style'><\/span><\/span><\/div><\/p>\n<div  class='av-social-sharing-box  avia-builder-el-7  el_after_av_hr  el_before_av_hr  '><div class='av-share-box'><h5 class='av-share-link-description av-no-toc '>Compartir esta noticia<\/h5><ul class='av-share-box-list noLightbox'><li class='av-share-link av-social-link-facebook' ><a target=\"_blank\" aria-label=\"Compartir en Facebook\" href='https:\/\/www.facebook.com\/sharer.php?u=https:\/\/radiorevelacionfm.cl\/?p=9446&#038;t=Fiscalizaci%C3%B3n%20en%20Puerto%20Cisnes%20culmin%C3%B3%20con%20la%20denuncia%20de%208%20ciudadanos%20extranjeros%20por%20ingreso%20clandestino%20al%20pa%C3%ADs' aria-hidden='false' data-av_icon='\ue8f3' data-av_iconfont='entypo-fontello' title='' data-avia-related-tooltip='Compartir en Facebook' rel=\"noopener\"><span class='avia_hidden_link_text'>Compartir en Facebook<\/span><\/a><\/li><li class='av-share-link av-social-link-twitter' ><a target=\"_blank\" aria-label=\"Compartir en Twitter\" href='https:\/\/twitter.com\/share?text=Fiscalizaci%C3%B3n%20en%20Puerto%20Cisnes%20culmin%C3%B3%20con%20la%20denuncia%20de%208%20ciudadanos%20extranjeros%20por%20ingreso%20clandestino%20al%20pa%C3%ADs&#038;url=https:\/\/radiorevelacionfm.cl\/?p=9446' aria-hidden='false' data-av_icon='\ue8f1' data-av_iconfont='entypo-fontello' title='' data-avia-related-tooltip='Compartir en Twitter' rel=\"noopener\"><span class='avia_hidden_link_text'>Compartir en Twitter<\/span><\/a><\/li><li class='av-share-link av-social-link-whatsapp' ><a target=\"_blank\" aria-label=\"Compartir en Whatsapp\" href='https:\/\/api.whatsapp.com\/send?text=https:\/\/radiorevelacionfm.cl\/?p=9446' aria-hidden='false' data-av_icon='\uf232' data-av_iconfont='entypo-fontello' title='' data-avia-related-tooltip='Compartir en Whatsapp' rel=\"noopener\"><span class='avia_hidden_link_text'>Compartir en Whatsapp<\/span><\/a><\/li><li class='av-share-link av-social-link-linkedin' ><a target=\"_blank\" aria-label=\"Compartir en LinkedIn\" href='https:\/\/linkedin.com\/shareArticle?mini=true&#038;title=Fiscalizaci%C3%B3n%20en%20Puerto%20Cisnes%20culmin%C3%B3%20con%20la%20denuncia%20de%208%20ciudadanos%20extranjeros%20por%20ingreso%20clandestino%20al%20pa%C3%ADs&#038;url=https:\/\/radiorevelacionfm.cl\/?p=9446' aria-hidden='false' data-av_icon='\ue8fc' data-av_iconfont='entypo-fontello' title='' data-avia-related-tooltip='Compartir en LinkedIn' rel=\"noopener\"><span class='avia_hidden_link_text'>Compartir en LinkedIn<\/span><\/a><\/li><li class='av-share-link av-social-link-mail' ><a  aria-label=\"Compartir por correo\" href='mailto:?subject=Fiscalizaci%C3%B3n%20en%20Puerto%20Cisnes%20culmin%C3%B3%20con%20la%20denuncia%20de%208%20ciudadanos%20extranjeros%20por%20ingreso%20clandestino%20al%20pa%C3%ADs&#038;body=https:\/\/radiorevelacionfm.cl\/?p=9446' aria-hidden='false' data-av_icon='\ue805' data-av_iconfont='entypo-fontello' title='' data-avia-related-tooltip='Compartir por correo'><span class='avia_hidden_link_text'>Compartir por correo<\/span><\/a><\/li><\/ul><\/div><\/div>\n<div  style='height:50px' class='hr hr-invisible   avia-builder-el-8  el_after_av_social_share  el_before_av_comments_list '><span class='hr-inner ' ><span class='hr-inner-style'><\/span><\/span><\/div>\n<div  class='av-buildercomment  av-blog-meta-html-info-disabled av-blog-meta-tag-disabled  '><\/div>\n","protected":false},"excerpt":{"rendered":"","protected":false},"author":1,"featured_media":9447,"comment_status":"open","ping_status":"open","sticky":false,"template":"","format":"standard","meta":{"footnotes":""},"categories":[36],"tags":[],"class_list":["post-9446","post","type-post","status-publish","format-standard","has-post-thumbnail","hentry","category-policial"],"jetpack_featured_media_url":"https:\/\/radiorevelacionfm.cl\/wp-content\/uploads\/2021\/10\/Fiscalizacion-conjunta-Puerto1-Cisnes-05-10-2021-002-1.jpeg","_links":{"self":[{"href":"https:\/\/radiorevelacionfm.cl\/index.php?rest_route=\/wp\/v2\/posts\/9446","targetHints":{"allow":["GET"]}}],"collection":[{"href":"https:\/\/radiorevelacionfm.cl\/index.php?rest_route=\/wp\/v2\/posts"}],"about":[{"href":"https:\/\/radiorevelacionfm.cl\/index.php?rest_route=\/wp\/v2\/types\/post"}],"author":[{"embeddable":true,"href":"https:\/\/radiorevelacionfm.cl\/index.php?rest_route=\/wp\/v2\/users\/1"}],"replies":[{"embeddable":true,"href":"https:\/\/radiorevelacionfm.cl\/index.php?rest_route=%2Fwp%2Fv2%2Fcomments&post=9446"}],"version-history":[{"count":1,"href":"https:\/\/radiorevelacionfm.cl\/index.php?rest_route=\/wp\/v2\/posts\/9446\/revisions"}],"predecessor-version":[{"id":9448,"href":"https:\/\/radiorevelacionfm.cl\/index.php?rest_route=\/wp\/v2\/posts\/9446\/revisions\/9448"}],"wp:featuredmedia":[{"embeddable":true,"href":"https:\/\/radiorevelacionfm.cl\/index.php?rest_route=\/wp\/v2\/media\/9447"}],"wp:attachment":[{"href":"https:\/\/radiorevelacionfm.cl\/index.php?rest_route=%2Fwp%2Fv2%2Fmedia&parent=9446"}],"wp:term":[{"taxonomy":"category","embeddable":true,"href":"https:\/\/radiorevelacionfm.cl\/index.php?rest_route=%2Fwp%2Fv2%2Fcategories&post=9446"},{"taxonomy":"post_tag","embeddable":true,"href":"https:\/\/radiorevelacionfm.cl\/index.php?rest_route=%2Fwp%2Fv2%2Ftags&post=9446"}],"curies":[{"name":"wp","href":"https:\/\/api.w.org\/{rel}","templated":true}]}}