{"id":9441,"date":"2021-10-08T09:43:12","date_gmt":"2021-10-08T12:43:12","guid":{"rendered":"https:\/\/radiorevelacionfm.cl\/?p=9441"},"modified":"2021-10-08T09:43:12","modified_gmt":"2021-10-08T12:43:12","slug":"mas-de-154-mil-jovenes-que-estan-fuera-de-la-escuela-podrian-beneficiarse-con-proyecto-de-ley-de-reingreso-educativo","status":"publish","type":"post","link":"https:\/\/radiorevelacionfm.cl\/?p=9441","title":{"rendered":"M\u00e1s de 154 mil j\u00f3venes que est\u00e1n fuera de la escuela podr\u00edan beneficiarse con proyecto de ley de reingreso educativo"},"content":{"rendered":"<div class=\"flex_column av_one_full  flex_column_div av-zero-column-padding first  avia-builder-el-0  el_before_av_one_full  avia-builder-el-first  \" style='border-radius:0px; '><div  class='avia-image-container  av-styling-    avia-builder-el-1  avia-builder-el-no-sibling  avia-align-center '  itemprop=\"image\" itemscope=\"itemscope\" itemtype=\"https:\/\/schema.org\/ImageObject\"  ><div class='avia-image-container-inner'><div class='avia-image-overlay-wrap'><img decoding=\"async\" class='wp-image-9442 avia-img-lazy-loading-not-9442 avia_image' src=\"https:\/\/radiorevelacionfm.cl\/wp-content\/uploads\/2021\/10\/reingreso-educativo-1_optimized.jpg\" alt='' title='reingreso-educativo-(1)_optimized' height=\"600\" width=\"1053\"  itemprop=\"thumbnailUrl\" srcset=\"https:\/\/radiorevelacionfm.cl\/wp-content\/uploads\/2021\/10\/reingreso-educativo-1_optimized.jpg 1053w, https:\/\/radiorevelacionfm.cl\/wp-content\/uploads\/2021\/10\/reingreso-educativo-1_optimized-300x171.jpg 300w, https:\/\/radiorevelacionfm.cl\/wp-content\/uploads\/2021\/10\/reingreso-educativo-1_optimized-1030x587.jpg 1030w, https:\/\/radiorevelacionfm.cl\/wp-content\/uploads\/2021\/10\/reingreso-educativo-1_optimized-768x438.jpg 768w, https:\/\/radiorevelacionfm.cl\/wp-content\/uploads\/2021\/10\/reingreso-educativo-1_optimized-705x402.jpg 705w, https:\/\/radiorevelacionfm.cl\/wp-content\/uploads\/2021\/10\/reingreso-educativo-1_optimized-600x342.jpg 600w\" sizes=\"(max-width: 1053px) 100vw, 1053px\" \/><\/div><\/div><\/div><\/div><div class=\"flex_column av_one_full  flex_column_div av-zero-column-padding first  avia-builder-el-2  el_after_av_one_full  el_before_av_one_full  column-top-margin\" style='border-radius:0px; '><section class=\"av_textblock_section \"  itemscope=\"itemscope\" itemtype=\"https:\/\/schema.org\/BlogPosting\" itemprop=\"blogPost\" ><div class='avia_textblock  '   itemprop=\"text\" ><p style=\"text-align: center;\"><strong><span style=\"font-size: 18pt;\">M\u00e1s de 154 mil j\u00f3venes que est\u00e1n fuera de la escuela podr\u00edan beneficiarse con proyecto de ley de reingreso educativo <\/span><\/strong><\/p>\n<div id=\"gtx-trans\" style=\"position: absolute; left: -50px; top: 4.31534px;\">\n<div class=\"gtx-trans-icon\"><\/div>\n<\/div>\n<\/div><\/section><\/div><div class=\"flex_column av_one_full  flex_column_div av-zero-column-padding first  avia-builder-el-4  el_after_av_one_full  el_before_av_hr  column-top-margin\" style='border-radius:0px; '><section class=\"av_textblock_section \"  itemscope=\"itemscope\" itemtype=\"https:\/\/schema.org\/BlogPosting\" itemprop=\"blogPost\" ><div class='avia_textblock  '   itemprop=\"text\" ><p class=\"v1MsoNormal\" style=\"text-align: justify;\">En compa\u00f1\u00eda de la alcaldesa de Pe\u00f1alol\u00e9n, Carolina Leitao y el subsecretario de Educaci\u00f3n, Jorge Poblete, el Ministro de Educaci\u00f3n, Ra\u00fal Figueroa, visit\u00f3 el Centro Educacional Erasmo Escala para conocer la experiencia de j\u00f3venes que est\u00e1n retomando sus estudios escolares, y llam\u00f3 a los senadores a acelerar la tramitaci\u00f3n del Proyecto de Ley de Reingreso Educativo, que desde el 08 de Septiembre se encuentra con suma urgencia en el Senado tras su aprobaci\u00f3n en la C\u00e1mara de Diputados. Este proyecto establece una subvenci\u00f3n de m\u00e1s de $130 mil por cada estudiante que se integre a la nueva Modalidad de Reingreso a trav\u00e9s de una jornada diferenciada en los Centros de Educaci\u00f3n Integrada de Adultos (CEIA), o en aulas de reingreso ubicadas en establecimientos de educaci\u00f3n regular.<\/p>\n<p class=\"v1MsoNormal\" style=\"text-align: justify;\">\u201cLos efectos de la pandemia, pero tambi\u00e9n las condiciones de vulnerabilidad en que viven miles de j\u00f3venes, nos llaman a estar en un estado de alerta permanente para sumar a todos quienes no est\u00e1n dentro del sistema y combatir la deserci\u00f3n escolar. Es por eso que llamamos a los senadores a aprobar lo antes posible este proyecto que permitir\u00e1 entregar recursos adicionales para poder enfocarnos en apoyar a m\u00e1s de 154 mil j\u00f3venes, desarrollar al m\u00e1ximo sus capacidades y darles as\u00ed nuevas oportunidades. Cada d\u00eda que pasa sin aprobar este proyecto es un d\u00eda en que perdemos la oportunidad de que m\u00e1s j\u00f3venes retomen sus estudios\u201d, enfatiz\u00f3 el ministro Figueroa.<\/p>\n<p class=\"v1MsoNormal\" style=\"text-align: justify;\">El Seremi de Educaci\u00f3n de Ays\u00e9n Sergio Becerra Mera inform\u00f3 que con la aprobaci\u00f3n de este proyecto se ver\u00e1n beneficiados en la regi\u00f3n 1.311 j\u00f3venes.<\/p>\n<p class=\"v1MsoNormal\" style=\"text-align: justify;\">El proyecto de ley contempla en r\u00e9gimen una inversi\u00f3n de $37 mil millones para las nuevas subvenciones que permitir\u00e1n la Modalidad Educativa de Reingreso Escolar, aprobada este a\u00f1o por el Consejo Nacional de Educaci\u00f3n (CNED). Esta Modalidad est\u00e1 dirigida a\u00a0<span lang=\"ES\">los 154.641 ni\u00f1os, ni\u00f1as y adolescentes entre 12 y 21 a\u00f1os que, habiendo estado matriculados previamente en el sistema escolar chileno se encuentran hoy fuera del sistema escolar por m\u00e1s de dos a\u00f1os por diversos motivos asociados a contextos de vulnerabilidad personal, familiar y\/o exclusi\u00f3n social, y aquellos que estudien en escuelas para j\u00f3venes y adultos.<\/span><\/p>\n<\/div><\/section><\/div><div  style='height:50px' class='hr hr-invisible   avia-builder-el-6  el_after_av_one_full  el_before_av_social_share '><span class='hr-inner ' ><span class='hr-inner-style'><\/span><\/span><\/div><\/p>\n<div  class='av-social-sharing-box  avia-builder-el-7  el_after_av_hr  el_before_av_hr  '><div class='av-share-box'><h5 class='av-share-link-description av-no-toc '>Compartir esta noticia<\/h5><ul class='av-share-box-list noLightbox'><li class='av-share-link av-social-link-facebook' ><a target=\"_blank\" aria-label=\"Compartir en Facebook\" href='https:\/\/www.facebook.com\/sharer.php?u=https:\/\/radiorevelacionfm.cl\/?p=9441&#038;t=M%C3%A1s%20de%20154%20mil%20j%C3%B3venes%20que%20est%C3%A1n%20fuera%20de%20la%20escuela%20podr%C3%ADan%20beneficiarse%20con%20proyecto%20de%20ley%20de%20reingreso%20educativo' aria-hidden='false' data-av_icon='\ue8f3' data-av_iconfont='entypo-fontello' title='' data-avia-related-tooltip='Compartir en Facebook' rel=\"noopener\"><span class='avia_hidden_link_text'>Compartir en Facebook<\/span><\/a><\/li><li class='av-share-link av-social-link-twitter' ><a target=\"_blank\" aria-label=\"Compartir en Twitter\" href='https:\/\/twitter.com\/share?text=M%C3%A1s%20de%20154%20mil%20j%C3%B3venes%20que%20est%C3%A1n%20fuera%20de%20la%20escuela%20podr%C3%ADan%20beneficiarse%20con%20proyecto%20de%20ley%20de%20reingreso%20educativo&#038;url=https:\/\/radiorevelacionfm.cl\/?p=9441' aria-hidden='false' data-av_icon='\ue8f1' data-av_iconfont='entypo-fontello' title='' data-avia-related-tooltip='Compartir en Twitter' rel=\"noopener\"><span class='avia_hidden_link_text'>Compartir en Twitter<\/span><\/a><\/li><li class='av-share-link av-social-link-whatsapp' ><a target=\"_blank\" aria-label=\"Compartir en Whatsapp\" href='https:\/\/api.whatsapp.com\/send?text=https:\/\/radiorevelacionfm.cl\/?p=9441' aria-hidden='false' data-av_icon='\uf232' data-av_iconfont='entypo-fontello' title='' data-avia-related-tooltip='Compartir en Whatsapp' rel=\"noopener\"><span class='avia_hidden_link_text'>Compartir en Whatsapp<\/span><\/a><\/li><li class='av-share-link av-social-link-linkedin' ><a target=\"_blank\" aria-label=\"Compartir en LinkedIn\" href='https:\/\/linkedin.com\/shareArticle?mini=true&#038;title=M%C3%A1s%20de%20154%20mil%20j%C3%B3venes%20que%20est%C3%A1n%20fuera%20de%20la%20escuela%20podr%C3%ADan%20beneficiarse%20con%20proyecto%20de%20ley%20de%20reingreso%20educativo&#038;url=https:\/\/radiorevelacionfm.cl\/?p=9441' aria-hidden='false' data-av_icon='\ue8fc' data-av_iconfont='entypo-fontello' title='' data-avia-related-tooltip='Compartir en LinkedIn' rel=\"noopener\"><span class='avia_hidden_link_text'>Compartir en LinkedIn<\/span><\/a><\/li><li class='av-share-link av-social-link-mail' ><a  aria-label=\"Compartir por correo\" href='mailto:?subject=M%C3%A1s%20de%20154%20mil%20j%C3%B3venes%20que%20est%C3%A1n%20fuera%20de%20la%20escuela%20podr%C3%ADan%20beneficiarse%20con%20proyecto%20de%20ley%20de%20reingreso%20educativo&#038;body=https:\/\/radiorevelacionfm.cl\/?p=9441' aria-hidden='false' data-av_icon='\ue805' data-av_iconfont='entypo-fontello' title='' data-avia-related-tooltip='Compartir por correo'><span class='avia_hidden_link_text'>Compartir por correo<\/span><\/a><\/li><\/ul><\/div><\/div>\n<div  style='height:50px' class='hr hr-invisible   avia-builder-el-8  el_after_av_social_share  el_before_av_comments_list '><span class='hr-inner ' ><span class='hr-inner-style'><\/span><\/span><\/div>\n<div  class='av-buildercomment  av-blog-meta-html-info-disabled av-blog-meta-tag-disabled  '><\/div>\n","protected":false},"excerpt":{"rendered":"","protected":false},"author":1,"featured_media":9442,"comment_status":"open","ping_status":"open","sticky":false,"template":"","format":"standard","meta":{"footnotes":""},"categories":[49],"tags":[],"class_list":["post-9441","post","type-post","status-publish","format-standard","has-post-thumbnail","hentry","category-educacion"],"jetpack_featured_media_url":"https:\/\/radiorevelacionfm.cl\/wp-content\/uploads\/2021\/10\/reingreso-educativo-1_optimized.jpg","_links":{"self":[{"href":"https:\/\/radiorevelacionfm.cl\/index.php?rest_route=\/wp\/v2\/posts\/9441","targetHints":{"allow":["GET"]}}],"collection":[{"href":"https:\/\/radiorevelacionfm.cl\/index.php?rest_route=\/wp\/v2\/posts"}],"about":[{"href":"https:\/\/radiorevelacionfm.cl\/index.php?rest_route=\/wp\/v2\/types\/post"}],"author":[{"embeddable":true,"href":"https:\/\/radiorevelacionfm.cl\/index.php?rest_route=\/wp\/v2\/users\/1"}],"replies":[{"embeddable":true,"href":"https:\/\/radiorevelacionfm.cl\/index.php?rest_route=%2Fwp%2Fv2%2Fcomments&post=9441"}],"version-history":[{"count":1,"href":"https:\/\/radiorevelacionfm.cl\/index.php?rest_route=\/wp\/v2\/posts\/9441\/revisions"}],"predecessor-version":[{"id":9443,"href":"https:\/\/radiorevelacionfm.cl\/index.php?rest_route=\/wp\/v2\/posts\/9441\/revisions\/9443"}],"wp:featuredmedia":[{"embeddable":true,"href":"https:\/\/radiorevelacionfm.cl\/index.php?rest_route=\/wp\/v2\/media\/9442"}],"wp:attachment":[{"href":"https:\/\/radiorevelacionfm.cl\/index.php?rest_route=%2Fwp%2Fv2%2Fmedia&parent=9441"}],"wp:term":[{"taxonomy":"category","embeddable":true,"href":"https:\/\/radiorevelacionfm.cl\/index.php?rest_route=%2Fwp%2Fv2%2Fcategories&post=9441"},{"taxonomy":"post_tag","embeddable":true,"href":"https:\/\/radiorevelacionfm.cl\/index.php?rest_route=%2Fwp%2Fv2%2Ftags&post=9441"}],"curies":[{"name":"wp","href":"https:\/\/api.w.org\/{rel}","templated":true}]}}