{"id":9436,"date":"2021-10-07T13:02:48","date_gmt":"2021-10-07T16:02:48","guid":{"rendered":"https:\/\/radiorevelacionfm.cl\/?p=9436"},"modified":"2021-10-07T13:02:48","modified_gmt":"2021-10-07T16:02:48","slug":"en-aysen-inician-inspeccion-en-tenencia-responsable-de-mascotas-como-gestion-en-materia-de-seguridad-publica","status":"publish","type":"post","link":"https:\/\/radiorevelacionfm.cl\/?p=9436","title":{"rendered":"En Ays\u00e9n inician inspecci\u00f3n en Tenencia Responsable de Mascotas como gesti\u00f3n en materia de Seguridad P\u00fablica"},"content":{"rendered":"<div class=\"flex_column av_one_full  flex_column_div av-zero-column-padding first  avia-builder-el-0  el_before_av_one_full  avia-builder-el-first  \" style='border-radius:0px; '><div  class='avia-image-container  av-styling-    avia-builder-el-1  avia-builder-el-no-sibling  avia-align-center '  itemprop=\"image\" itemscope=\"itemscope\" itemtype=\"https:\/\/schema.org\/ImageObject\"  ><div class='avia-image-container-inner'><div class='avia-image-overlay-wrap'><img decoding=\"async\" class='wp-image-9437 avia-img-lazy-loading-not-9437 avia_image' src=\"https:\/\/radiorevelacionfm.cl\/wp-content\/uploads\/2021\/10\/img-fiscaTRM1-1-1.jpeg\" alt='' title='img-fiscaTRM1 (1) (1)' height=\"600\" width=\"1067\"  itemprop=\"thumbnailUrl\" srcset=\"https:\/\/radiorevelacionfm.cl\/wp-content\/uploads\/2021\/10\/img-fiscaTRM1-1-1.jpeg 1067w, https:\/\/radiorevelacionfm.cl\/wp-content\/uploads\/2021\/10\/img-fiscaTRM1-1-1-300x169.jpeg 300w, https:\/\/radiorevelacionfm.cl\/wp-content\/uploads\/2021\/10\/img-fiscaTRM1-1-1-1030x579.jpeg 1030w, https:\/\/radiorevelacionfm.cl\/wp-content\/uploads\/2021\/10\/img-fiscaTRM1-1-1-768x432.jpeg 768w, https:\/\/radiorevelacionfm.cl\/wp-content\/uploads\/2021\/10\/img-fiscaTRM1-1-1-705x396.jpeg 705w, https:\/\/radiorevelacionfm.cl\/wp-content\/uploads\/2021\/10\/img-fiscaTRM1-1-1-600x337.jpeg 600w\" sizes=\"(max-width: 1067px) 100vw, 1067px\" \/><\/div><\/div><\/div><\/div><div class=\"flex_column av_one_full  flex_column_div av-zero-column-padding first  avia-builder-el-2  el_after_av_one_full  el_before_av_one_full  column-top-margin\" style='border-radius:0px; '><section class=\"av_textblock_section \"  itemscope=\"itemscope\" itemtype=\"https:\/\/schema.org\/BlogPosting\" itemprop=\"blogPost\" ><div class='avia_textblock  '   itemprop=\"text\" ><p style=\"text-align: center;\"><strong><span style=\"font-size: 18pt;\">En Ays\u00e9n inician inspecci\u00f3n en Tenencia Responsable de Mascotas como gesti\u00f3n en materia de Seguridad P\u00fablica<\/span><\/strong><\/p>\n<div id=\"gtx-trans\" style=\"position: absolute; left: -50px; top: 4.31534px;\">\n<div class=\"gtx-trans-icon\"><\/div>\n<\/div>\n<\/div><\/section><\/div><div class=\"flex_column av_one_full  flex_column_div av-zero-column-padding first  avia-builder-el-4  el_after_av_one_full  el_before_av_hr  column-top-margin\" style='border-radius:0px; '><section class=\"av_textblock_section \"  itemscope=\"itemscope\" itemtype=\"https:\/\/schema.org\/BlogPosting\" itemprop=\"blogPost\" ><div class='avia_textblock  '   itemprop=\"text\" ><p style=\"text-align: justify;\">Tras la designaci\u00f3n de Marco Co\u00f1uecar como nuevo director de Seguridad P\u00fablica en el municipio de Ays\u00e9n, se inici\u00f3 raudamente un trabajo por responder a los requerimientos que han expuesto los vecinos y vecinas de la comuna porte\u00f1a en las distintas localidades. Es as\u00ed como el nuevo directivo en compa\u00f1\u00eda de la veterinaria y los inspectores de la casa edilicia se constituyeron en distintos puntos de Puerto Ays\u00e9n para abordar los aspectos relativos a la Tenencia Responsable de Mascotas, cabe se\u00f1alar que este proceso tambi\u00e9n incluy\u00f3 la emisi\u00f3n de partes para los infractores a la normativa.<\/p>\n<p style=\"text-align: justify;\">En este sentido, Marcos Co\u00f1uecar, quien asumi\u00f3 el desaf\u00edo de impulsar la primera direcci\u00f3n del municipio aysenino destac\u00f3 que \u201chemos tomado contacto con varios vecinos del sector El Salto quienes nos han solicitado poder ir al lugar por una gran cantidad de matanza de ovino y bovino junto al equipo de inspectores municipales, junto a la veterinaria del municipio, muchos de ellos campesinos que con sacrificios han podido desarrollar su trabajo y hoy d\u00eda se ven afectados por esta situaci\u00f3n. Es as\u00ed como hemos iniciado un trabajo de fiscalizaci\u00f3n ya que en diversas reuniones sostenidas con la comunidad existe en estas solicitudes de fiscalizaci\u00f3n de la Ley de Tenencia Responsable\u201d.<\/p>\n<p style=\"text-align: justify;\">Asimismo, el personero municipal a\u00f1adi\u00f3 que hoy el trabajo que realiza el municipio aysenino en esta materia, se encuentra acompa\u00f1ado por los diversos equipos desde \u00e1mbito educativo pero tambi\u00e9n es necesario avanzar en una nueva etapa desde la fiscalizaci\u00f3n para cursar las respectivas infracciones porque \u201cse necesita controlar esta situaci\u00f3n que hoy nos tiene con una gran cantidad de perros en la v\u00eda p\u00fablica\u201d expres\u00f3 el directivo.<\/p>\n<p style=\"text-align: justify;\">Por su parte, Ximena Obando Frigolett, m\u00e9dica veterinaria de la casa edilicia de Ays\u00e9n expres\u00f3 que esta instancia de fiscalizaci\u00f3n se concreta tras las m\u00faltiples denuncias recepcionadas sobre animales mordedores y tambi\u00e9n por los desechos org\u00e1nicos en la v\u00eda p\u00fablica, \u201clos perros no tienen que estar en la v\u00eda p\u00fablica ning\u00fan momento del d\u00eda. Entonces, eso es lo que vamos a fiscalizar y vamos a ir siempre en distintas semanas a diversos sectores de Ays\u00e9n a hacer fiscalizaci\u00f3n y obviamente todo asociado a las multas contempladas en la Ley 21.020 de Tenencia Responsable de Mascotas\u201d.<\/p>\n<p style=\"text-align: justify;\">En este sentido, es importante recordar que las infracciones a la Ley contemplan entre otras aspectos, multas que van desde 1 a 30 unidades tributarias mensuales (UTM). Si existe reincidencia, la persona podr\u00e1 recibir hasta el doble de la multa. Incluso el juez podr\u00eda determinar que se decomise o confisque el animal y sea llevado a un centro o sea entregado a otra persona, donde los costos que existiesen sobre los cuidados, alimentaci\u00f3n y tratamiento ser\u00e1n a cargo del due\u00f1o.<\/p>\n<p style=\"text-align: justify;\">Adem\u00e1s, si existiese maltrato o crueldad animal, corresponder\u00eda aplicar las sanciones del C\u00f3digo Penal (presidio y multa, adem\u00e1s de la inhabilidad absoluta y perpetua para la tenencia de cualquier tipo de animales).<\/p>\n<\/div><\/section><\/div><div  style='height:50px' class='hr hr-invisible   avia-builder-el-6  el_after_av_one_full  el_before_av_social_share '><span class='hr-inner ' ><span class='hr-inner-style'><\/span><\/span><\/div><\/p>\n<div  class='av-social-sharing-box  avia-builder-el-7  el_after_av_hr  el_before_av_hr  '><div class='av-share-box'><h5 class='av-share-link-description av-no-toc '>Compartir esta noticia<\/h5><ul class='av-share-box-list noLightbox'><li class='av-share-link av-social-link-facebook' ><a target=\"_blank\" aria-label=\"Compartir en Facebook\" href='https:\/\/www.facebook.com\/sharer.php?u=https:\/\/radiorevelacionfm.cl\/?p=9436&#038;t=En%20Ays%C3%A9n%20inician%20inspecci%C3%B3n%20en%20Tenencia%20Responsable%20de%20Mascotas%20como%20gesti%C3%B3n%20en%20materia%20de%20Seguridad%20P%C3%BAblica' aria-hidden='false' data-av_icon='\ue8f3' data-av_iconfont='entypo-fontello' title='' data-avia-related-tooltip='Compartir en Facebook' rel=\"noopener\"><span class='avia_hidden_link_text'>Compartir en Facebook<\/span><\/a><\/li><li class='av-share-link av-social-link-twitter' ><a target=\"_blank\" aria-label=\"Compartir en Twitter\" href='https:\/\/twitter.com\/share?text=En%20Ays%C3%A9n%20inician%20inspecci%C3%B3n%20en%20Tenencia%20Responsable%20de%20Mascotas%20como%20gesti%C3%B3n%20en%20materia%20de%20Seguridad%20P%C3%BAblica&#038;url=https:\/\/radiorevelacionfm.cl\/?p=9436' aria-hidden='false' data-av_icon='\ue8f1' data-av_iconfont='entypo-fontello' title='' data-avia-related-tooltip='Compartir en Twitter' rel=\"noopener\"><span class='avia_hidden_link_text'>Compartir en Twitter<\/span><\/a><\/li><li class='av-share-link av-social-link-whatsapp' ><a target=\"_blank\" aria-label=\"Compartir en Whatsapp\" href='https:\/\/api.whatsapp.com\/send?text=https:\/\/radiorevelacionfm.cl\/?p=9436' aria-hidden='false' data-av_icon='\uf232' data-av_iconfont='entypo-fontello' title='' data-avia-related-tooltip='Compartir en Whatsapp' rel=\"noopener\"><span class='avia_hidden_link_text'>Compartir en Whatsapp<\/span><\/a><\/li><li class='av-share-link av-social-link-linkedin' ><a target=\"_blank\" aria-label=\"Compartir en LinkedIn\" href='https:\/\/linkedin.com\/shareArticle?mini=true&#038;title=En%20Ays%C3%A9n%20inician%20inspecci%C3%B3n%20en%20Tenencia%20Responsable%20de%20Mascotas%20como%20gesti%C3%B3n%20en%20materia%20de%20Seguridad%20P%C3%BAblica&#038;url=https:\/\/radiorevelacionfm.cl\/?p=9436' aria-hidden='false' data-av_icon='\ue8fc' data-av_iconfont='entypo-fontello' title='' data-avia-related-tooltip='Compartir en LinkedIn' rel=\"noopener\"><span class='avia_hidden_link_text'>Compartir en LinkedIn<\/span><\/a><\/li><li class='av-share-link av-social-link-mail' ><a  aria-label=\"Compartir por correo\" href='mailto:?subject=En%20Ays%C3%A9n%20inician%20inspecci%C3%B3n%20en%20Tenencia%20Responsable%20de%20Mascotas%20como%20gesti%C3%B3n%20en%20materia%20de%20Seguridad%20P%C3%BAblica&#038;body=https:\/\/radiorevelacionfm.cl\/?p=9436' aria-hidden='false' data-av_icon='\ue805' data-av_iconfont='entypo-fontello' title='' data-avia-related-tooltip='Compartir por correo'><span class='avia_hidden_link_text'>Compartir por correo<\/span><\/a><\/li><\/ul><\/div><\/div>\n<div  style='height:50px' class='hr hr-invisible   avia-builder-el-8  el_after_av_social_share  el_before_av_comments_list '><span class='hr-inner ' ><span class='hr-inner-style'><\/span><\/span><\/div>\n<div  class='av-buildercomment  av-blog-meta-html-info-disabled av-blog-meta-tag-disabled  '><\/div>\n","protected":false},"excerpt":{"rendered":"","protected":false},"author":1,"featured_media":9437,"comment_status":"open","ping_status":"open","sticky":false,"template":"","format":"standard","meta":{"footnotes":""},"categories":[38],"tags":[],"class_list":["post-9436","post","type-post","status-publish","format-standard","has-post-thumbnail","hentry","category-regional"],"jetpack_featured_media_url":"https:\/\/radiorevelacionfm.cl\/wp-content\/uploads\/2021\/10\/img-fiscaTRM1-1-1.jpeg","_links":{"self":[{"href":"https:\/\/radiorevelacionfm.cl\/index.php?rest_route=\/wp\/v2\/posts\/9436","targetHints":{"allow":["GET"]}}],"collection":[{"href":"https:\/\/radiorevelacionfm.cl\/index.php?rest_route=\/wp\/v2\/posts"}],"about":[{"href":"https:\/\/radiorevelacionfm.cl\/index.php?rest_route=\/wp\/v2\/types\/post"}],"author":[{"embeddable":true,"href":"https:\/\/radiorevelacionfm.cl\/index.php?rest_route=\/wp\/v2\/users\/1"}],"replies":[{"embeddable":true,"href":"https:\/\/radiorevelacionfm.cl\/index.php?rest_route=%2Fwp%2Fv2%2Fcomments&post=9436"}],"version-history":[{"count":1,"href":"https:\/\/radiorevelacionfm.cl\/index.php?rest_route=\/wp\/v2\/posts\/9436\/revisions"}],"predecessor-version":[{"id":9438,"href":"https:\/\/radiorevelacionfm.cl\/index.php?rest_route=\/wp\/v2\/posts\/9436\/revisions\/9438"}],"wp:featuredmedia":[{"embeddable":true,"href":"https:\/\/radiorevelacionfm.cl\/index.php?rest_route=\/wp\/v2\/media\/9437"}],"wp:attachment":[{"href":"https:\/\/radiorevelacionfm.cl\/index.php?rest_route=%2Fwp%2Fv2%2Fmedia&parent=9436"}],"wp:term":[{"taxonomy":"category","embeddable":true,"href":"https:\/\/radiorevelacionfm.cl\/index.php?rest_route=%2Fwp%2Fv2%2Fcategories&post=9436"},{"taxonomy":"post_tag","embeddable":true,"href":"https:\/\/radiorevelacionfm.cl\/index.php?rest_route=%2Fwp%2Fv2%2Ftags&post=9436"}],"curies":[{"name":"wp","href":"https:\/\/api.w.org\/{rel}","templated":true}]}}