{"id":9429,"date":"2021-10-07T12:03:54","date_gmt":"2021-10-07T15:03:54","guid":{"rendered":"https:\/\/radiorevelacionfm.cl\/?p=9429"},"modified":"2021-10-07T12:03:54","modified_gmt":"2021-10-07T15:03:54","slug":"ministro-felipe-ward-anuncia-superacion-de-meta-en-entrega-de-subsidios-para-la-region-de-aysen","status":"publish","type":"post","link":"https:\/\/radiorevelacionfm.cl\/?p=9429","title":{"rendered":"Ministro Felipe Ward anuncia superaci\u00f3n de meta en entrega de subsidios para la regi\u00f3n de Ays\u00e9n"},"content":{"rendered":"<div class=\"flex_column av_one_full  flex_column_div av-zero-column-padding first  avia-builder-el-0  el_before_av_one_full  avia-builder-el-first  \" style='border-radius:0px; '><div  class='avia-image-container  av-styling-    avia-builder-el-1  avia-builder-el-no-sibling  avia-align-center '  itemprop=\"image\" itemscope=\"itemscope\" itemtype=\"https:\/\/schema.org\/ImageObject\"  ><div class='avia-image-container-inner'><div class='avia-image-overlay-wrap'><img decoding=\"async\" class='wp-image-9431 avia-img-lazy-loading-not-9431 avia_image' src=\"https:\/\/radiorevelacionfm.cl\/wp-content\/uploads\/2021\/10\/image007-1.jpg\" alt='' title='image007 (1)' height=\"600\" width=\"1066\"  itemprop=\"thumbnailUrl\" srcset=\"https:\/\/radiorevelacionfm.cl\/wp-content\/uploads\/2021\/10\/image007-1.jpg 1066w, https:\/\/radiorevelacionfm.cl\/wp-content\/uploads\/2021\/10\/image007-1-300x169.jpg 300w, https:\/\/radiorevelacionfm.cl\/wp-content\/uploads\/2021\/10\/image007-1-1030x580.jpg 1030w, https:\/\/radiorevelacionfm.cl\/wp-content\/uploads\/2021\/10\/image007-1-768x432.jpg 768w, https:\/\/radiorevelacionfm.cl\/wp-content\/uploads\/2021\/10\/image007-1-705x397.jpg 705w, https:\/\/radiorevelacionfm.cl\/wp-content\/uploads\/2021\/10\/image007-1-600x338.jpg 600w\" sizes=\"(max-width: 1066px) 100vw, 1066px\" \/><\/div><\/div><\/div><\/div><div class=\"flex_column av_one_full  flex_column_div av-zero-column-padding first  avia-builder-el-2  el_after_av_one_full  el_before_av_one_full  column-top-margin\" style='border-radius:0px; '><section class=\"av_textblock_section \"  itemscope=\"itemscope\" itemtype=\"https:\/\/schema.org\/BlogPosting\" itemprop=\"blogPost\" ><div class='avia_textblock  '   itemprop=\"text\" ><p style=\"text-align: center;\"><strong><span style=\"font-size: 18pt;\">Ministro Felipe Ward anuncia superaci\u00f3n de meta en entrega de subsidios para la regi\u00f3n de Ays\u00e9n<\/span><\/strong><\/p>\n<div id=\"gtx-trans\" style=\"position: absolute; left: -50px; top: 4.31534px;\">\n<div class=\"gtx-trans-icon\"><\/div>\n<\/div>\n<\/div><\/section><\/div><div class=\"flex_column av_one_full  flex_column_div av-zero-column-padding first  avia-builder-el-4  el_after_av_one_full  el_before_av_hr  column-top-margin\" style='border-radius:0px; '><section class=\"av_textblock_section \"  itemscope=\"itemscope\" itemtype=\"https:\/\/schema.org\/BlogPosting\" itemprop=\"blogPost\" ><div class='avia_textblock  '   itemprop=\"text\" ><p style=\"font-weight: 400; text-align: justify;\">En su primera actividad en la regi\u00f3n de Ays\u00e9n, el Ministro de Vivienda y Urbanismo, Felipe Ward, junto a la Delegada Presidencial Regional,\u00a0Margarita Ossa, al Seremi de Vivienda y Urbanismo,\u00a0Diego Silva, y al director de Serviu,\u00a0Nelson Quinteros, visitaron a la familia Ch\u00e1vez\u00a0Schenffeldt, beneficiaria de un subsidio del Fondo Solidario de Elecci\u00f3n de Vivienda DS49.<\/p>\n<p style=\"font-weight: 400; text-align: justify;\">En la ocasi\u00f3n, el Titular de la cartera anunci\u00f3 la superaci\u00f3n de la meta comprometida de asignaci\u00f3n de subsidios habitacionales en 2018 por el Presidente de la Rep\u00fablica Sebasti\u00e1n Pi\u00f1era.\u00a0La meta original para el periodo 2018-2022 era\u00a0<strong>2.700<\/strong>\u00a0y\u00a0<strong>a la fecha, se han asignado 2.974 subsidios cuantitativos<\/strong>.\u00a0Junto con esto, la autoridad comunic\u00f3 que durante el periodo se entregar\u00e1n 8.690 subsidios de mejoramiento de viviendas y condominios y a la fecha, se han asignado 5.211, los que han beneficiado a miles de familias en toda la regi\u00f3n de Ays\u00e9n del General Carlos Ib\u00e1\u00f1ez del Campo.<\/p>\n<p style=\"font-weight: 400; text-align: justify;\">Sobre esto, el Ministro\u00a0Felipe Ward\u00a0asegur\u00f3 que,\u00a0\u201cen materia habitacional se plante\u00f3 para el periodo 2018-2022 la entrega de 2.700 subsidios cuantitativos, que en el fondo son viviendas, no es mejoramiento, ni refacci\u00f3n de las viviendas, sino que es casas, ladrillos pegados, y a la fecha, ya llevamos 2.974, ojal\u00e1 tuvi\u00e9ramos estos n\u00fameros en cada una de las regiones de Chile. Finalmente es muy impresionante que, aun faltando algunos meses para el t\u00e9rmino del gobierno, tengamos estas cifras que nos hacen estar contentos. Hay que seguir trabajando y vamos a seguir aumentando esta cifra hasta el final, pero que, a meses de haber terminado el gobierno, ya se haya cumplido con la meta en materia de soluciones habitacionales en el d\u00e9ficit cuantitativo es algo que nos tiene muy contentos\u201d.<\/p>\n<p style=\"font-weight: 400; text-align: justify;\">Tambi\u00e9n, el Ministro Ward destac\u00f3 la generaci\u00f3n de nuevos empleos en la regi\u00f3n en el marco del\u00a0Plan de Recuperaci\u00f3n Econ\u00f3mica y Social\u00a0y asegur\u00f3 que este 2021\u00a0el Ministerio de Vivienda y Urbanismo generar\u00e1 1.763 puestos de trabajo en los distintos proyectos habitacionales y urbanos\u00a0que se ejecutan en la regi\u00f3n de Ays\u00e9n y la Ant\u00e1rtica Chilena,\u00a0con una inversi\u00f3n de US$57 millones.<\/p>\n<p style=\"font-weight: 400; text-align: justify;\">\u201cEn materia de empleos, tenemos muy buenos n\u00fameros tambi\u00e9n. Este a\u00f1o se han creado en la regi\u00f3n 1.763 empleos y en el periodo 2020-2021 se han creado 2.596. Este probablemente es el eje principal, se perdieron muchos empleos producto de la pandemia y se ha intentado ayudar con bastante \u00e9xito a trav\u00e9s de medidas concretas a las personas que lo han perdido\u201d, puntualiz\u00f3.<\/p>\n<p style=\"font-weight: 400; text-align: justify;\"><strong><u>Entrega de certificados DS1<\/u><\/strong><\/p>\n<p style=\"font-weight: 400; text-align: justify;\">En la oportunidad, el Titular de la cartera de Vivienda y Urbanismo tambi\u00e9n realiz\u00f3 la entrega de certificados del Subsidio para Sectores Medios DS1 a dos familias seleccionadas en el primer llamado de este 2021. En este primer cierre, hubo 60 beneficiarios en la regi\u00f3n de Ays\u00e9n del General Carlos Ib\u00e1\u00f1ez del Campo con una inversi\u00f3n de m\u00e1s de $162 millones de pesos.<\/p>\n<p style=\"font-weight: 400; text-align: justify;\">Sobre esto, Josseline Arriada, coment\u00f3: \u201cQuiero agradecer, porque llevo a\u00f1os postulando y al fin, voy a tener mi casa propia as\u00ed que muchas gracias\u201d. En ese sentido, el Ministro Ward asegur\u00f3 que \u201cNo hay ninguna transferencia m\u00e1s relevante que la vivienda desde el Estado hacia las personas\u201d.<\/p>\n<\/div><\/section><\/div><div  style='height:50px' class='hr hr-invisible   avia-builder-el-6  el_after_av_one_full  el_before_av_social_share '><span class='hr-inner ' ><span class='hr-inner-style'><\/span><\/span><\/div><\/p>\n<div  class='av-social-sharing-box  avia-builder-el-7  el_after_av_hr  el_before_av_hr  '><div class='av-share-box'><h5 class='av-share-link-description av-no-toc '>Compartir esta noticia<\/h5><ul class='av-share-box-list noLightbox'><li class='av-share-link av-social-link-facebook' ><a target=\"_blank\" aria-label=\"Compartir en Facebook\" href='https:\/\/www.facebook.com\/sharer.php?u=https:\/\/radiorevelacionfm.cl\/?p=9429&#038;t=Ministro%20Felipe%20Ward%20anuncia%20superaci%C3%B3n%20de%20meta%20en%20entrega%20de%20subsidios%20para%20la%20regi%C3%B3n%20de%20Ays%C3%A9n' aria-hidden='false' data-av_icon='\ue8f3' data-av_iconfont='entypo-fontello' title='' data-avia-related-tooltip='Compartir en Facebook' rel=\"noopener\"><span class='avia_hidden_link_text'>Compartir en Facebook<\/span><\/a><\/li><li class='av-share-link av-social-link-twitter' ><a target=\"_blank\" aria-label=\"Compartir en Twitter\" href='https:\/\/twitter.com\/share?text=Ministro%20Felipe%20Ward%20anuncia%20superaci%C3%B3n%20de%20meta%20en%20entrega%20de%20subsidios%20para%20la%20regi%C3%B3n%20de%20Ays%C3%A9n&#038;url=https:\/\/radiorevelacionfm.cl\/?p=9429' aria-hidden='false' data-av_icon='\ue8f1' data-av_iconfont='entypo-fontello' title='' data-avia-related-tooltip='Compartir en Twitter' rel=\"noopener\"><span class='avia_hidden_link_text'>Compartir en Twitter<\/span><\/a><\/li><li class='av-share-link av-social-link-whatsapp' ><a target=\"_blank\" aria-label=\"Compartir en Whatsapp\" href='https:\/\/api.whatsapp.com\/send?text=https:\/\/radiorevelacionfm.cl\/?p=9429' aria-hidden='false' data-av_icon='\uf232' data-av_iconfont='entypo-fontello' title='' data-avia-related-tooltip='Compartir en Whatsapp' rel=\"noopener\"><span class='avia_hidden_link_text'>Compartir en Whatsapp<\/span><\/a><\/li><li class='av-share-link av-social-link-linkedin' ><a target=\"_blank\" aria-label=\"Compartir en LinkedIn\" href='https:\/\/linkedin.com\/shareArticle?mini=true&#038;title=Ministro%20Felipe%20Ward%20anuncia%20superaci%C3%B3n%20de%20meta%20en%20entrega%20de%20subsidios%20para%20la%20regi%C3%B3n%20de%20Ays%C3%A9n&#038;url=https:\/\/radiorevelacionfm.cl\/?p=9429' aria-hidden='false' data-av_icon='\ue8fc' data-av_iconfont='entypo-fontello' title='' data-avia-related-tooltip='Compartir en LinkedIn' rel=\"noopener\"><span class='avia_hidden_link_text'>Compartir en LinkedIn<\/span><\/a><\/li><li class='av-share-link av-social-link-mail' ><a  aria-label=\"Compartir por correo\" href='mailto:?subject=Ministro%20Felipe%20Ward%20anuncia%20superaci%C3%B3n%20de%20meta%20en%20entrega%20de%20subsidios%20para%20la%20regi%C3%B3n%20de%20Ays%C3%A9n&#038;body=https:\/\/radiorevelacionfm.cl\/?p=9429' aria-hidden='false' data-av_icon='\ue805' data-av_iconfont='entypo-fontello' title='' data-avia-related-tooltip='Compartir por correo'><span class='avia_hidden_link_text'>Compartir por correo<\/span><\/a><\/li><\/ul><\/div><\/div>\n<div  style='height:50px' class='hr hr-invisible   avia-builder-el-8  el_after_av_social_share  el_before_av_comments_list '><span class='hr-inner ' ><span class='hr-inner-style'><\/span><\/span><\/div>\n<div  class='av-buildercomment  av-blog-meta-html-info-disabled av-blog-meta-tag-disabled  '><\/div>\n","protected":false},"excerpt":{"rendered":"","protected":false},"author":1,"featured_media":9431,"comment_status":"open","ping_status":"open","sticky":false,"template":"","format":"standard","meta":{"footnotes":""},"categories":[57],"tags":[],"class_list":["post-9429","post","type-post","status-publish","format-standard","has-post-thumbnail","hentry","category-vivienda"],"jetpack_featured_media_url":"https:\/\/radiorevelacionfm.cl\/wp-content\/uploads\/2021\/10\/image007-1.jpg","_links":{"self":[{"href":"https:\/\/radiorevelacionfm.cl\/index.php?rest_route=\/wp\/v2\/posts\/9429","targetHints":{"allow":["GET"]}}],"collection":[{"href":"https:\/\/radiorevelacionfm.cl\/index.php?rest_route=\/wp\/v2\/posts"}],"about":[{"href":"https:\/\/radiorevelacionfm.cl\/index.php?rest_route=\/wp\/v2\/types\/post"}],"author":[{"embeddable":true,"href":"https:\/\/radiorevelacionfm.cl\/index.php?rest_route=\/wp\/v2\/users\/1"}],"replies":[{"embeddable":true,"href":"https:\/\/radiorevelacionfm.cl\/index.php?rest_route=%2Fwp%2Fv2%2Fcomments&post=9429"}],"version-history":[{"count":1,"href":"https:\/\/radiorevelacionfm.cl\/index.php?rest_route=\/wp\/v2\/posts\/9429\/revisions"}],"predecessor-version":[{"id":9432,"href":"https:\/\/radiorevelacionfm.cl\/index.php?rest_route=\/wp\/v2\/posts\/9429\/revisions\/9432"}],"wp:featuredmedia":[{"embeddable":true,"href":"https:\/\/radiorevelacionfm.cl\/index.php?rest_route=\/wp\/v2\/media\/9431"}],"wp:attachment":[{"href":"https:\/\/radiorevelacionfm.cl\/index.php?rest_route=%2Fwp%2Fv2%2Fmedia&parent=9429"}],"wp:term":[{"taxonomy":"category","embeddable":true,"href":"https:\/\/radiorevelacionfm.cl\/index.php?rest_route=%2Fwp%2Fv2%2Fcategories&post=9429"},{"taxonomy":"post_tag","embeddable":true,"href":"https:\/\/radiorevelacionfm.cl\/index.php?rest_route=%2Fwp%2Fv2%2Ftags&post=9429"}],"curies":[{"name":"wp","href":"https:\/\/api.w.org\/{rel}","templated":true}]}}