{"id":9426,"date":"2021-10-07T11:36:46","date_gmt":"2021-10-07T14:36:46","guid":{"rendered":"https:\/\/radiorevelacionfm.cl\/?p=9426"},"modified":"2021-10-07T11:36:46","modified_gmt":"2021-10-07T14:36:46","slug":"ciep-y-gobierno-regional-trabajaran-conjuntamente-para-el-desarrollo-de-la-region","status":"publish","type":"post","link":"https:\/\/radiorevelacionfm.cl\/?p=9426","title":{"rendered":"CIEP y Gobierno Regional trabajar\u00e1n conjuntamente para el desarrollo de la regi\u00f3n"},"content":{"rendered":"<div class=\"flex_column av_one_full  flex_column_div av-zero-column-padding first  avia-builder-el-0  el_before_av_one_full  avia-builder-el-first  \" style='border-radius:0px; '><div  class='avia-image-container  av-styling-    avia-builder-el-1  avia-builder-el-no-sibling  avia-align-center '  itemprop=\"image\" itemscope=\"itemscope\" itemtype=\"https:\/\/schema.org\/ImageObject\"  ><div class='avia-image-container-inner'><div class='avia-image-overlay-wrap'><img decoding=\"async\" class='wp-image-9427 avia-img-lazy-loading-not-9427 avia_image' src=\"https:\/\/radiorevelacionfm.cl\/wp-content\/uploads\/2021\/10\/CIEP-GOB-R-2021-10-05-1-1.jpeg\" alt='' title='CIEP-GOB R 2021-10-05 (1) (1)' height=\"600\" width=\"900\"  itemprop=\"thumbnailUrl\" srcset=\"https:\/\/radiorevelacionfm.cl\/wp-content\/uploads\/2021\/10\/CIEP-GOB-R-2021-10-05-1-1.jpeg 900w, https:\/\/radiorevelacionfm.cl\/wp-content\/uploads\/2021\/10\/CIEP-GOB-R-2021-10-05-1-1-300x200.jpeg 300w, https:\/\/radiorevelacionfm.cl\/wp-content\/uploads\/2021\/10\/CIEP-GOB-R-2021-10-05-1-1-768x512.jpeg 768w, https:\/\/radiorevelacionfm.cl\/wp-content\/uploads\/2021\/10\/CIEP-GOB-R-2021-10-05-1-1-705x470.jpeg 705w, https:\/\/radiorevelacionfm.cl\/wp-content\/uploads\/2021\/10\/CIEP-GOB-R-2021-10-05-1-1-600x400.jpeg 600w\" sizes=\"(max-width: 900px) 100vw, 900px\" \/><\/div><\/div><\/div><\/div><div class=\"flex_column av_one_full  flex_column_div av-zero-column-padding first  avia-builder-el-2  el_after_av_one_full  el_before_av_one_full  column-top-margin\" style='border-radius:0px; '><section class=\"av_textblock_section \"  itemscope=\"itemscope\" itemtype=\"https:\/\/schema.org\/BlogPosting\" itemprop=\"blogPost\" ><div class='avia_textblock  '   itemprop=\"text\" ><p style=\"text-align: center;\"><span style=\"font-size: 18pt;\"><b>CIEP y Gobierno Regional trabajar\u00e1n conjuntamente para el desarrollo de la regi\u00f3n<\/b><\/span><\/p>\n<div id=\"gtx-trans\" style=\"position: absolute; left: -50px; top: 4.31534px;\">\n<div class=\"gtx-trans-icon\"><\/div>\n<\/div>\n<\/div><\/section><\/div><div class=\"flex_column av_one_full  flex_column_div av-zero-column-padding first  avia-builder-el-4  el_after_av_one_full  el_before_av_hr  column-top-margin\" style='border-radius:0px; '><section class=\"av_textblock_section \"  itemscope=\"itemscope\" itemtype=\"https:\/\/schema.org\/BlogPosting\" itemprop=\"blogPost\" ><div class='avia_textblock  '   itemprop=\"text\" ><p style=\"text-align: justify;\">Una extensa jornada de trabajo se realiz\u00f3 entre profesionales del Centro de Investigaci\u00f3n en Ecosistemas de la Patagonia (CIEP) y una delegaci\u00f3n del Gobierno Regional, encabezados por la Gobernadora Andrea Mac\u00edas Palma y el consejero regional Rodrigo Araya.<\/p>\n<p style=\"text-align: justify;\">En la reuni\u00f3n se presentaron las principales l\u00edneas de trabajo que se encuentra realizando el Centro, dentro de los que destacan tem\u00e1ticas relacionadas con la arqueolog\u00eda de los territorios m\u00e1s alejados de la regi\u00f3n, el estudio de los lagos y r\u00edos, el turismo sustentable, Laboratorio Eco Clim\u00e1tico y la pesca artesanal, entre muchos otros.<\/p>\n<p style=\"text-align: justify;\">Para el consejero Araya, la oportunidad servir\u00e1 para la formulaci\u00f3n de estrategias regionales pensando en c\u00f3mo combinar la ciencia y la pol\u00edtica p\u00fablica. \u00abHa sido una reuni\u00f3n donde hemos podido conocer las principales l\u00edneas de investigaci\u00f3n que maneja el CIEP, d\u00e1ndonos cuenta que toda la investigaci\u00f3n que se ha realizado tiene siempre un enfoque regional y basado en generar conocimiento en nuestra regi\u00f3n. Tambi\u00e9n es una tremenda oportunidad de c\u00f3mo tomar esta informaci\u00f3n en la toma de decisiones, y ah\u00ed se gener\u00f3 una larga conversaci\u00f3n de c\u00f3mo podemos mejorar la comunicaci\u00f3n entre los investigadores y sus resultados con las jefaturas de divisi\u00f3n del Gobierno Regional. Un trabajo por delante que viene muy interesante, especialmente pensando en terminar de actualizar la Estrategia Regional de Desarrollo con participaci\u00f3n ciudadana\u00bb, afirm\u00f3.<\/p>\n<p style=\"text-align: justify;\">En ese sentido, la voluntad de investigadores e investigadoras se encuentra a disposici\u00f3n. Seg\u00fan nos cuenta la Dra. \u00c1ngela Hern\u00e1ndez, investigadora residente de la l\u00ednea de ecosistemas terrestres: \u00abSe est\u00e1n generando lazos que hacen falta para que se pueda trabajar en la toma de decisiones con base en este conocimiento. La articulaci\u00f3n as\u00ed siempre es necesaria con base en la evoluci\u00f3n y crecimiento del territorio. Con esto, podemos generar inclusive conocimiento m\u00e1s aplicado con bases reales y sentidas para la regi\u00f3n de Ays\u00e9n\u00bb, puntualiz\u00f3.<\/p>\n<p style=\"text-align: justify;\"><b>Conocimiento desde el territorio<\/b><\/p>\n<p style=\"text-align: justify;\">Buscando fortalecer los lazos entre los profesionales de la ciencia y el Gobierno Regional, la m\u00e1xima autoridad de la regi\u00f3n recalc\u00f3 la relevancia que la generaci\u00f3n del conocimiento provenga desde las mismas comunidades.<\/p>\n<p style=\"text-align: justify;\">\u00abTuvimos un espacio de trabajo muy productivo con el CIEP, porque eso hoy nos viene a plantear nuevos desaf\u00edos, fortaleciendo algunas que ya est\u00e1n en funcionamiento incluso. Como Gobierno Regional requerimos mayor instalaci\u00f3n de capacidades por lo que el trabajo conjunto ser\u00e1 fundamental. Relevar que este es nuestro Centro, por lo que siempre debe estar al servicio de la regi\u00f3n y de cada una de las personas que la habita\u00bb, dijo la Gobernadora Mac\u00edas.<\/p>\n<p style=\"text-align: justify;\">Por su parte el Dr. Brian Reid, subdirector cient\u00edfico del CIEP, recalc\u00f3 lo in\u00e9dito de la experiencia. \u00abHa habido muy pocas instancias como esta, por lo menos en mis 14 a\u00f1os que llev\u00f3 ac\u00e1. Para mi, la necesidad de definir prioridades para la regi\u00f3n es importante. Yo veo una relaci\u00f3n que se retroalimenta donde dialogan varias partes para definirlo. Finalmente, en nuestro CIEP tenemos que ver c\u00f3mo reaccionar ante estas necesidades\u00bb, sostuvo.<\/p>\n<p style=\"text-align: justify;\">La vinculaci\u00f3n de la academia y la comunidad planea ser una de las perspectivas de trabajo del Gobierno Regional en el entendido de lo necesario que es la evidencia cient\u00edfica para el desarrollo de la regi\u00f3n de Ays\u00e9n y sus territorios.<\/p>\n<\/div><\/section><\/div><div  style='height:50px' class='hr hr-invisible   avia-builder-el-6  el_after_av_one_full  el_before_av_social_share '><span class='hr-inner ' ><span class='hr-inner-style'><\/span><\/span><\/div><\/p>\n<div  class='av-social-sharing-box  avia-builder-el-7  el_after_av_hr  el_before_av_hr  '><div class='av-share-box'><h5 class='av-share-link-description av-no-toc '>Compartir esta noticia<\/h5><ul class='av-share-box-list noLightbox'><li class='av-share-link av-social-link-facebook' ><a target=\"_blank\" aria-label=\"Compartir en Facebook\" href='https:\/\/www.facebook.com\/sharer.php?u=https:\/\/radiorevelacionfm.cl\/?p=9426&#038;t=CIEP%20y%20Gobierno%20Regional%20trabajar%C3%A1n%20conjuntamente%20para%20el%20desarrollo%20de%20la%20regi%C3%B3n' aria-hidden='false' data-av_icon='\ue8f3' data-av_iconfont='entypo-fontello' title='' data-avia-related-tooltip='Compartir en Facebook' rel=\"noopener\"><span class='avia_hidden_link_text'>Compartir en Facebook<\/span><\/a><\/li><li class='av-share-link av-social-link-twitter' ><a target=\"_blank\" aria-label=\"Compartir en Twitter\" href='https:\/\/twitter.com\/share?text=CIEP%20y%20Gobierno%20Regional%20trabajar%C3%A1n%20conjuntamente%20para%20el%20desarrollo%20de%20la%20regi%C3%B3n&#038;url=https:\/\/radiorevelacionfm.cl\/?p=9426' aria-hidden='false' data-av_icon='\ue8f1' data-av_iconfont='entypo-fontello' title='' data-avia-related-tooltip='Compartir en Twitter' rel=\"noopener\"><span class='avia_hidden_link_text'>Compartir en Twitter<\/span><\/a><\/li><li class='av-share-link av-social-link-whatsapp' ><a target=\"_blank\" aria-label=\"Compartir en Whatsapp\" href='https:\/\/api.whatsapp.com\/send?text=https:\/\/radiorevelacionfm.cl\/?p=9426' aria-hidden='false' data-av_icon='\uf232' data-av_iconfont='entypo-fontello' title='' data-avia-related-tooltip='Compartir en Whatsapp' rel=\"noopener\"><span class='avia_hidden_link_text'>Compartir en Whatsapp<\/span><\/a><\/li><li class='av-share-link av-social-link-linkedin' ><a target=\"_blank\" aria-label=\"Compartir en LinkedIn\" href='https:\/\/linkedin.com\/shareArticle?mini=true&#038;title=CIEP%20y%20Gobierno%20Regional%20trabajar%C3%A1n%20conjuntamente%20para%20el%20desarrollo%20de%20la%20regi%C3%B3n&#038;url=https:\/\/radiorevelacionfm.cl\/?p=9426' aria-hidden='false' data-av_icon='\ue8fc' data-av_iconfont='entypo-fontello' title='' data-avia-related-tooltip='Compartir en LinkedIn' rel=\"noopener\"><span class='avia_hidden_link_text'>Compartir en LinkedIn<\/span><\/a><\/li><li class='av-share-link av-social-link-mail' ><a  aria-label=\"Compartir por correo\" href='mailto:?subject=CIEP%20y%20Gobierno%20Regional%20trabajar%C3%A1n%20conjuntamente%20para%20el%20desarrollo%20de%20la%20regi%C3%B3n&#038;body=https:\/\/radiorevelacionfm.cl\/?p=9426' aria-hidden='false' data-av_icon='\ue805' data-av_iconfont='entypo-fontello' title='' data-avia-related-tooltip='Compartir por correo'><span class='avia_hidden_link_text'>Compartir por correo<\/span><\/a><\/li><\/ul><\/div><\/div>\n<div  style='height:50px' class='hr hr-invisible   avia-builder-el-8  el_after_av_social_share  el_before_av_comments_list '><span class='hr-inner ' ><span class='hr-inner-style'><\/span><\/span><\/div>\n<div  class='av-buildercomment  av-blog-meta-html-info-disabled av-blog-meta-tag-disabled  '><\/div>\n","protected":false},"excerpt":{"rendered":"","protected":false},"author":1,"featured_media":9427,"comment_status":"open","ping_status":"open","sticky":false,"template":"","format":"standard","meta":{"footnotes":""},"categories":[38],"tags":[],"class_list":["post-9426","post","type-post","status-publish","format-standard","has-post-thumbnail","hentry","category-regional"],"jetpack_featured_media_url":"https:\/\/radiorevelacionfm.cl\/wp-content\/uploads\/2021\/10\/CIEP-GOB-R-2021-10-05-1-1.jpeg","_links":{"self":[{"href":"https:\/\/radiorevelacionfm.cl\/index.php?rest_route=\/wp\/v2\/posts\/9426","targetHints":{"allow":["GET"]}}],"collection":[{"href":"https:\/\/radiorevelacionfm.cl\/index.php?rest_route=\/wp\/v2\/posts"}],"about":[{"href":"https:\/\/radiorevelacionfm.cl\/index.php?rest_route=\/wp\/v2\/types\/post"}],"author":[{"embeddable":true,"href":"https:\/\/radiorevelacionfm.cl\/index.php?rest_route=\/wp\/v2\/users\/1"}],"replies":[{"embeddable":true,"href":"https:\/\/radiorevelacionfm.cl\/index.php?rest_route=%2Fwp%2Fv2%2Fcomments&post=9426"}],"version-history":[{"count":1,"href":"https:\/\/radiorevelacionfm.cl\/index.php?rest_route=\/wp\/v2\/posts\/9426\/revisions"}],"predecessor-version":[{"id":9428,"href":"https:\/\/radiorevelacionfm.cl\/index.php?rest_route=\/wp\/v2\/posts\/9426\/revisions\/9428"}],"wp:featuredmedia":[{"embeddable":true,"href":"https:\/\/radiorevelacionfm.cl\/index.php?rest_route=\/wp\/v2\/media\/9427"}],"wp:attachment":[{"href":"https:\/\/radiorevelacionfm.cl\/index.php?rest_route=%2Fwp%2Fv2%2Fmedia&parent=9426"}],"wp:term":[{"taxonomy":"category","embeddable":true,"href":"https:\/\/radiorevelacionfm.cl\/index.php?rest_route=%2Fwp%2Fv2%2Fcategories&post=9426"},{"taxonomy":"post_tag","embeddable":true,"href":"https:\/\/radiorevelacionfm.cl\/index.php?rest_route=%2Fwp%2Fv2%2Ftags&post=9426"}],"curies":[{"name":"wp","href":"https:\/\/api.w.org\/{rel}","templated":true}]}}