{"id":9419,"date":"2021-10-07T10:54:47","date_gmt":"2021-10-07T13:54:47","guid":{"rendered":"https:\/\/radiorevelacionfm.cl\/?p=9419"},"modified":"2021-10-07T10:54:47","modified_gmt":"2021-10-07T13:54:47","slug":"por-primera-vez-se-entrega-el-sello-de-marca-aysen-patagonia-a-productor-de-miel","status":"publish","type":"post","link":"https:\/\/radiorevelacionfm.cl\/?p=9419","title":{"rendered":"Por primera vez se entrega el sello de marca Ays\u00e9n-Patagonia a productor de miel"},"content":{"rendered":"<div class=\"flex_column av_one_full  flex_column_div av-zero-column-padding first  avia-builder-el-0  el_before_av_one_full  avia-builder-el-first  \" style='border-radius:0px; '><div  class='avia-image-container  av-styling-    avia-builder-el-1  avia-builder-el-no-sibling  avia-align-center '  itemprop=\"image\" itemscope=\"itemscope\" itemtype=\"https:\/\/schema.org\/ImageObject\"  ><div class='avia-image-container-inner'><div class='avia-image-overlay-wrap'><img decoding=\"async\" class='wp-image-9420 avia-img-lazy-loading-not-9420 avia_image' src=\"https:\/\/radiorevelacionfm.cl\/wp-content\/uploads\/2021\/10\/Sello-Calidad-Miel0-1-1.jpg\" alt='' title='Sello Calidad Miel0 (1) (1)' height=\"600\" width=\"1190\"  itemprop=\"thumbnailUrl\" srcset=\"https:\/\/radiorevelacionfm.cl\/wp-content\/uploads\/2021\/10\/Sello-Calidad-Miel0-1-1.jpg 1190w, https:\/\/radiorevelacionfm.cl\/wp-content\/uploads\/2021\/10\/Sello-Calidad-Miel0-1-1-300x151.jpg 300w, https:\/\/radiorevelacionfm.cl\/wp-content\/uploads\/2021\/10\/Sello-Calidad-Miel0-1-1-1030x519.jpg 1030w, https:\/\/radiorevelacionfm.cl\/wp-content\/uploads\/2021\/10\/Sello-Calidad-Miel0-1-1-768x387.jpg 768w, https:\/\/radiorevelacionfm.cl\/wp-content\/uploads\/2021\/10\/Sello-Calidad-Miel0-1-1-705x355.jpg 705w, https:\/\/radiorevelacionfm.cl\/wp-content\/uploads\/2021\/10\/Sello-Calidad-Miel0-1-1-600x303.jpg 600w\" sizes=\"(max-width: 1190px) 100vw, 1190px\" \/><\/div><\/div><\/div><\/div><div class=\"flex_column av_one_full  flex_column_div av-zero-column-padding first  avia-builder-el-2  el_after_av_one_full  el_before_av_one_full  column-top-margin\" style='border-radius:0px; '><section class=\"av_textblock_section \"  itemscope=\"itemscope\" itemtype=\"https:\/\/schema.org\/BlogPosting\" itemprop=\"blogPost\" ><div class='avia_textblock  '   itemprop=\"text\" ><p style=\"text-align: center;\"><strong><span style=\"font-size: 18pt;\">Por primera vez se entrega el sello de marca Ays\u00e9n-Patagonia a productor de miel<\/span><\/strong><\/p>\n<div id=\"gtx-trans\" style=\"position: absolute; left: -50px; top: 4.31534px;\">\n<div class=\"gtx-trans-icon\"><\/div>\n<\/div>\n<\/div><\/section><\/div><div class=\"flex_column av_one_full  flex_column_div av-zero-column-padding first  avia-builder-el-4  el_after_av_one_full  el_before_av_hr  column-top-margin\" style='border-radius:0px; '><section class=\"av_textblock_section \"  itemscope=\"itemscope\" itemtype=\"https:\/\/schema.org\/BlogPosting\" itemprop=\"blogPost\" ><div class='avia_textblock  '   itemprop=\"text\" ><p style=\"text-align: justify;\">De manos de la Gobernadora Regional Andrea Mac\u00edas Palma y los consejeros Rodrigo Araya y Rocco Martiniello, se hizo entrega de la marca de certificaci\u00f3n de calidad que busca mostrar un elemento diferenciador de productos y servicios regionales que cumplan est\u00e1ndares de calidad.<\/p>\n<p style=\"text-align: justify;\">Por primera vez este sello ser\u00e1 para un productor de miel, Sebasti\u00e1n Friyz, quien lleva trabajando en el rubro ap\u00edcola desde el a\u00f1o 2005, produciendo en formato de frasco de vidrio de 350, 650 y 1350 gramos, adem\u00e1s de miel en panal. Es Secretario de la Cooperativa Ap\u00edcola de Ays\u00e9n Ltda. que se conform\u00f3 en el a\u00f1o 2017 y ya ha iniciado las gestiones para exportar muestras a Inglaterra y a Emiratos \u00c1rabes.<\/p>\n<div style=\"text-align: justify;\">\u00abEstamos muy contentos de contar con esta certificaci\u00f3n que es producto de a\u00f1os de esfuerzos y mejora continua, poniendo en valor la producci\u00f3n y acreditando que es producida en Ays\u00e9n y con altos est\u00e1ndares de calidad. As\u00ed que estamos felices, muy agradecidos y esperando m\u00e1s oportunidades de crecimiento\u00bb, dijo Sebasti\u00e1n en la oportunidad.<\/div>\n<div><\/div>\n<div style=\"text-align: justify;\">\n<p>En representaci\u00f3n de la Comisi\u00f3n de Fomento Productivo del Consejo Regional, el consejero Martiniello, destac\u00f3 la instancia. \u00abQueremos felicitar esta iniciativa que nos entrega la naturaleza. La naturaleza es muy sabia y la organizaci\u00f3n m\u00e1s perfecta son las abejas que trabajan en equipo. Es as\u00ed que este trabajo va a potenciar a la regi\u00f3n de Ays\u00e9n a trav\u00e9s de Sebasti\u00e1n que lleva este producto a Chile y el mundo\u00bb, sostuvo.<\/p>\n<p><b>Marca de renombre internacional<\/b><\/p>\n<p>La Estrategia Regional de Desarrollo establece que la diferenciaci\u00f3n de los productos son determinantes para la mayor competitividad y permite posicionar a lo mejor de la regi\u00f3n en el mercado nacional e internacional. Una excelencia que presentan productos que tengan caracter\u00edsticas de ser producidos en zonas libres de contaminaci\u00f3n y sin la utilizaci\u00f3n de insumos que pudiesen alterar su calidad.<\/p>\n<p>Para el consejero regional Rodrigo Araya, el trabajo conjunto con las instituciones p\u00fablicas es clave para seguir desarrollando la excelencia. \u00abEste sello es producto del trabajo que ha hecho la Divisi\u00f3n de Fomento e Industria (DIFOI) respecto a la generaci\u00f3n de nuevos grupos de calidad, en este caso la miel, pero tambi\u00e9n destacar que como GORE tenemos que tener las alianzas con los servicios p\u00fablicos que tienen la capacidad t\u00e9cnica de certificar que estos productos cumplan con la normativa de calidad\u00bb, afirm\u00f3.<\/p>\n<p>Finalmente, la Gobernadora Regional Andrea Mac\u00edas hizo el llamado a todos los productores de la regi\u00f3n a acceder a la marca y entreguen valor agregado a los servicios y productos que son por ellos trabajados. \u00abComo Gobierno Regional estamos comprometidos con todas estas l\u00edneas porque necesitamos, como regi\u00f3n, aprender a poner en valor nuestro trabajo, nuestros bosques, nuestra tierra libre de t\u00f3xicos y productos org\u00e1nicos. Queremos aportar al \u00e9xito de todos los procesos productivos de la regi\u00f3n de Ays\u00e9n\u00bb.<\/p>\n<\/div>\n<\/div><\/section><\/div><div  style='height:50px' class='hr hr-invisible   avia-builder-el-6  el_after_av_one_full  el_before_av_social_share '><span class='hr-inner ' ><span class='hr-inner-style'><\/span><\/span><\/div><\/p>\n<div  class='av-social-sharing-box  avia-builder-el-7  el_after_av_hr  el_before_av_hr  '><div class='av-share-box'><h5 class='av-share-link-description av-no-toc '>Compartir esta noticia<\/h5><ul class='av-share-box-list noLightbox'><li class='av-share-link av-social-link-facebook' ><a target=\"_blank\" aria-label=\"Compartir en Facebook\" href='https:\/\/www.facebook.com\/sharer.php?u=https:\/\/radiorevelacionfm.cl\/?p=9419&#038;t=Por%20primera%20vez%20se%20entrega%20el%20sello%20de%20marca%20Ays%C3%A9n-Patagonia%20a%20productor%20de%20miel' aria-hidden='false' data-av_icon='\ue8f3' data-av_iconfont='entypo-fontello' title='' data-avia-related-tooltip='Compartir en Facebook' rel=\"noopener\"><span class='avia_hidden_link_text'>Compartir en Facebook<\/span><\/a><\/li><li class='av-share-link av-social-link-twitter' ><a target=\"_blank\" aria-label=\"Compartir en Twitter\" href='https:\/\/twitter.com\/share?text=Por%20primera%20vez%20se%20entrega%20el%20sello%20de%20marca%20Ays%C3%A9n-Patagonia%20a%20productor%20de%20miel&#038;url=https:\/\/radiorevelacionfm.cl\/?p=9419' aria-hidden='false' data-av_icon='\ue8f1' data-av_iconfont='entypo-fontello' title='' data-avia-related-tooltip='Compartir en Twitter' rel=\"noopener\"><span class='avia_hidden_link_text'>Compartir en Twitter<\/span><\/a><\/li><li class='av-share-link av-social-link-whatsapp' ><a target=\"_blank\" aria-label=\"Compartir en Whatsapp\" href='https:\/\/api.whatsapp.com\/send?text=https:\/\/radiorevelacionfm.cl\/?p=9419' aria-hidden='false' data-av_icon='\uf232' data-av_iconfont='entypo-fontello' title='' data-avia-related-tooltip='Compartir en Whatsapp' rel=\"noopener\"><span class='avia_hidden_link_text'>Compartir en Whatsapp<\/span><\/a><\/li><li class='av-share-link av-social-link-linkedin' ><a target=\"_blank\" aria-label=\"Compartir en LinkedIn\" href='https:\/\/linkedin.com\/shareArticle?mini=true&#038;title=Por%20primera%20vez%20se%20entrega%20el%20sello%20de%20marca%20Ays%C3%A9n-Patagonia%20a%20productor%20de%20miel&#038;url=https:\/\/radiorevelacionfm.cl\/?p=9419' aria-hidden='false' data-av_icon='\ue8fc' data-av_iconfont='entypo-fontello' title='' data-avia-related-tooltip='Compartir en LinkedIn' rel=\"noopener\"><span class='avia_hidden_link_text'>Compartir en LinkedIn<\/span><\/a><\/li><li class='av-share-link av-social-link-mail' ><a  aria-label=\"Compartir por correo\" href='mailto:?subject=Por%20primera%20vez%20se%20entrega%20el%20sello%20de%20marca%20Ays%C3%A9n-Patagonia%20a%20productor%20de%20miel&#038;body=https:\/\/radiorevelacionfm.cl\/?p=9419' aria-hidden='false' data-av_icon='\ue805' data-av_iconfont='entypo-fontello' title='' data-avia-related-tooltip='Compartir por correo'><span class='avia_hidden_link_text'>Compartir por correo<\/span><\/a><\/li><\/ul><\/div><\/div>\n<div  style='height:50px' class='hr hr-invisible   avia-builder-el-8  el_after_av_social_share  el_before_av_comments_list '><span class='hr-inner ' ><span class='hr-inner-style'><\/span><\/span><\/div>\n<div  class='av-buildercomment  av-blog-meta-html-info-disabled av-blog-meta-tag-disabled  '><\/div>\n","protected":false},"excerpt":{"rendered":"","protected":false},"author":1,"featured_media":9420,"comment_status":"open","ping_status":"open","sticky":false,"template":"","format":"standard","meta":{"footnotes":""},"categories":[38],"tags":[],"class_list":["post-9419","post","type-post","status-publish","format-standard","has-post-thumbnail","hentry","category-regional"],"jetpack_featured_media_url":"https:\/\/radiorevelacionfm.cl\/wp-content\/uploads\/2021\/10\/Sello-Calidad-Miel0-1-1.jpg","_links":{"self":[{"href":"https:\/\/radiorevelacionfm.cl\/index.php?rest_route=\/wp\/v2\/posts\/9419","targetHints":{"allow":["GET"]}}],"collection":[{"href":"https:\/\/radiorevelacionfm.cl\/index.php?rest_route=\/wp\/v2\/posts"}],"about":[{"href":"https:\/\/radiorevelacionfm.cl\/index.php?rest_route=\/wp\/v2\/types\/post"}],"author":[{"embeddable":true,"href":"https:\/\/radiorevelacionfm.cl\/index.php?rest_route=\/wp\/v2\/users\/1"}],"replies":[{"embeddable":true,"href":"https:\/\/radiorevelacionfm.cl\/index.php?rest_route=%2Fwp%2Fv2%2Fcomments&post=9419"}],"version-history":[{"count":1,"href":"https:\/\/radiorevelacionfm.cl\/index.php?rest_route=\/wp\/v2\/posts\/9419\/revisions"}],"predecessor-version":[{"id":9421,"href":"https:\/\/radiorevelacionfm.cl\/index.php?rest_route=\/wp\/v2\/posts\/9419\/revisions\/9421"}],"wp:featuredmedia":[{"embeddable":true,"href":"https:\/\/radiorevelacionfm.cl\/index.php?rest_route=\/wp\/v2\/media\/9420"}],"wp:attachment":[{"href":"https:\/\/radiorevelacionfm.cl\/index.php?rest_route=%2Fwp%2Fv2%2Fmedia&parent=9419"}],"wp:term":[{"taxonomy":"category","embeddable":true,"href":"https:\/\/radiorevelacionfm.cl\/index.php?rest_route=%2Fwp%2Fv2%2Fcategories&post=9419"},{"taxonomy":"post_tag","embeddable":true,"href":"https:\/\/radiorevelacionfm.cl\/index.php?rest_route=%2Fwp%2Fv2%2Ftags&post=9419"}],"curies":[{"name":"wp","href":"https:\/\/api.w.org\/{rel}","templated":true}]}}