{"id":9415,"date":"2021-10-07T10:15:03","date_gmt":"2021-10-07T13:15:03","guid":{"rendered":"https:\/\/radiorevelacionfm.cl\/?p=9415"},"modified":"2021-10-07T10:15:03","modified_gmt":"2021-10-07T13:15:03","slug":"carabineros-de-balmaceda-y-el-blanco-detuvo-a-dos-personas-y-decomiso-millonario-cargamento-de-fuegos-artificiales-internados-por-paso-no-habilitado","status":"publish","type":"post","link":"https:\/\/radiorevelacionfm.cl\/?p=9415","title":{"rendered":"Carabineros de Balmaceda y El Blanco detuvo a dos personas y decomis\u00f3 millonario cargamento de fuegos artificiales internados por paso no habilitado"},"content":{"rendered":"<div class=\"flex_column av_one_full  flex_column_div av-zero-column-padding first  avia-builder-el-0  el_before_av_one_full  avia-builder-el-first  \" style='border-radius:0px; '><div  class='avia-image-container  av-styling-    avia-builder-el-1  avia-builder-el-no-sibling  avia-align-center '  itemprop=\"image\" itemscope=\"itemscope\" itemtype=\"https:\/\/schema.org\/ImageObject\"  ><div class='avia-image-container-inner'><div class='avia-image-overlay-wrap'><img decoding=\"async\" class='wp-image-9416 avia-img-lazy-loading-not-9416 avia_image' src=\"https:\/\/radiorevelacionfm.cl\/wp-content\/uploads\/2021\/10\/Decomiso_131636-1-1.jpg\" alt='' title='Decomiso_131636 (1) (1)' height=\"600\" width=\"1067\"  itemprop=\"thumbnailUrl\" srcset=\"https:\/\/radiorevelacionfm.cl\/wp-content\/uploads\/2021\/10\/Decomiso_131636-1-1.jpg 1067w, https:\/\/radiorevelacionfm.cl\/wp-content\/uploads\/2021\/10\/Decomiso_131636-1-1-300x169.jpg 300w, https:\/\/radiorevelacionfm.cl\/wp-content\/uploads\/2021\/10\/Decomiso_131636-1-1-1030x579.jpg 1030w, https:\/\/radiorevelacionfm.cl\/wp-content\/uploads\/2021\/10\/Decomiso_131636-1-1-768x432.jpg 768w, https:\/\/radiorevelacionfm.cl\/wp-content\/uploads\/2021\/10\/Decomiso_131636-1-1-705x396.jpg 705w, https:\/\/radiorevelacionfm.cl\/wp-content\/uploads\/2021\/10\/Decomiso_131636-1-1-600x337.jpg 600w\" sizes=\"(max-width: 1067px) 100vw, 1067px\" \/><\/div><\/div><\/div><\/div><div class=\"flex_column av_one_full  flex_column_div av-zero-column-padding first  avia-builder-el-2  el_after_av_one_full  el_before_av_one_full  column-top-margin\" style='border-radius:0px; '><section class=\"av_textblock_section \"  itemscope=\"itemscope\" itemtype=\"https:\/\/schema.org\/BlogPosting\" itemprop=\"blogPost\" ><div class='avia_textblock  '   itemprop=\"text\" ><p style=\"text-align: center;\"><span style=\"font-size: 18pt;\"><b>Carabineros de Balmaceda y El Blanco detuvo a dos personas y decomis\u00f3 millonario cargamento de fuegos artificiales internados por paso no habilitado<\/b><\/span><\/p>\n<div id=\"gtx-trans\" style=\"position: absolute; left: -50px; top: 4.31534px;\">\n<div class=\"gtx-trans-icon\"><\/div>\n<\/div>\n<\/div><\/section><\/div><div class=\"flex_column av_one_full  flex_column_div av-zero-column-padding first  avia-builder-el-4  el_after_av_one_full  el_before_av_hr  column-top-margin\" style='border-radius:0px; '><section class=\"av_textblock_section \"  itemscope=\"itemscope\" itemtype=\"https:\/\/schema.org\/BlogPosting\" itemprop=\"blogPost\" ><div class='avia_textblock  '   itemprop=\"text\" ><p style=\"text-align: justify;\">Dos personas detenidas por infracci\u00f3n a la ley de control de armas y explosivos tras la incautaci\u00f3n de un cami\u00f3n que transportaba cerca de 100 mil unidades de fuegos artificiales, fue el resultado de un control y fiscalizaci\u00f3n carretera efectuado por personal de Carabineros de la Subcomisar\u00eda Balmaceda (F) con apoyo de Carabineros del Ret\u00e9n El Blanco, en virtud de la planificaci\u00f3n de m\u00faltiples servicios desarrollados preventivos en las rutas de la regi\u00f3n.<\/p>\n<p style=\"text-align: justify;\">El General Hugo Zenteno V\u00e1squez, Jefe de la XI Zona de Carabineros Ays\u00e9n indic\u00f3 que diligencias efectuadas permitieron identificar la existencia de un paso no habilitado, por el cual habr\u00eda sido ingresada al territorio nacional la carga de contrabando de mercanc\u00edas prohibidas y controladas.<\/p>\n<p style=\"text-align: justify;\">\u00abSe logr\u00f3 identificar por un paso no habilitado en Portezuelo, el ingreso ilegal de un cami\u00f3n conjuntamente con dos personas adultas \u2013un ciudadano chileno y otro argentino- los cuales al ser fiscalizados en la ruta de Balmaceda a Coyhaique (ruta X-699 con ruta CH-245), eludi\u00f3 el control, se dio a la fuga, fue interceptado por los carabineros logrando la detenci\u00f3n de ambas personas conjuntamente con el veh\u00edculo que transportaba 737 cajas de fuegos de artificio. Hablamos de m\u00e1s de 100 mil unidades y que est\u00e1 en proceso de contabilizaci\u00f3n por parte de Carabineros\u00bb, expres\u00f3 el Jefe de Zona.<\/p>\n<p style=\"text-align: justify;\">Dicha situaci\u00f3n se gest\u00f3 pasadas las 08:00 horas del mi\u00e9rcoles en circunstancias en que un dispositivo integrado por los Sargentos 2do. Enrique Cisternas Reyes y Milton Leal Suazo realizaba un patrullaje preventivo por la ruta X-699 junto con efectuar una vigilancia del l\u00edmite pol\u00edtico internacional, divisan en el trayecto un cami\u00f3n sin patentes y con su carga cubierta por una lona, el cual tras hacer caso omiso a la fiscalizaci\u00f3n se dio a la fuga por aproximadamente 5 kil\u00f3metros, siendo seguido y controlado por carabineros. Al revisar la carga, el personal se percat\u00f3 que se trataba de pirotecnia, siendo ambas personas detenidas por este hecho.<\/p>\n<p style=\"text-align: justify;\"><b>Incautaci\u00f3n evitar\u00e1 lesiones y da\u00f1os<\/b><\/p>\n<p style=\"text-align: justify;\">El Oficial General a\u00f1adi\u00f3 que el procedimiento desarrollado en coordinaci\u00f3n con la Fiscal\u00eda local de Coyhaique, ha sido apoyado por el Laboratorio de Criminal\u00edstica institucional (Labocar), el Grupo de Operaciones Policiales Especiales (GOPE) as\u00ed como por la Secci\u00f3n OS-7 a trav\u00e9s del can detector de drogas \u00abGazu\u00bb con la finalidad de determinar la existencia o no de\u00a0alguna sustancia prohibida en la carga incautada.<\/p>\n<p style=\"text-align: justify;\">Hasta el cierre de esta edici\u00f3n, Carabineros junto al Servicio Nacional de Aduanas, contin\u00faa el proceso de conteo de la millonaria carga que fue sacada de circulaci\u00f3n, mercader\u00eda que por instrucci\u00f3n de la Fiscal\u00eda fue entregada a Aduanas para su resguardo, valoraci\u00f3n y almacenaje en un lugar seguro.<\/p>\n<p style=\"text-align: justify;\">\u00abEstos fuegos artificiales no van a llegar a manos de personas que se puedan lesionar, lesionar a otras o que puedan provocar alg\u00fan incendio. Estamos siempre en la frontera presente, controlando y esto obedece a una planificaci\u00f3n para poder detectar este tipo de situaciones (&#8230;) hoy fue un \u00e9xito donde los carabineros con compromiso y valor han desarrollado un control y han detectado este il\u00edcito de poder incautar esta gran cantidad de cajas de fuegos artificiales\u00bb, indic\u00f3 el General Zenteno, quien -sin especificar una cifra- indic\u00f3 que se trata de una carga avaluada en millones de pesos.<\/p>\n<p style=\"text-align: justify;\"><b>Indagan destino<\/b><\/p>\n<p style=\"text-align: justify;\">Actualmente, la Instituci\u00f3n desarrolla diligencias orientadas a establecer el destino de la carga, indagatorias en la que igualmente se encuentra trabajando Aduanas, sumado a coordinaciones con la PDI con la finalidad de establecer la situaci\u00f3n migratoria de los ciudadanos chileno y argentino.<\/p>\n<p style=\"text-align: justify;\">\u00abEl destino puede ser Coyhaique o cualquier otra ciudad de nuestro pa\u00eds, por lo tanto, se est\u00e1n desarrollando las l\u00edneas investigativas para poder determinar cu\u00e1l era el destino efectivo\u00bb, indic\u00f3 el Jefe de Zona.<\/p>\n<p style=\"text-align: justify;\">Los detenidos fueron derivados al hospital regional para la constataci\u00f3n de lesiones quienes en el transcurso de este jueves pasar\u00e1n al control de detenci\u00f3n, en tanto que los antecedentes del procedimiento fueron puestos en conocimiento de la Fiscal\u00eda que dirige investigaci\u00f3n por este hecho.<\/p>\n<p style=\"text-align: justify;\"><b>Prohibidos en chile desde el a\u00f1o 2000<\/b><\/p>\n<p style=\"text-align: justify;\">La gran cantidad de menores quemados, mutilados e inclusive fallecidos motiv\u00f3 la prohibici\u00f3n del uso de fuegos artificiales en nuestro pa\u00eds, luego que la ley 19.680 que proh\u00edbe el uso de fuegos artificiales y la reforma a la ley 17.798 sobre control de armas y explosivos que se public\u00f3 en el Diario Oficial el 25 de mayo del a\u00f1o 2000.<\/p>\n<p style=\"text-align: justify;\">Su comercializaci\u00f3n implica multas que var\u00edan entre 10 a 50 unidades tributarias mensuales (UTM), con posibilidad de clausura del local y de 25 a 75 UTM para quien fabrique este tipo de elementos pirot\u00e9cnicos, con posibilidad de cierre del establecimiento.<\/p>\n<p style=\"text-align: justify;\">Hoy en d\u00eda en nuestro pa\u00eds se encuentra prohibido el uso, venta, importaci\u00f3n, tenencia y transporte.<\/p>\n<p style=\"text-align: justify;\">Carabineros formul\u00f3 un llamado a no adquirir y denunciar la venta de este producto, contribuyendo evitar que ni\u00f1os o espectadores resulten lesionados producto de su manipulaci\u00f3n, permitiendo iniciar los procesos investigativos y derivar los antecedentes a los tribunales de justicia.<\/p>\n<\/div><\/section><\/div><div  style='height:50px' class='hr hr-invisible   avia-builder-el-6  el_after_av_one_full  el_before_av_social_share '><span class='hr-inner ' ><span class='hr-inner-style'><\/span><\/span><\/div><\/p>\n<div  class='av-social-sharing-box  avia-builder-el-7  el_after_av_hr  el_before_av_hr  '><div class='av-share-box'><h5 class='av-share-link-description av-no-toc '>Compartir esta noticia<\/h5><ul class='av-share-box-list noLightbox'><li class='av-share-link av-social-link-facebook' ><a target=\"_blank\" aria-label=\"Compartir en Facebook\" href='https:\/\/www.facebook.com\/sharer.php?u=https:\/\/radiorevelacionfm.cl\/?p=9415&#038;t=Carabineros%20de%20Balmaceda%20y%20El%20Blanco%20detuvo%20a%20dos%20personas%20y%20decomis%C3%B3%20millonario%20cargamento%20de%20fuegos%20artificiales%20internados%20por%20paso%20no%20habilitado' aria-hidden='false' data-av_icon='\ue8f3' data-av_iconfont='entypo-fontello' title='' data-avia-related-tooltip='Compartir en Facebook' rel=\"noopener\"><span class='avia_hidden_link_text'>Compartir en Facebook<\/span><\/a><\/li><li class='av-share-link av-social-link-twitter' ><a target=\"_blank\" aria-label=\"Compartir en Twitter\" href='https:\/\/twitter.com\/share?text=Carabineros%20de%20Balmaceda%20y%20El%20Blanco%20detuvo%20a%20dos%20personas%20y%20decomis%C3%B3%20millonario%20cargamento%20de%20fuegos%20artificiales%20internados%20por%20paso%20no%20habilitado&#038;url=https:\/\/radiorevelacionfm.cl\/?p=9415' aria-hidden='false' data-av_icon='\ue8f1' data-av_iconfont='entypo-fontello' title='' data-avia-related-tooltip='Compartir en Twitter' rel=\"noopener\"><span class='avia_hidden_link_text'>Compartir en Twitter<\/span><\/a><\/li><li class='av-share-link av-social-link-whatsapp' ><a target=\"_blank\" aria-label=\"Compartir en Whatsapp\" href='https:\/\/api.whatsapp.com\/send?text=https:\/\/radiorevelacionfm.cl\/?p=9415' aria-hidden='false' data-av_icon='\uf232' data-av_iconfont='entypo-fontello' title='' data-avia-related-tooltip='Compartir en Whatsapp' rel=\"noopener\"><span class='avia_hidden_link_text'>Compartir en Whatsapp<\/span><\/a><\/li><li class='av-share-link av-social-link-linkedin' ><a target=\"_blank\" aria-label=\"Compartir en LinkedIn\" href='https:\/\/linkedin.com\/shareArticle?mini=true&#038;title=Carabineros%20de%20Balmaceda%20y%20El%20Blanco%20detuvo%20a%20dos%20personas%20y%20decomis%C3%B3%20millonario%20cargamento%20de%20fuegos%20artificiales%20internados%20por%20paso%20no%20habilitado&#038;url=https:\/\/radiorevelacionfm.cl\/?p=9415' aria-hidden='false' data-av_icon='\ue8fc' data-av_iconfont='entypo-fontello' title='' data-avia-related-tooltip='Compartir en LinkedIn' rel=\"noopener\"><span class='avia_hidden_link_text'>Compartir en LinkedIn<\/span><\/a><\/li><li class='av-share-link av-social-link-mail' ><a  aria-label=\"Compartir por correo\" href='mailto:?subject=Carabineros%20de%20Balmaceda%20y%20El%20Blanco%20detuvo%20a%20dos%20personas%20y%20decomis%C3%B3%20millonario%20cargamento%20de%20fuegos%20artificiales%20internados%20por%20paso%20no%20habilitado&#038;body=https:\/\/radiorevelacionfm.cl\/?p=9415' aria-hidden='false' data-av_icon='\ue805' data-av_iconfont='entypo-fontello' title='' data-avia-related-tooltip='Compartir por correo'><span class='avia_hidden_link_text'>Compartir por correo<\/span><\/a><\/li><\/ul><\/div><\/div>\n<div  style='height:50px' class='hr hr-invisible   avia-builder-el-8  el_after_av_social_share  el_before_av_comments_list '><span class='hr-inner ' ><span class='hr-inner-style'><\/span><\/span><\/div>\n<div  class='av-buildercomment  av-blog-meta-html-info-disabled av-blog-meta-tag-disabled  '><\/div>\n","protected":false},"excerpt":{"rendered":"","protected":false},"author":1,"featured_media":9416,"comment_status":"open","ping_status":"open","sticky":false,"template":"","format":"standard","meta":{"footnotes":""},"categories":[36],"tags":[],"class_list":["post-9415","post","type-post","status-publish","format-standard","has-post-thumbnail","hentry","category-policial"],"jetpack_featured_media_url":"https:\/\/radiorevelacionfm.cl\/wp-content\/uploads\/2021\/10\/Decomiso_131636-1-1.jpg","_links":{"self":[{"href":"https:\/\/radiorevelacionfm.cl\/index.php?rest_route=\/wp\/v2\/posts\/9415","targetHints":{"allow":["GET"]}}],"collection":[{"href":"https:\/\/radiorevelacionfm.cl\/index.php?rest_route=\/wp\/v2\/posts"}],"about":[{"href":"https:\/\/radiorevelacionfm.cl\/index.php?rest_route=\/wp\/v2\/types\/post"}],"author":[{"embeddable":true,"href":"https:\/\/radiorevelacionfm.cl\/index.php?rest_route=\/wp\/v2\/users\/1"}],"replies":[{"embeddable":true,"href":"https:\/\/radiorevelacionfm.cl\/index.php?rest_route=%2Fwp%2Fv2%2Fcomments&post=9415"}],"version-history":[{"count":1,"href":"https:\/\/radiorevelacionfm.cl\/index.php?rest_route=\/wp\/v2\/posts\/9415\/revisions"}],"predecessor-version":[{"id":9417,"href":"https:\/\/radiorevelacionfm.cl\/index.php?rest_route=\/wp\/v2\/posts\/9415\/revisions\/9417"}],"wp:featuredmedia":[{"embeddable":true,"href":"https:\/\/radiorevelacionfm.cl\/index.php?rest_route=\/wp\/v2\/media\/9416"}],"wp:attachment":[{"href":"https:\/\/radiorevelacionfm.cl\/index.php?rest_route=%2Fwp%2Fv2%2Fmedia&parent=9415"}],"wp:term":[{"taxonomy":"category","embeddable":true,"href":"https:\/\/radiorevelacionfm.cl\/index.php?rest_route=%2Fwp%2Fv2%2Fcategories&post=9415"},{"taxonomy":"post_tag","embeddable":true,"href":"https:\/\/radiorevelacionfm.cl\/index.php?rest_route=%2Fwp%2Fv2%2Ftags&post=9415"}],"curies":[{"name":"wp","href":"https:\/\/api.w.org\/{rel}","templated":true}]}}