{"id":9411,"date":"2021-10-07T10:24:40","date_gmt":"2021-10-07T13:24:40","guid":{"rendered":"https:\/\/radiorevelacionfm.cl\/?p=9411"},"modified":"2021-10-07T10:24:40","modified_gmt":"2021-10-07T13:24:40","slug":"gran-recepcion-vecinal-marco-jornada-de-cuidado-por-el-ambiente-en-aysen","status":"publish","type":"post","link":"https:\/\/radiorevelacionfm.cl\/?p=9411","title":{"rendered":"Gran recepci\u00f3n vecinal marc\u00f3 jornada de cuidado por el ambiente en Ays\u00e9n"},"content":{"rendered":"<div class=\"flex_column av_one_full  flex_column_div av-zero-column-padding first  avia-builder-el-0  el_before_av_one_full  avia-builder-el-first  \" style='border-radius:0px; '><div  class='avia-image-container  av-styling-    avia-builder-el-1  avia-builder-el-no-sibling  avia-align-center '  itemprop=\"image\" itemscope=\"itemscope\" itemtype=\"https:\/\/schema.org\/ImageObject\"  ><div class='avia-image-container-inner'><div class='avia-image-overlay-wrap'><img decoding=\"async\" class='wp-image-9412 avia-img-lazy-loading-not-9412 avia_image' src=\"https:\/\/radiorevelacionfm.cl\/wp-content\/uploads\/2021\/10\/img-reciclajemuni2-1_optimized.jpeg\" alt='' title='img-reciclajemuni2-(1)_optimized' height=\"600\" width=\"800\"  itemprop=\"thumbnailUrl\" srcset=\"https:\/\/radiorevelacionfm.cl\/wp-content\/uploads\/2021\/10\/img-reciclajemuni2-1_optimized.jpeg 800w, https:\/\/radiorevelacionfm.cl\/wp-content\/uploads\/2021\/10\/img-reciclajemuni2-1_optimized-300x225.jpeg 300w, https:\/\/radiorevelacionfm.cl\/wp-content\/uploads\/2021\/10\/img-reciclajemuni2-1_optimized-768x576.jpeg 768w, https:\/\/radiorevelacionfm.cl\/wp-content\/uploads\/2021\/10\/img-reciclajemuni2-1_optimized-705x529.jpeg 705w, https:\/\/radiorevelacionfm.cl\/wp-content\/uploads\/2021\/10\/img-reciclajemuni2-1_optimized-600x450.jpeg 600w\" sizes=\"(max-width: 800px) 100vw, 800px\" \/><\/div><\/div><\/div><\/div><div class=\"flex_column av_one_full  flex_column_div av-zero-column-padding first  avia-builder-el-2  el_after_av_one_full  el_before_av_one_full  column-top-margin\" style='border-radius:0px; '><section class=\"av_textblock_section \"  itemscope=\"itemscope\" itemtype=\"https:\/\/schema.org\/BlogPosting\" itemprop=\"blogPost\" ><div class='avia_textblock  '   itemprop=\"text\" ><p style=\"text-align: center;\"><strong><span style=\"font-size: 18pt;\">Gran recepci\u00f3n vecinal marc\u00f3 jornada de cuidado por el ambiente en Ays\u00e9n<\/span><\/strong><\/p>\n<div id=\"gtx-trans\" style=\"position: absolute; left: -50px; top: 4.31534px;\">\n<div class=\"gtx-trans-icon\"><\/div>\n<\/div>\n<\/div><\/section><\/div><div class=\"flex_column av_one_full  flex_column_div av-zero-column-padding first  avia-builder-el-4  el_after_av_one_full  el_before_av_hr  column-top-margin\" style='border-radius:0px; '><section class=\"av_textblock_section \"  itemscope=\"itemscope\" itemtype=\"https:\/\/schema.org\/BlogPosting\" itemprop=\"blogPost\" ><div class='avia_textblock  '   itemprop=\"text\" ><p style=\"text-align: justify;\">Con el objetivo de contribuir al cuidado del ecosistema y celebrar tambi\u00e9n el D\u00eda Nacional del Medio Ambiente distintos actores en esta materia se dieron cita en dependencias del Polideportivo 21 de abril para realizar una amplia jornada de recolecci\u00f3n de residuos domiciliarios en Puerto Ays\u00e9n. El municipio de Ays\u00e9n, a trav\u00e9s de su Unidad de Medio Ambiente coordin\u00f3 con los recicladores locales esta instancia que adem\u00e1s se suma a las acciones que semanalmente tiene dispuestas a trav\u00e9s de la iniciativa \u201cJuntos pero no revueltos\u201d y la alianza estrat\u00e9gica entre Reciclajes Martino y el programa Quiero Mi Barrio con el trencito ecol\u00f3gico.<\/p>\n<p style=\"text-align: justify;\">Latas, papeles, cartones, vidrio, Poliestileno (plumavit), aceite vegetal, art\u00edculos electr\u00f3nicos pudieron ser recolectados para entregar a trav\u00e9s de las organizaciones participantes Fecunda Patagonia y Reciclajes Martino un destino final responsable que permita preservar los espacios p\u00fablicos y privados de la comuna porte\u00f1a.<\/p>\n<p style=\"text-align: justify;\">Al respecto, el encargo de la Unidad de Medio Ambiente de la Ilustre Municipalidad de Ays\u00e9n, Juan Antonio Morales, detall\u00f3 que este trabajo es fruto de la colaboraci\u00f3n que mantiene la casa edilicia con los recicladores de base, resaltando el compromiso tambi\u00e9n desde el organismo con la fecha en conmemoraci\u00f3n. El personero municipal destac\u00f3 la relevancia que tiene para la actual administraci\u00f3n encabezada por el alcalde, Julio Uribe Alvarado, el medio ambiente como parte de las l\u00edneas de acci\u00f3n del gobierno comunal.<\/p>\n<p style=\"text-align: justify;\">Por su parte, Christian Martino Benavides, representante de Reciclajes Martino mencion\u00f3 su felicidad por la actividad realizada junto al municipio, indicando que \u201cinstalados desde el Polideportivo, recepcionando de todo los residuos solidos e inorg\u00e1nicos existentes pr\u00e1cticamente. As\u00ed es que, seguir invitando a la comunidad a que sigan reciclando porque nosotros nos estamos dedicando a hacer bien el trabajo. Reciclajes Martino, Ays\u00e9n Recicla y Reinventa Ays\u00e9n, as\u00ed es que vamos bien encaminados\u201d.<\/p>\n<p style=\"text-align: justify;\">Finalmente, Feisal Ahuile, quien se desempe\u00f1a como jefe de operaciones de Fecunda Patagonia, destac\u00f3 que \u201cnosotros una vez m\u00e1s queremos agradecer al municipio de Ays\u00e9n y a toda la comunidad de la comuna de Ays\u00e9n porque han estado permanentemente apoyando el desarrollo de estas jornadas de reciclaje tanto en las bater\u00edas de auto, las de aceite lubricante y hoy d\u00eda logramos recolectar m\u00e1s de 400 litros de aceite vegetal usado y m\u00e1s de 1500 kilos de residuos electr\u00f3nicos y queremos tambi\u00e9n aprovechar de felicitar a nuestro amigo Christian Martino por el enorme trabajo que realiza aqu\u00ed aportando al desarrollo de iniciativas de reciclaje en nuestra regi\u00f3n\u201d expres\u00f3 el reconocido activista ambiental.<\/p>\n<\/div><\/section><\/div><div  style='height:50px' class='hr hr-invisible   avia-builder-el-6  el_after_av_one_full  el_before_av_social_share '><span class='hr-inner ' ><span class='hr-inner-style'><\/span><\/span><\/div><\/p>\n<div  class='av-social-sharing-box  avia-builder-el-7  el_after_av_hr  el_before_av_hr  '><div class='av-share-box'><h5 class='av-share-link-description av-no-toc '>Compartir esta noticia<\/h5><ul class='av-share-box-list noLightbox'><li class='av-share-link av-social-link-facebook' ><a target=\"_blank\" aria-label=\"Compartir en Facebook\" href='https:\/\/www.facebook.com\/sharer.php?u=https:\/\/radiorevelacionfm.cl\/?p=9411&#038;t=Gran%20recepci%C3%B3n%20vecinal%20marc%C3%B3%20jornada%20de%20cuidado%20por%20el%20ambiente%20en%20Ays%C3%A9n' aria-hidden='false' data-av_icon='\ue8f3' data-av_iconfont='entypo-fontello' title='' data-avia-related-tooltip='Compartir en Facebook' rel=\"noopener\"><span class='avia_hidden_link_text'>Compartir en Facebook<\/span><\/a><\/li><li class='av-share-link av-social-link-twitter' ><a target=\"_blank\" aria-label=\"Compartir en Twitter\" href='https:\/\/twitter.com\/share?text=Gran%20recepci%C3%B3n%20vecinal%20marc%C3%B3%20jornada%20de%20cuidado%20por%20el%20ambiente%20en%20Ays%C3%A9n&#038;url=https:\/\/radiorevelacionfm.cl\/?p=9411' aria-hidden='false' data-av_icon='\ue8f1' data-av_iconfont='entypo-fontello' title='' data-avia-related-tooltip='Compartir en Twitter' rel=\"noopener\"><span class='avia_hidden_link_text'>Compartir en Twitter<\/span><\/a><\/li><li class='av-share-link av-social-link-whatsapp' ><a target=\"_blank\" aria-label=\"Compartir en Whatsapp\" href='https:\/\/api.whatsapp.com\/send?text=https:\/\/radiorevelacionfm.cl\/?p=9411' aria-hidden='false' data-av_icon='\uf232' data-av_iconfont='entypo-fontello' title='' data-avia-related-tooltip='Compartir en Whatsapp' rel=\"noopener\"><span class='avia_hidden_link_text'>Compartir en Whatsapp<\/span><\/a><\/li><li class='av-share-link av-social-link-linkedin' ><a target=\"_blank\" aria-label=\"Compartir en LinkedIn\" href='https:\/\/linkedin.com\/shareArticle?mini=true&#038;title=Gran%20recepci%C3%B3n%20vecinal%20marc%C3%B3%20jornada%20de%20cuidado%20por%20el%20ambiente%20en%20Ays%C3%A9n&#038;url=https:\/\/radiorevelacionfm.cl\/?p=9411' aria-hidden='false' data-av_icon='\ue8fc' data-av_iconfont='entypo-fontello' title='' data-avia-related-tooltip='Compartir en LinkedIn' rel=\"noopener\"><span class='avia_hidden_link_text'>Compartir en LinkedIn<\/span><\/a><\/li><li class='av-share-link av-social-link-mail' ><a  aria-label=\"Compartir por correo\" href='mailto:?subject=Gran%20recepci%C3%B3n%20vecinal%20marc%C3%B3%20jornada%20de%20cuidado%20por%20el%20ambiente%20en%20Ays%C3%A9n&#038;body=https:\/\/radiorevelacionfm.cl\/?p=9411' aria-hidden='false' data-av_icon='\ue805' data-av_iconfont='entypo-fontello' title='' data-avia-related-tooltip='Compartir por correo'><span class='avia_hidden_link_text'>Compartir por correo<\/span><\/a><\/li><\/ul><\/div><\/div>\n<div  style='height:50px' class='hr hr-invisible   avia-builder-el-8  el_after_av_social_share  el_before_av_comments_list '><span class='hr-inner ' ><span class='hr-inner-style'><\/span><\/span><\/div>\n<div  class='av-buildercomment  av-blog-meta-html-info-disabled av-blog-meta-tag-disabled  '><\/div>\n","protected":false},"excerpt":{"rendered":"","protected":false},"author":1,"featured_media":9412,"comment_status":"open","ping_status":"open","sticky":false,"template":"","format":"standard","meta":{"footnotes":""},"categories":[38],"tags":[],"class_list":["post-9411","post","type-post","status-publish","format-standard","has-post-thumbnail","hentry","category-regional"],"jetpack_featured_media_url":"https:\/\/radiorevelacionfm.cl\/wp-content\/uploads\/2021\/10\/img-reciclajemuni2-1_optimized.jpeg","_links":{"self":[{"href":"https:\/\/radiorevelacionfm.cl\/index.php?rest_route=\/wp\/v2\/posts\/9411","targetHints":{"allow":["GET"]}}],"collection":[{"href":"https:\/\/radiorevelacionfm.cl\/index.php?rest_route=\/wp\/v2\/posts"}],"about":[{"href":"https:\/\/radiorevelacionfm.cl\/index.php?rest_route=\/wp\/v2\/types\/post"}],"author":[{"embeddable":true,"href":"https:\/\/radiorevelacionfm.cl\/index.php?rest_route=\/wp\/v2\/users\/1"}],"replies":[{"embeddable":true,"href":"https:\/\/radiorevelacionfm.cl\/index.php?rest_route=%2Fwp%2Fv2%2Fcomments&post=9411"}],"version-history":[{"count":1,"href":"https:\/\/radiorevelacionfm.cl\/index.php?rest_route=\/wp\/v2\/posts\/9411\/revisions"}],"predecessor-version":[{"id":9413,"href":"https:\/\/radiorevelacionfm.cl\/index.php?rest_route=\/wp\/v2\/posts\/9411\/revisions\/9413"}],"wp:featuredmedia":[{"embeddable":true,"href":"https:\/\/radiorevelacionfm.cl\/index.php?rest_route=\/wp\/v2\/media\/9412"}],"wp:attachment":[{"href":"https:\/\/radiorevelacionfm.cl\/index.php?rest_route=%2Fwp%2Fv2%2Fmedia&parent=9411"}],"wp:term":[{"taxonomy":"category","embeddable":true,"href":"https:\/\/radiorevelacionfm.cl\/index.php?rest_route=%2Fwp%2Fv2%2Fcategories&post=9411"},{"taxonomy":"post_tag","embeddable":true,"href":"https:\/\/radiorevelacionfm.cl\/index.php?rest_route=%2Fwp%2Fv2%2Ftags&post=9411"}],"curies":[{"name":"wp","href":"https:\/\/api.w.org\/{rel}","templated":true}]}}