{"id":9406,"date":"2021-10-07T10:32:06","date_gmt":"2021-10-07T13:32:06","guid":{"rendered":"https:\/\/radiorevelacionfm.cl\/?p=9406"},"modified":"2021-10-07T10:32:06","modified_gmt":"2021-10-07T13:32:06","slug":"delfin-olguin-donoso-asume-como-nuevo-jefe-regional-de-la-pdi-aysen","status":"publish","type":"post","link":"https:\/\/radiorevelacionfm.cl\/?p=9406","title":{"rendered":"Delf\u00edn Olgu\u00edn Donoso asume como nuevo jefe regional de la PDI Ays\u00e9n"},"content":{"rendered":"<div class=\"flex_column av_one_full  flex_column_div av-zero-column-padding first  avia-builder-el-0  el_before_av_one_full  avia-builder-el-first  \" style='border-radius:0px; '><div  class='avia-image-container  av-styling-    avia-builder-el-1  avia-builder-el-no-sibling  avia-align-center '  itemprop=\"image\" itemscope=\"itemscope\" itemtype=\"https:\/\/schema.org\/ImageObject\"  ><div class='avia-image-container-inner'><div class='avia-image-overlay-wrap'><img decoding=\"async\" class='wp-image-9407 avia-img-lazy-loading-not-9407 avia_image' src=\"https:\/\/radiorevelacionfm.cl\/wp-content\/uploads\/2021\/10\/Cambio-mando-PDI-Aysen-001-1-1.jpg\" alt='' title='Cambio mando PDI Ays\u00e9n 001 (1) (1)' height=\"600\" width=\"900\"  itemprop=\"thumbnailUrl\" srcset=\"https:\/\/radiorevelacionfm.cl\/wp-content\/uploads\/2021\/10\/Cambio-mando-PDI-Aysen-001-1-1.jpg 900w, https:\/\/radiorevelacionfm.cl\/wp-content\/uploads\/2021\/10\/Cambio-mando-PDI-Aysen-001-1-1-300x200.jpg 300w, https:\/\/radiorevelacionfm.cl\/wp-content\/uploads\/2021\/10\/Cambio-mando-PDI-Aysen-001-1-1-768x512.jpg 768w, https:\/\/radiorevelacionfm.cl\/wp-content\/uploads\/2021\/10\/Cambio-mando-PDI-Aysen-001-1-1-705x470.jpg 705w, https:\/\/radiorevelacionfm.cl\/wp-content\/uploads\/2021\/10\/Cambio-mando-PDI-Aysen-001-1-1-600x400.jpg 600w\" sizes=\"(max-width: 900px) 100vw, 900px\" \/><\/div><\/div><\/div><\/div><div class=\"flex_column av_one_full  flex_column_div av-zero-column-padding first  avia-builder-el-2  el_after_av_one_full  el_before_av_one_full  column-top-margin\" style='border-radius:0px; '><section class=\"av_textblock_section \"  itemscope=\"itemscope\" itemtype=\"https:\/\/schema.org\/BlogPosting\" itemprop=\"blogPost\" ><div class='avia_textblock  '   itemprop=\"text\" ><p style=\"text-align: center;\"><strong><span style=\"font-size: 18pt;\">Delf\u00edn Olgu\u00edn Donoso asume como nuevo jefe regional de la PDI Ays\u00e9n<\/span><\/strong><\/p>\n<div id=\"gtx-trans\" style=\"position: absolute; left: -50px; top: 4.31534px;\">\n<div class=\"gtx-trans-icon\"><\/div>\n<\/div>\n<\/div><\/section><\/div><div class=\"flex_column av_one_full  flex_column_div av-zero-column-padding first  avia-builder-el-4  el_after_av_one_full  el_before_av_hr  column-top-margin\" style='border-radius:0px; '><section class=\"av_textblock_section \"  itemscope=\"itemscope\" itemtype=\"https:\/\/schema.org\/BlogPosting\" itemprop=\"blogPost\" ><div class='avia_textblock  '   itemprop=\"text\" ><p style=\"text-align: justify;\">Este martes 5 de octubre de 2021 en el Complejo Policial Coyhaique de la PDI se realiz\u00f3 la ceremonia de Entrega y Recepci\u00f3n de la Regi\u00f3n Policial de Ays\u00e9n del General Carlos Ib\u00e1\u00f1ez del Campo de la Polic\u00eda de Investigaciones de Chile, instancia donde el prefecto Delf\u00edn Olgu\u00edn Donoso asumi\u00f3 el mando de la PDI Ays\u00e9n, en virtud a su designaci\u00f3n por el Director General Sergio Mu\u00f1oz Y\u00e1\u00f1ez.<\/p>\n<p style=\"text-align: justify;\">La ceremonia institucional fue presidida por el prefecto inspector Gast\u00f3n Herrera Torres, jefe de la Regi\u00f3n Policial de Los Lagos, quien sirvi\u00f3 como interventor en el respectivo acto administrativo y, en nombre de la m\u00e1xima autoridad de la PDI y el Alto Mando Institucional, destac\u00f3 la designaci\u00f3n del nuevo jefe regional bajo los lineamientos del Plan Estrat\u00e9gico Institucional.<\/p>\n<p style=\"text-align: justify;\">Tras asumir el mando, el prefecto Delf\u00edn Olgu\u00edn Donoso, agradeci\u00f3 al Director General por su designaci\u00f3n como jefe regional y a su familia por el apoyo incondicional, poni\u00e9ndose a disposici\u00f3n de las autoridades regionales y del personal institucional para continuar con el trabajo policial e iniciar nuevos proyectos para el fortalecimiento de la investigaci\u00f3n criminal, administrativos y de relacionamiento estrat\u00e9gico regional, pero por sobre todo estar al servicio de la ciudadan\u00eda.<\/p>\n<p style=\"text-align: justify;\">En sus cerca de 32 a\u00f1os de servicio en la PDI y gracias a su vasta experiencia policial, el prefecto Olgu\u00edn ha transitado en unidades operativas de alta exigencia y en unidades de gesti\u00f3n estrat\u00e9gica territorial que permitieron su actual designaci\u00f3n estrat\u00e9gica, como la Brigada de Investigaci\u00f3n Criminal Talagante, Brigada Investigadora de Lavado de Activos, Prefectura Provincial Vi\u00f1a del Mar y Plana Mayor Regional Valpara\u00edso.<\/p>\n<p style=\"text-align: justify;\">En la actividad participaron la Gobernadora Regional, Andrea Mac\u00edas; la Delegada Presidencial Regional, Margarita Ossa; el Fiscal Regional, Carlos Palma; el Defensor Regional, Jorge Moraga; el Seremi de Justicia y Derechos Humanos, Luis Prieto; el alcalde de Coyhaique, Carlos Gatica; Jefe de la XI Zona de Carabineros de Ays\u00e9n, General Hugo Zenteno; el Jefe del Estado Mayor de la IV Divisi\u00f3n, Coronel Antonio Villaseca; el Gobernador Mar\u00edtimo de Ays\u00e9n, Capit\u00e1n de Fragata LT Rodrigo Lepe Zamora; y el Comandante de la Base A\u00e9rea de Balmaceda, Suboficial Mayor Leonardo Pavez, quienes valoraron y manifestaron su amplio apoyo a las gestiones del nuevo jefe regional de la PDI Ays\u00e9n.<\/p>\n<\/div><\/section><\/div><div  style='height:50px' class='hr hr-invisible   avia-builder-el-6  el_after_av_one_full  el_before_av_social_share '><span class='hr-inner ' ><span class='hr-inner-style'><\/span><\/span><\/div><\/p>\n<div  class='av-social-sharing-box  avia-builder-el-7  el_after_av_hr  el_before_av_hr  '><div class='av-share-box'><h5 class='av-share-link-description av-no-toc '>Compartir esta noticia<\/h5><ul class='av-share-box-list noLightbox'><li class='av-share-link av-social-link-facebook' ><a target=\"_blank\" aria-label=\"Compartir en Facebook\" href='https:\/\/www.facebook.com\/sharer.php?u=https:\/\/radiorevelacionfm.cl\/?p=9406&#038;t=Delf%C3%ADn%20Olgu%C3%ADn%20Donoso%20asume%20como%20nuevo%20jefe%20regional%20de%20la%20PDI%20Ays%C3%A9n' aria-hidden='false' data-av_icon='\ue8f3' data-av_iconfont='entypo-fontello' title='' data-avia-related-tooltip='Compartir en Facebook' rel=\"noopener\"><span class='avia_hidden_link_text'>Compartir en Facebook<\/span><\/a><\/li><li class='av-share-link av-social-link-twitter' ><a target=\"_blank\" aria-label=\"Compartir en Twitter\" href='https:\/\/twitter.com\/share?text=Delf%C3%ADn%20Olgu%C3%ADn%20Donoso%20asume%20como%20nuevo%20jefe%20regional%20de%20la%20PDI%20Ays%C3%A9n&#038;url=https:\/\/radiorevelacionfm.cl\/?p=9406' aria-hidden='false' data-av_icon='\ue8f1' data-av_iconfont='entypo-fontello' title='' data-avia-related-tooltip='Compartir en Twitter' rel=\"noopener\"><span class='avia_hidden_link_text'>Compartir en Twitter<\/span><\/a><\/li><li class='av-share-link av-social-link-whatsapp' ><a target=\"_blank\" aria-label=\"Compartir en Whatsapp\" href='https:\/\/api.whatsapp.com\/send?text=https:\/\/radiorevelacionfm.cl\/?p=9406' aria-hidden='false' data-av_icon='\uf232' data-av_iconfont='entypo-fontello' title='' data-avia-related-tooltip='Compartir en Whatsapp' rel=\"noopener\"><span class='avia_hidden_link_text'>Compartir en Whatsapp<\/span><\/a><\/li><li class='av-share-link av-social-link-linkedin' ><a target=\"_blank\" aria-label=\"Compartir en LinkedIn\" href='https:\/\/linkedin.com\/shareArticle?mini=true&#038;title=Delf%C3%ADn%20Olgu%C3%ADn%20Donoso%20asume%20como%20nuevo%20jefe%20regional%20de%20la%20PDI%20Ays%C3%A9n&#038;url=https:\/\/radiorevelacionfm.cl\/?p=9406' aria-hidden='false' data-av_icon='\ue8fc' data-av_iconfont='entypo-fontello' title='' data-avia-related-tooltip='Compartir en LinkedIn' rel=\"noopener\"><span class='avia_hidden_link_text'>Compartir en LinkedIn<\/span><\/a><\/li><li class='av-share-link av-social-link-mail' ><a  aria-label=\"Compartir por correo\" href='mailto:?subject=Delf%C3%ADn%20Olgu%C3%ADn%20Donoso%20asume%20como%20nuevo%20jefe%20regional%20de%20la%20PDI%20Ays%C3%A9n&#038;body=https:\/\/radiorevelacionfm.cl\/?p=9406' aria-hidden='false' data-av_icon='\ue805' data-av_iconfont='entypo-fontello' title='' data-avia-related-tooltip='Compartir por correo'><span class='avia_hidden_link_text'>Compartir por correo<\/span><\/a><\/li><\/ul><\/div><\/div>\n<div  style='height:50px' class='hr hr-invisible   avia-builder-el-8  el_after_av_social_share  el_before_av_comments_list '><span class='hr-inner ' ><span class='hr-inner-style'><\/span><\/span><\/div>\n<div  class='av-buildercomment  av-blog-meta-html-info-disabled av-blog-meta-tag-disabled  '><\/div>\n","protected":false},"excerpt":{"rendered":"","protected":false},"author":1,"featured_media":9407,"comment_status":"open","ping_status":"open","sticky":false,"template":"","format":"standard","meta":{"footnotes":""},"categories":[36],"tags":[],"class_list":["post-9406","post","type-post","status-publish","format-standard","has-post-thumbnail","hentry","category-policial"],"jetpack_featured_media_url":"https:\/\/radiorevelacionfm.cl\/wp-content\/uploads\/2021\/10\/Cambio-mando-PDI-Aysen-001-1-1.jpg","_links":{"self":[{"href":"https:\/\/radiorevelacionfm.cl\/index.php?rest_route=\/wp\/v2\/posts\/9406","targetHints":{"allow":["GET"]}}],"collection":[{"href":"https:\/\/radiorevelacionfm.cl\/index.php?rest_route=\/wp\/v2\/posts"}],"about":[{"href":"https:\/\/radiorevelacionfm.cl\/index.php?rest_route=\/wp\/v2\/types\/post"}],"author":[{"embeddable":true,"href":"https:\/\/radiorevelacionfm.cl\/index.php?rest_route=\/wp\/v2\/users\/1"}],"replies":[{"embeddable":true,"href":"https:\/\/radiorevelacionfm.cl\/index.php?rest_route=%2Fwp%2Fv2%2Fcomments&post=9406"}],"version-history":[{"count":1,"href":"https:\/\/radiorevelacionfm.cl\/index.php?rest_route=\/wp\/v2\/posts\/9406\/revisions"}],"predecessor-version":[{"id":9408,"href":"https:\/\/radiorevelacionfm.cl\/index.php?rest_route=\/wp\/v2\/posts\/9406\/revisions\/9408"}],"wp:featuredmedia":[{"embeddable":true,"href":"https:\/\/radiorevelacionfm.cl\/index.php?rest_route=\/wp\/v2\/media\/9407"}],"wp:attachment":[{"href":"https:\/\/radiorevelacionfm.cl\/index.php?rest_route=%2Fwp%2Fv2%2Fmedia&parent=9406"}],"wp:term":[{"taxonomy":"category","embeddable":true,"href":"https:\/\/radiorevelacionfm.cl\/index.php?rest_route=%2Fwp%2Fv2%2Fcategories&post=9406"},{"taxonomy":"post_tag","embeddable":true,"href":"https:\/\/radiorevelacionfm.cl\/index.php?rest_route=%2Fwp%2Fv2%2Ftags&post=9406"}],"curies":[{"name":"wp","href":"https:\/\/api.w.org\/{rel}","templated":true}]}}