{"id":9400,"date":"2021-10-06T19:13:16","date_gmt":"2021-10-06T22:13:16","guid":{"rendered":"https:\/\/radiorevelacionfm.cl\/?p=9400"},"modified":"2021-10-06T19:13:16","modified_gmt":"2021-10-06T22:13:16","slug":"positivo-balance-realizan-tras-primera-version-del-primavera-fest-en-puerto-aysen","status":"publish","type":"post","link":"https:\/\/radiorevelacionfm.cl\/?p=9400","title":{"rendered":"Positivo balance realizan tras primera versi\u00f3n del Primavera Fest en Puerto Ays\u00e9n"},"content":{"rendered":"<div class=\"flex_column av_one_full  flex_column_div av-zero-column-padding first  avia-builder-el-0  el_before_av_one_full  avia-builder-el-first  \" style='border-radius:0px; '><div  class='avia-image-container  av-styling-    avia-builder-el-1  avia-builder-el-no-sibling  avia-align-center '  itemprop=\"image\" itemscope=\"itemscope\" itemtype=\"https:\/\/schema.org\/ImageObject\"  ><div class='avia-image-container-inner'><div class='avia-image-overlay-wrap'><img decoding=\"async\" class='wp-image-9401 avia-img-lazy-loading-not-9401 avia_image' src=\"https:\/\/radiorevelacionfm.cl\/wp-content\/uploads\/2021\/10\/img-primfest4-1-1.jpeg\" alt='' title='img-primfest4 (1) (1)' height=\"600\" width=\"1067\"  itemprop=\"thumbnailUrl\" srcset=\"https:\/\/radiorevelacionfm.cl\/wp-content\/uploads\/2021\/10\/img-primfest4-1-1.jpeg 1067w, https:\/\/radiorevelacionfm.cl\/wp-content\/uploads\/2021\/10\/img-primfest4-1-1-300x169.jpeg 300w, https:\/\/radiorevelacionfm.cl\/wp-content\/uploads\/2021\/10\/img-primfest4-1-1-1030x579.jpeg 1030w, https:\/\/radiorevelacionfm.cl\/wp-content\/uploads\/2021\/10\/img-primfest4-1-1-768x432.jpeg 768w, https:\/\/radiorevelacionfm.cl\/wp-content\/uploads\/2021\/10\/img-primfest4-1-1-705x396.jpeg 705w, https:\/\/radiorevelacionfm.cl\/wp-content\/uploads\/2021\/10\/img-primfest4-1-1-600x337.jpeg 600w\" sizes=\"(max-width: 1067px) 100vw, 1067px\" \/><\/div><\/div><\/div><\/div><div class=\"flex_column av_one_full  flex_column_div av-zero-column-padding first  avia-builder-el-2  el_after_av_one_full  el_before_av_one_full  column-top-margin\" style='border-radius:0px; '><section class=\"av_textblock_section \"  itemscope=\"itemscope\" itemtype=\"https:\/\/schema.org\/BlogPosting\" itemprop=\"blogPost\" ><div class='avia_textblock  '   itemprop=\"text\" ><p style=\"text-align: center;\"><strong><span style=\"font-size: 18pt;\">Positivo balance realizan tras primera versi\u00f3n del Primavera Fest en Puerto Ays\u00e9n<\/span><\/strong><\/p>\n<div id=\"gtx-trans\" style=\"position: absolute; left: -50px; top: 4.31534px;\">\n<div class=\"gtx-trans-icon\"><\/div>\n<\/div>\n<\/div><\/section><\/div><div class=\"flex_column av_one_full  flex_column_div av-zero-column-padding first  avia-builder-el-4  el_after_av_one_full  el_before_av_hr  column-top-margin\" style='border-radius:0px; '><section class=\"av_textblock_section \"  itemscope=\"itemscope\" itemtype=\"https:\/\/schema.org\/BlogPosting\" itemprop=\"blogPost\" ><div class='avia_textblock  '   itemprop=\"text\" ><p style=\"text-align: justify;\">De manera exitosa culmin\u00f3 la primera fiesta de bienvenida a la primavera efectuada por la Ilustre Municipalidad de Ays\u00e9n, a trav\u00e9s de la Direcci\u00f3n de Desarrollo Comunitario denominada \u201cPrimavera Fest Vol. 1\u201d. Hito que congreg\u00f3 a distintas agrupaciones, m\u00fasicos locales, emprendedores ayseninos. El evento fue desarrollado desde el Polideportivo 21 de abril cumpliendo todas las medidas sanitarias exigidas por la Autoridad Sanitaria y espera ser el punto de inicio al retorno de las actividades presenciales para acompa\u00f1ar a los vecinos y vecinas de Ays\u00e9n.<\/p>\n<p style=\"text-align: justify;\">Al respecto, el alcalde de Ays\u00e9n, Julio Uribe Alvarado, coment\u00f3 que \u201cacompa\u00f1amos a los vecinos en la fiesta de comienzo de la primavera con una actividad en el Polideportivo donde se encontraban todos los programas que tenemos en Desarrollo Comunitario, hubo cursos de escalada, ente otras actividades y realmente la gente lo disfrut\u00f3, lo pas\u00f3 muy bien. El recinto espectacular, tiene un aforo amplio y la intenci\u00f3n es continuar haciendo estos hitos porque la gente se distrae y quisiera enviar un cari\u00f1oso saludo a todos quienes hicieron posible este espect\u00e1culo, principalmente a los funcionarios municipales que son los que crean y est\u00e1n pendientes de realizar eventos para que la gente vuelva a la normalidad\u201d.<\/p>\n<p style=\"text-align: justify;\">Por su parte el director de Desarrollo Comunitario, Mauricio Jaque Luengo, relev\u00f3 su impresi\u00f3n sobre la actividad, expresando con ello la alegr\u00eda por la respuesta obtenida por la comunidad tanto para el show dispuesto con las bandas y los juegos para ni\u00f1os como con la Feria de Artesanos establecida a un costado del recinto. \u201cEse es el sello que queremos dar, el nuevo municipio m\u00e1s amigable, m\u00e1s cercano y para todos. Estamos retomando las actividades que vienen de aqu\u00ed a fin de a\u00f1o para hacer del fin de semana un momento agradable y en familia\u201d explic\u00f3 el personero municipal.<\/p>\n<p style=\"text-align: justify;\">En tanto, Camila Osses Vald\u00e9s, coordinadora de la Oficina Local de la Ni\u00f1ez (OLN Ays\u00e9n) y encargada de liderar el espacio, abord\u00f3 que el desarrollo de esta actividad cont\u00f3 con una amplia preparaci\u00f3n en la cual participaron las distintas unidades y programas que existen en Dideco mencionando tambi\u00e9n la alegr\u00eda producida por la alta convocatoria que conllev\u00f3 la jornada e invitando a los vecinos y vecinas a sumarse a las futuras instancias que llevar\u00e1 adelante la Ilustre Municipalidad de Ays\u00e9n.<\/p>\n<p style=\"text-align: justify;\">Finalmente, Priscila Melillanca, artista aysenina quien se present\u00f3 por primera vez ante la comunidad destac\u00f3 su felicidad por la materializaci\u00f3n de estas iniciativas, ya que a su juicio existe una cantidad importante de artistas locales y regionales que buscan estos espacios para presentar su arte ante los vecinos y vecinas.<\/p>\n<\/div><\/section><\/div><div  style='height:50px' class='hr hr-invisible   avia-builder-el-6  el_after_av_one_full  el_before_av_social_share '><span class='hr-inner ' ><span class='hr-inner-style'><\/span><\/span><\/div><\/p>\n<div  class='av-social-sharing-box  avia-builder-el-7  el_after_av_hr  el_before_av_hr  '><div class='av-share-box'><h5 class='av-share-link-description av-no-toc '>Compartir esta noticia<\/h5><ul class='av-share-box-list noLightbox'><li class='av-share-link av-social-link-facebook' ><a target=\"_blank\" aria-label=\"Compartir en Facebook\" href='https:\/\/www.facebook.com\/sharer.php?u=https:\/\/radiorevelacionfm.cl\/?p=9400&#038;t=Positivo%20balance%20realizan%20tras%20primera%20versi%C3%B3n%20del%20Primavera%20Fest%20en%20Puerto%20Ays%C3%A9n' aria-hidden='false' data-av_icon='\ue8f3' data-av_iconfont='entypo-fontello' title='' data-avia-related-tooltip='Compartir en Facebook' rel=\"noopener\"><span class='avia_hidden_link_text'>Compartir en Facebook<\/span><\/a><\/li><li class='av-share-link av-social-link-twitter' ><a target=\"_blank\" aria-label=\"Compartir en Twitter\" href='https:\/\/twitter.com\/share?text=Positivo%20balance%20realizan%20tras%20primera%20versi%C3%B3n%20del%20Primavera%20Fest%20en%20Puerto%20Ays%C3%A9n&#038;url=https:\/\/radiorevelacionfm.cl\/?p=9400' aria-hidden='false' data-av_icon='\ue8f1' data-av_iconfont='entypo-fontello' title='' data-avia-related-tooltip='Compartir en Twitter' rel=\"noopener\"><span class='avia_hidden_link_text'>Compartir en Twitter<\/span><\/a><\/li><li class='av-share-link av-social-link-whatsapp' ><a target=\"_blank\" aria-label=\"Compartir en Whatsapp\" href='https:\/\/api.whatsapp.com\/send?text=https:\/\/radiorevelacionfm.cl\/?p=9400' aria-hidden='false' data-av_icon='\uf232' data-av_iconfont='entypo-fontello' title='' data-avia-related-tooltip='Compartir en Whatsapp' rel=\"noopener\"><span class='avia_hidden_link_text'>Compartir en Whatsapp<\/span><\/a><\/li><li class='av-share-link av-social-link-linkedin' ><a target=\"_blank\" aria-label=\"Compartir en LinkedIn\" href='https:\/\/linkedin.com\/shareArticle?mini=true&#038;title=Positivo%20balance%20realizan%20tras%20primera%20versi%C3%B3n%20del%20Primavera%20Fest%20en%20Puerto%20Ays%C3%A9n&#038;url=https:\/\/radiorevelacionfm.cl\/?p=9400' aria-hidden='false' data-av_icon='\ue8fc' data-av_iconfont='entypo-fontello' title='' data-avia-related-tooltip='Compartir en LinkedIn' rel=\"noopener\"><span class='avia_hidden_link_text'>Compartir en LinkedIn<\/span><\/a><\/li><li class='av-share-link av-social-link-mail' ><a  aria-label=\"Compartir por correo\" href='mailto:?subject=Positivo%20balance%20realizan%20tras%20primera%20versi%C3%B3n%20del%20Primavera%20Fest%20en%20Puerto%20Ays%C3%A9n&#038;body=https:\/\/radiorevelacionfm.cl\/?p=9400' aria-hidden='false' data-av_icon='\ue805' data-av_iconfont='entypo-fontello' title='' data-avia-related-tooltip='Compartir por correo'><span class='avia_hidden_link_text'>Compartir por correo<\/span><\/a><\/li><\/ul><\/div><\/div>\n<div  style='height:50px' class='hr hr-invisible   avia-builder-el-8  el_after_av_social_share  el_before_av_comments_list '><span class='hr-inner ' ><span class='hr-inner-style'><\/span><\/span><\/div>\n<div  class='av-buildercomment  av-blog-meta-html-info-disabled av-blog-meta-tag-disabled  '><\/div>\n","protected":false},"excerpt":{"rendered":"","protected":false},"author":1,"featured_media":9401,"comment_status":"open","ping_status":"open","sticky":false,"template":"","format":"standard","meta":{"footnotes":""},"categories":[38],"tags":[],"class_list":["post-9400","post","type-post","status-publish","format-standard","has-post-thumbnail","hentry","category-regional"],"jetpack_featured_media_url":"https:\/\/radiorevelacionfm.cl\/wp-content\/uploads\/2021\/10\/img-primfest4-1-1.jpeg","_links":{"self":[{"href":"https:\/\/radiorevelacionfm.cl\/index.php?rest_route=\/wp\/v2\/posts\/9400","targetHints":{"allow":["GET"]}}],"collection":[{"href":"https:\/\/radiorevelacionfm.cl\/index.php?rest_route=\/wp\/v2\/posts"}],"about":[{"href":"https:\/\/radiorevelacionfm.cl\/index.php?rest_route=\/wp\/v2\/types\/post"}],"author":[{"embeddable":true,"href":"https:\/\/radiorevelacionfm.cl\/index.php?rest_route=\/wp\/v2\/users\/1"}],"replies":[{"embeddable":true,"href":"https:\/\/radiorevelacionfm.cl\/index.php?rest_route=%2Fwp%2Fv2%2Fcomments&post=9400"}],"version-history":[{"count":1,"href":"https:\/\/radiorevelacionfm.cl\/index.php?rest_route=\/wp\/v2\/posts\/9400\/revisions"}],"predecessor-version":[{"id":9402,"href":"https:\/\/radiorevelacionfm.cl\/index.php?rest_route=\/wp\/v2\/posts\/9400\/revisions\/9402"}],"wp:featuredmedia":[{"embeddable":true,"href":"https:\/\/radiorevelacionfm.cl\/index.php?rest_route=\/wp\/v2\/media\/9401"}],"wp:attachment":[{"href":"https:\/\/radiorevelacionfm.cl\/index.php?rest_route=%2Fwp%2Fv2%2Fmedia&parent=9400"}],"wp:term":[{"taxonomy":"category","embeddable":true,"href":"https:\/\/radiorevelacionfm.cl\/index.php?rest_route=%2Fwp%2Fv2%2Fcategories&post=9400"},{"taxonomy":"post_tag","embeddable":true,"href":"https:\/\/radiorevelacionfm.cl\/index.php?rest_route=%2Fwp%2Fv2%2Ftags&post=9400"}],"curies":[{"name":"wp","href":"https:\/\/api.w.org\/{rel}","templated":true}]}}