{"id":9397,"date":"2021-10-07T11:04:51","date_gmt":"2021-10-07T14:04:51","guid":{"rendered":"https:\/\/radiorevelacionfm.cl\/?p=9397"},"modified":"2021-10-07T11:13:42","modified_gmt":"2021-10-07T14:13:42","slug":"invitan-a-docentes-y-educadores-a-postular-al-campamento-virtual-explora-va","status":"publish","type":"post","link":"https:\/\/radiorevelacionfm.cl\/?p=9397","title":{"rendered":"Invitan a docentes y educadores a postular al Campamento virtual \u00a1Explora VA!"},"content":{"rendered":"<div class=\"flex_column av_one_full  flex_column_div av-zero-column-padding first  avia-builder-el-0  el_before_av_one_full  avia-builder-el-first  \" style='border-radius:0px; '><div  class='avia-image-container  av-styling-    avia-builder-el-1  avia-builder-el-no-sibling  avia-align-center '  itemprop=\"image\" itemscope=\"itemscope\" itemtype=\"https:\/\/schema.org\/ImageObject\"  ><div class='avia-image-container-inner'><div class='avia-image-overlay-wrap'><img decoding=\"async\" class='wp-image-9398 avia-img-lazy-loading-not-9398 avia_image' src=\"https:\/\/radiorevelacionfm.cl\/wp-content\/uploads\/2021\/10\/ExploraVa-1-1.jpeg\" alt='' title='ExploraVa (1) (1)' height=\"600\" width=\"600\"  itemprop=\"thumbnailUrl\" srcset=\"https:\/\/radiorevelacionfm.cl\/wp-content\/uploads\/2021\/10\/ExploraVa-1-1.jpeg 600w, https:\/\/radiorevelacionfm.cl\/wp-content\/uploads\/2021\/10\/ExploraVa-1-1-300x300.jpeg 300w, https:\/\/radiorevelacionfm.cl\/wp-content\/uploads\/2021\/10\/ExploraVa-1-1-80x80.jpeg 80w, https:\/\/radiorevelacionfm.cl\/wp-content\/uploads\/2021\/10\/ExploraVa-1-1-36x36.jpeg 36w, https:\/\/radiorevelacionfm.cl\/wp-content\/uploads\/2021\/10\/ExploraVa-1-1-180x180.jpeg 180w, https:\/\/radiorevelacionfm.cl\/wp-content\/uploads\/2021\/10\/ExploraVa-1-1-100x100.jpeg 100w\" sizes=\"(max-width: 600px) 100vw, 600px\" \/><\/div><\/div><\/div><\/div>\n<div class=\"flex_column av_one_full  flex_column_div av-zero-column-padding first  avia-builder-el-2  el_after_av_one_full  el_before_av_one_full  column-top-margin\" style='border-radius:0px; '><section class=\"av_textblock_section \"  itemscope=\"itemscope\" itemtype=\"https:\/\/schema.org\/BlogPosting\" itemprop=\"blogPost\" ><div class='avia_textblock  '   itemprop=\"text\" ><p style=\"text-align: center;\"><strong><span style=\"font-size: 18pt;\">Invitan a docentes y educadores a postular al Campamento virtual \u00a1Explora VA! <\/span><\/strong><\/p>\n<div id=\"gtx-trans\" style=\"position: absolute; left: -50px; top: 4.31534px;\">\n<div class=\"gtx-trans-icon\"><\/div>\n<\/div>\n<\/div><\/section><\/div><div class=\"flex_column av_one_full  flex_column_div av-zero-column-padding first  avia-builder-el-4  el_after_av_one_full  el_before_av_hr  column-top-margin\" style='border-radius:0px; '><section class=\"av_textblock_section \"  itemscope=\"itemscope\" itemtype=\"https:\/\/schema.org\/BlogPosting\" itemprop=\"blogPost\" ><div class='avia_textblock  '   itemprop=\"text\" ><p style=\"text-align: justify;\">El Campamento Explora VA! es una iniciativa impulsada por el Proyecto Explora Ays\u00e9n, del Ministerio de Ciencia, ejecutado en la regi\u00f3n por el Campus Patagonia de la Universidad Austral de Chile. A trav\u00e9s de esta capacitaci\u00f3n docentes de cualquier disciplina y educadoras de p\u00e1rvulos podr\u00e1n adquirir herramientas que les permitir\u00e1n fortalecer sus competencias cient\u00edficas en investigaci\u00f3n e innovaci\u00f3n, con el objetivo de contribuir a la mejora continua en las comunidades educativas.<\/p>\n<p style=\"text-align: justify;\">Melissa Zavala, docente y encargada de la implementaci\u00f3n de la iniciativa a las caracter\u00edsticas que tendr\u00e1 la capacitaci\u00f3n: \u201cEste a\u00f1o el Campamento Explora VA! busca transitar hacia un programa de actividades a partir de un modelo constructivista sustentado en el enfoque Ciencia, Tecnolog\u00eda, Sociedad y Ambiente. Esto va a ayudar a que se promueva la socializaci\u00f3n del conocimiento dentro de las comunidades educativas contribuyendo al desarrollo de competencias en las distintas \u00e1reas del conocimiento, tecnolog\u00eda e innovaci\u00f3n. La iniciativa promueve adem\u00e1s la formaci\u00f3n de comunidades de aprendizaje y redes de colaboraci\u00f3n entre docentes\u201d.<\/p>\n<p style=\"text-align: justify;\">La ruta de aprendizaje est\u00e1 dise\u00f1ada en torno a tres ejes principales: \u201cCiencia y pr\u00e1cticas pedag\u00f3gicas\u201d, \u201cExperiencias en Ciencia, Tecnolog\u00eda e Innovaci\u00f3n\u201d y \u201cDise\u00f1o e intercambio de experiencias docentes\u201d. La capacitaci\u00f3n se desarrollar\u00e1 en seis sesiones virtuales de 2 horas pedag\u00f3gicas cada una, sumando un total de 30 horas.<\/p>\n<p style=\"text-align: justify;\">\u201cToda la ruta del Campamento Explora VA! tiene distintas sorpresas donde se van a generar experiencias cient\u00edficas, estrategias did\u00e1cticas, recursos y herramientas donde cada espacio se estructura en base a la construcci\u00f3n y experiencias de los propios participantes. As\u00ed que todos y todas est\u00e1n invitados\/as a participar.\u201d concluye Melissa Zavala.<\/p>\n<p style=\"text-align: justify;\"><strong>\u00bfEst\u00e1s interesado\/a?<\/strong><\/p>\n<p style=\"text-align: justify;\">La convocatoria cuenta con 40 cupos disponibles. <strong>Recibiremos tu postulaci\u00f3n hasta el 30 de octubre<\/strong>. Solo debes completar el formulario y adjuntar en \u00e9l la carta de apoyo de el\/la director\/a de tu establecimiento y el consentimiento de participaci\u00f3n firmado. Los documentos est\u00e1n disponibles para descargar a continuaci\u00f3n:<\/p>\n<p style=\"text-align: justify;\"><a href=\"http:\/\/shorturl.at\/uvDF2\">Formulario de postulaci\u00f3n<\/a><\/p>\n<p style=\"text-align: justify;\"><a href=\"https:\/\/docs.google.com\/document\/d\/1vZ8sx9w5MGlcsGzKCGEXGZh5oszsk0jz\/edit\">Carta de apoyo del\/la director\/a<\/a><\/p>\n<p style=\"text-align: justify;\"><a href=\"https:\/\/docs.google.com\/document\/d\/1KX-1E8XmAh8DL8ld59e_LF9_s-zXmkpS\/edit\">Consentimiento de participaci\u00f3n<\/a><\/p>\n<p style=\"text-align: justify;\"><a href=\"https:\/\/drive.google.com\/file\/d\/1qiJmJMTX0PyYZ-BzS-LIoDKDsNjg2Ybs\/view\">Descarga y revisa las bases de postulaci\u00f3n<\/a><\/p>\n<\/div><\/section><\/div><\/p>\n<div  style='height:50px' class='hr hr-invisible   avia-builder-el-6  el_after_av_one_full  el_before_av_social_share '><span class='hr-inner ' ><span class='hr-inner-style'><\/span><\/span><\/div>\n<div  class='av-social-sharing-box  avia-builder-el-7  el_after_av_hr  el_before_av_hr  '><div class='av-share-box'><h5 class='av-share-link-description av-no-toc '>Compartir esta noticia<\/h5><ul class='av-share-box-list noLightbox'><li class='av-share-link av-social-link-facebook' ><a target=\"_blank\" aria-label=\"Compartir en Facebook\" href='https:\/\/www.facebook.com\/sharer.php?u=https:\/\/radiorevelacionfm.cl\/?p=9397&#038;t=Invitan%20a%20docentes%20y%20educadores%20a%20postular%20al%20Campamento%20virtual%20%C2%A1Explora%20VA%21' aria-hidden='false' data-av_icon='\ue8f3' data-av_iconfont='entypo-fontello' title='' data-avia-related-tooltip='Compartir en Facebook' rel=\"noopener\"><span class='avia_hidden_link_text'>Compartir en Facebook<\/span><\/a><\/li><li class='av-share-link av-social-link-twitter' ><a target=\"_blank\" aria-label=\"Compartir en Twitter\" href='https:\/\/twitter.com\/share?text=Invitan%20a%20docentes%20y%20educadores%20a%20postular%20al%20Campamento%20virtual%20%C2%A1Explora%20VA%21&#038;url=https:\/\/radiorevelacionfm.cl\/?p=9397' aria-hidden='false' data-av_icon='\ue8f1' data-av_iconfont='entypo-fontello' title='' data-avia-related-tooltip='Compartir en Twitter' rel=\"noopener\"><span class='avia_hidden_link_text'>Compartir en Twitter<\/span><\/a><\/li><li class='av-share-link av-social-link-whatsapp' ><a target=\"_blank\" aria-label=\"Compartir en Whatsapp\" href='https:\/\/api.whatsapp.com\/send?text=https:\/\/radiorevelacionfm.cl\/?p=9397' aria-hidden='false' data-av_icon='\uf232' data-av_iconfont='entypo-fontello' title='' data-avia-related-tooltip='Compartir en Whatsapp' rel=\"noopener\"><span class='avia_hidden_link_text'>Compartir en Whatsapp<\/span><\/a><\/li><li class='av-share-link av-social-link-linkedin' ><a target=\"_blank\" aria-label=\"Compartir en LinkedIn\" href='https:\/\/linkedin.com\/shareArticle?mini=true&#038;title=Invitan%20a%20docentes%20y%20educadores%20a%20postular%20al%20Campamento%20virtual%20%C2%A1Explora%20VA%21&#038;url=https:\/\/radiorevelacionfm.cl\/?p=9397' aria-hidden='false' data-av_icon='\ue8fc' data-av_iconfont='entypo-fontello' title='' data-avia-related-tooltip='Compartir en LinkedIn' rel=\"noopener\"><span class='avia_hidden_link_text'>Compartir en LinkedIn<\/span><\/a><\/li><li class='av-share-link av-social-link-mail' ><a  aria-label=\"Compartir por correo\" href='mailto:?subject=Invitan%20a%20docentes%20y%20educadores%20a%20postular%20al%20Campamento%20virtual%20%C2%A1Explora%20VA%21&#038;body=https:\/\/radiorevelacionfm.cl\/?p=9397' aria-hidden='false' data-av_icon='\ue805' data-av_iconfont='entypo-fontello' title='' data-avia-related-tooltip='Compartir por correo'><span class='avia_hidden_link_text'>Compartir por correo<\/span><\/a><\/li><\/ul><\/div><\/div>\n<div  style='height:50px' class='hr hr-invisible   avia-builder-el-8  el_after_av_social_share  el_before_av_comments_list '><span class='hr-inner ' ><span class='hr-inner-style'><\/span><\/span><\/div>\n<div  class='av-buildercomment  av-blog-meta-html-info-disabled av-blog-meta-tag-disabled  '><\/div>\n","protected":false},"excerpt":{"rendered":"","protected":false},"author":1,"featured_media":9425,"comment_status":"open","ping_status":"open","sticky":false,"template":"","format":"standard","meta":{"footnotes":""},"categories":[49],"tags":[],"class_list":["post-9397","post","type-post","status-publish","format-standard","has-post-thumbnail","hentry","category-educacion"],"jetpack_featured_media_url":"https:\/\/radiorevelacionfm.cl\/wp-content\/uploads\/2021\/10\/explorava-2-2_optimized.jpg","_links":{"self":[{"href":"https:\/\/radiorevelacionfm.cl\/index.php?rest_route=\/wp\/v2\/posts\/9397","targetHints":{"allow":["GET"]}}],"collection":[{"href":"https:\/\/radiorevelacionfm.cl\/index.php?rest_route=\/wp\/v2\/posts"}],"about":[{"href":"https:\/\/radiorevelacionfm.cl\/index.php?rest_route=\/wp\/v2\/types\/post"}],"author":[{"embeddable":true,"href":"https:\/\/radiorevelacionfm.cl\/index.php?rest_route=\/wp\/v2\/users\/1"}],"replies":[{"embeddable":true,"href":"https:\/\/radiorevelacionfm.cl\/index.php?rest_route=%2Fwp%2Fv2%2Fcomments&post=9397"}],"version-history":[{"count":2,"href":"https:\/\/radiorevelacionfm.cl\/index.php?rest_route=\/wp\/v2\/posts\/9397\/revisions"}],"predecessor-version":[{"id":9422,"href":"https:\/\/radiorevelacionfm.cl\/index.php?rest_route=\/wp\/v2\/posts\/9397\/revisions\/9422"}],"wp:featuredmedia":[{"embeddable":true,"href":"https:\/\/radiorevelacionfm.cl\/index.php?rest_route=\/wp\/v2\/media\/9425"}],"wp:attachment":[{"href":"https:\/\/radiorevelacionfm.cl\/index.php?rest_route=%2Fwp%2Fv2%2Fmedia&parent=9397"}],"wp:term":[{"taxonomy":"category","embeddable":true,"href":"https:\/\/radiorevelacionfm.cl\/index.php?rest_route=%2Fwp%2Fv2%2Fcategories&post=9397"},{"taxonomy":"post_tag","embeddable":true,"href":"https:\/\/radiorevelacionfm.cl\/index.php?rest_route=%2Fwp%2Fv2%2Ftags&post=9397"}],"curies":[{"name":"wp","href":"https:\/\/api.w.org\/{rel}","templated":true}]}}