{"id":9394,"date":"2021-10-06T18:04:55","date_gmt":"2021-10-06T21:04:55","guid":{"rendered":"https:\/\/radiorevelacionfm.cl\/?p=9394"},"modified":"2021-10-06T18:04:55","modified_gmt":"2021-10-06T21:04:55","slug":"subsecretaria-de-la-mujer-es-relevante-que-cada-persona-pueda-conocer-el-1455-y-para-esto-el-apoyo-de-empresas-regionales-ha-sido-fundamental","status":"publish","type":"post","link":"https:\/\/radiorevelacionfm.cl\/?p=9394","title":{"rendered":"Subsecretaria de la Mujer: \u201cEs relevante que cada persona pueda conocer el 1455 y para esto el apoyo de empresas regionales ha sido fundamental\u201d"},"content":{"rendered":"<div class=\"flex_column av_one_full  flex_column_div av-zero-column-padding first  avia-builder-el-0  el_before_av_one_full  avia-builder-el-first  \" style='border-radius:0px; '><div  class='avia-image-container  av-styling-    avia-builder-el-1  avia-builder-el-no-sibling  avia-align-center '  itemprop=\"image\" itemscope=\"itemscope\" itemtype=\"https:\/\/schema.org\/ImageObject\"  ><div class='avia-image-container-inner'><div class='avia-image-overlay-wrap'><img decoding=\"async\" class='wp-image-9395 avia-img-lazy-loading-not-9395 avia_image' src=\"https:\/\/radiorevelacionfm.cl\/wp-content\/uploads\/2021\/10\/foto-2-4-1_optimized.jpg\" alt='' title='foto-2-(4)-(1)_optimized' height=\"600\" width=\"1067\"  itemprop=\"thumbnailUrl\" srcset=\"https:\/\/radiorevelacionfm.cl\/wp-content\/uploads\/2021\/10\/foto-2-4-1_optimized.jpg 1067w, https:\/\/radiorevelacionfm.cl\/wp-content\/uploads\/2021\/10\/foto-2-4-1_optimized-300x169.jpg 300w, https:\/\/radiorevelacionfm.cl\/wp-content\/uploads\/2021\/10\/foto-2-4-1_optimized-1030x579.jpg 1030w, https:\/\/radiorevelacionfm.cl\/wp-content\/uploads\/2021\/10\/foto-2-4-1_optimized-768x432.jpg 768w, https:\/\/radiorevelacionfm.cl\/wp-content\/uploads\/2021\/10\/foto-2-4-1_optimized-705x396.jpg 705w, https:\/\/radiorevelacionfm.cl\/wp-content\/uploads\/2021\/10\/foto-2-4-1_optimized-600x337.jpg 600w\" sizes=\"(max-width: 1067px) 100vw, 1067px\" \/><\/div><\/div><\/div><\/div><div class=\"flex_column av_one_full  flex_column_div av-zero-column-padding first  avia-builder-el-2  el_after_av_one_full  el_before_av_one_full  column-top-margin\" style='border-radius:0px; '><section class=\"av_textblock_section \"  itemscope=\"itemscope\" itemtype=\"https:\/\/schema.org\/BlogPosting\" itemprop=\"blogPost\" ><div class='avia_textblock  '   itemprop=\"text\" ><p style=\"text-align: center;\"><strong><span style=\"font-size: 18pt;\">Subsecretaria de la Mujer: \u201cEs relevante que cada persona pueda conocer el 1455 y para esto el apoyo de empresas regionales ha sido fundamental\u201d<\/span><\/strong><\/p>\n<div id=\"gtx-trans\" style=\"position: absolute; left: -50px; top: 4.31534px;\">\n<div class=\"gtx-trans-icon\"><\/div>\n<\/div>\n<\/div><\/section><\/div><div class=\"flex_column av_one_full  flex_column_div av-zero-column-padding first  avia-builder-el-4  el_after_av_one_full  el_before_av_hr  column-top-margin\" style='border-radius:0px; '><section class=\"av_textblock_section \"  itemscope=\"itemscope\" itemtype=\"https:\/\/schema.org\/BlogPosting\" itemprop=\"blogPost\" ><div class='avia_textblock  '   itemprop=\"text\" ><p style=\"text-align: justify;\">En el marco de la visita de la Subsecretar\u00eda de la Mujer y la Equidad de G\u00e9nero Mar\u00eda Jos\u00e9 Abud, se dieron a conocer una serie de acciones, que en el contexto de una permanente Campa\u00f1a de difusi\u00f3n nacional desplegada por este Ministerio, han permitido fortalecer la visibilizaci\u00f3n, difusi\u00f3n y conocimiento masivo del n\u00famero 1455, as\u00ed como el WhatsApp silencioso +56 99700 7000 que esta cartera ha puesto a disposici\u00f3n de las personas como medio de orientaci\u00f3n y apoyo a v\u00edctimas y testigos de violencia contra la mujer.<\/p>\n<p style=\"text-align: justify;\">La campa\u00f1a que ha involucrado activamente a empresas de cobertura nacional, en la regi\u00f3n de Ays\u00e9n, ha sumado a compa\u00f1\u00edas regionales, alianzas estrat\u00e9gicas que la Secretar\u00eda Regional Ministerial de Ays\u00e9n ha gestado y que son de total relevancia, puesto que han permitido visibilizar la campa\u00f1a nacional, llegando inicialmente a hogares y personas de la comuna de Coyhaique, territorio donde se concentran porcentualmente la mayor cantidad de denuncias por estos casos a nivel regional.<\/p>\n<p style=\"text-align: justify;\">Para nosotros como Secretaria Regional es fundamental fortalecer y acercar a nuestra comunidad las estrategias que a nivel nacional lidera el Ministerio, sabemos que muchas de las potentes alianzas que realizamos a nivel nacional se ven limitadas en nuestra regi\u00f3n por diversos motivos, y por eso nos hemos propuesto sumar empresas locales. Sabemos que mientras m\u00e1s entidades seamos parte de esta causa, mejor nos ir\u00e1 y por eso es de vital ayuda para lograr nuestros objetivos, y este en particular, contar con apoyo de empresas como Aguas Patagonia que nos abre las puertas de miles de hogares y ahora Supermercado Hiperpatag\u00f3nico. Difundir los medios de apoyo que el ministerio despliega es una tarea permanente porque sabemos que por m\u00e1s que trabajamos en posicionar estos n\u00fameros, siempre existir\u00e1n personas y mujeres que los desconozcan y por eso visibilizar, difundir y desplegar todos los esfuerzos es relevante, estos n\u00fameros pueden salvar vidas. As\u00ed que el llamado es a que m\u00e1s empresas regionales se sumen y nos ayuden en esta tarea que debe involucrarnos a todos para conseguir el cambio cultural que nos permita terminar con la violencia contra la mujer\u201d Se\u00f1al\u00f3 B\u00e1rbara Ort\u00fazar Seremi de la Mujer y la Equidad de G\u00e9nero.<\/p>\n<p style=\"text-align: justify;\">De esta manera, la firma de acuerdos de colaboraci\u00f3n con empresas regionales ha sido clave, siendo un ejemplo, la reciente alianza con Aguas Patagonia la cual permiti\u00f3, de acuerdo con lo reportado por la empresa en la reuni\u00f3n sostenida con la Subsecretaria y la Seremi, llegar a m\u00e1s de 5.000 hogares de la capital regional, avanzando pr\u00f3ximamente en 10.000 informativos m\u00e1s que implicar\u00e1n en esta oportunidad localidades como Balmaceda, y comunas como Cochrane, Chile Chico, Ib\u00e1\u00f1ez y Ays\u00e9n.<\/p>\n<p style=\"text-align: justify;\"><strong>NUEVAS ALIANZAS: Supermercado Hiperpatag\u00f3nico<\/strong><\/p>\n<p style=\"text-align: justify;\">Complementariamente, y en atenci\u00f3n a la alta confluencia de personas que posee este conocido supermercado regional. La Subsecretar\u00eda Abud, junto al Gerente de Supermercado Hiperpatag\u00f3nico Rodrigo Canales y la Seremi Ort\u00fazar desplegaron una importante gr\u00e1fica informativa que estar\u00e1 dispuesta durante todo el mes de octubre en la tienda, permitiendo a trav\u00e9s de ella dar a conocer los se\u00f1alados medios de informaci\u00f3n y apoyo. La Subsecretaria que dio el vamos a esta iniciativa regional, se\u00f1al\u00f3 \u201cEstamos muy contentas de esta alianza p\u00fablico-privada. Esta es una campa\u00f1a que hemos ido desarrollando en todas las regiones y hoy la lanzamos en Ays\u00e9n. Y es tan importante porque la violencia tiene que dejar de ser un problema a puerta cerrada, la violencia contra la mujer nos debe competer a todas y a todos, y todos tenemos que hacernos cargo del problema y es por esto que es tan importante la difusi\u00f3n de las opciones que hay de ayuda. Nosotros tenemos el n\u00famero 1455, el WhatsApp +5699 700 700 alternativas que gracias a esta alianza con Supermercado Hiperpatag\u00f3nico podemos visibilizar y poner el tema sobre la mesa, porque queremos que cada persona, sea una mujer o un tercero que sepa de una situaci\u00f3n de violencia contra la mujer pueda denunciarla, pueda pedir ayuda y as\u00ed avancemos en este desaf\u00edo que tenemos con sociedad\u201d.<\/p>\n<p style=\"text-align: justify;\">Finalmente, Rodrigo Canales Gerente General del Supermercado complement\u00f3 \u201cEstamos muy contentos de participar en esta actividad. Es un hito importante que el mundo privado se sume a estas campa\u00f1as. Tenemos que aprendernos este n\u00famero el 1455 con tal de poder ayudar en detener la violencia contra la mujer. Somos un espacio p\u00fablico importante en esta ciudad, queremos no estar ausente de esto, tenemos un gran componente de nuestros trabajadores que son mujeres, entonces yo creo que nos toca directamente el participar en esta campa\u00f1a y abordar estos temas que no son f\u00e1ciles, pero hay que hacerlo. Es super importante no cerrar los ojos y saber que hay un n\u00famero, que el Gobierno est\u00e1 trabajando en esto y que las mujeres tienen un n\u00famero de contacto para tener apoyo directo si est\u00e1 viviendo alguna situaci\u00f3n de violencia\u201d.<\/p>\n<\/div><\/section><\/div><div  style='height:50px' class='hr hr-invisible   avia-builder-el-6  el_after_av_one_full  el_before_av_social_share '><span class='hr-inner ' ><span class='hr-inner-style'><\/span><\/span><\/div><\/p>\n<div  class='av-social-sharing-box  avia-builder-el-7  el_after_av_hr  el_before_av_hr  '><div class='av-share-box'><h5 class='av-share-link-description av-no-toc '>Compartir esta noticia<\/h5><ul class='av-share-box-list noLightbox'><li class='av-share-link av-social-link-facebook' ><a target=\"_blank\" aria-label=\"Compartir en Facebook\" href='https:\/\/www.facebook.com\/sharer.php?u=https:\/\/radiorevelacionfm.cl\/?p=9394&#038;t=Subsecretaria%20de%20la%20Mujer%3A%20%E2%80%9CEs%20relevante%20que%20cada%20persona%20pueda%20conocer%20el%201455%20y%20para%20esto%20el%20apoyo%20de%20empresas%20regionales%20ha%20sido%20fundamental%E2%80%9D' aria-hidden='false' data-av_icon='\ue8f3' data-av_iconfont='entypo-fontello' title='' data-avia-related-tooltip='Compartir en Facebook' rel=\"noopener\"><span class='avia_hidden_link_text'>Compartir en Facebook<\/span><\/a><\/li><li class='av-share-link av-social-link-twitter' ><a target=\"_blank\" aria-label=\"Compartir en Twitter\" href='https:\/\/twitter.com\/share?text=Subsecretaria%20de%20la%20Mujer%3A%20%E2%80%9CEs%20relevante%20que%20cada%20persona%20pueda%20conocer%20el%201455%20y%20para%20esto%20el%20apoyo%20de%20empresas%20regionales%20ha%20sido%20fundamental%E2%80%9D&#038;url=https:\/\/radiorevelacionfm.cl\/?p=9394' aria-hidden='false' data-av_icon='\ue8f1' data-av_iconfont='entypo-fontello' title='' data-avia-related-tooltip='Compartir en Twitter' rel=\"noopener\"><span class='avia_hidden_link_text'>Compartir en Twitter<\/span><\/a><\/li><li class='av-share-link av-social-link-whatsapp' ><a target=\"_blank\" aria-label=\"Compartir en Whatsapp\" href='https:\/\/api.whatsapp.com\/send?text=https:\/\/radiorevelacionfm.cl\/?p=9394' aria-hidden='false' data-av_icon='\uf232' data-av_iconfont='entypo-fontello' title='' data-avia-related-tooltip='Compartir en Whatsapp' rel=\"noopener\"><span class='avia_hidden_link_text'>Compartir en Whatsapp<\/span><\/a><\/li><li class='av-share-link av-social-link-linkedin' ><a target=\"_blank\" aria-label=\"Compartir en LinkedIn\" href='https:\/\/linkedin.com\/shareArticle?mini=true&#038;title=Subsecretaria%20de%20la%20Mujer%3A%20%E2%80%9CEs%20relevante%20que%20cada%20persona%20pueda%20conocer%20el%201455%20y%20para%20esto%20el%20apoyo%20de%20empresas%20regionales%20ha%20sido%20fundamental%E2%80%9D&#038;url=https:\/\/radiorevelacionfm.cl\/?p=9394' aria-hidden='false' data-av_icon='\ue8fc' data-av_iconfont='entypo-fontello' title='' data-avia-related-tooltip='Compartir en LinkedIn' rel=\"noopener\"><span class='avia_hidden_link_text'>Compartir en LinkedIn<\/span><\/a><\/li><li class='av-share-link av-social-link-mail' ><a  aria-label=\"Compartir por correo\" href='mailto:?subject=Subsecretaria%20de%20la%20Mujer%3A%20%E2%80%9CEs%20relevante%20que%20cada%20persona%20pueda%20conocer%20el%201455%20y%20para%20esto%20el%20apoyo%20de%20empresas%20regionales%20ha%20sido%20fundamental%E2%80%9D&#038;body=https:\/\/radiorevelacionfm.cl\/?p=9394' aria-hidden='false' data-av_icon='\ue805' data-av_iconfont='entypo-fontello' title='' data-avia-related-tooltip='Compartir por correo'><span class='avia_hidden_link_text'>Compartir por correo<\/span><\/a><\/li><\/ul><\/div><\/div>\n<div  style='height:50px' class='hr hr-invisible   avia-builder-el-8  el_after_av_social_share  el_before_av_comments_list '><span class='hr-inner ' ><span class='hr-inner-style'><\/span><\/span><\/div>\n<div  class='av-buildercomment  av-blog-meta-html-info-disabled av-blog-meta-tag-disabled  '><\/div>\n","protected":false},"excerpt":{"rendered":"","protected":false},"author":1,"featured_media":9395,"comment_status":"open","ping_status":"open","sticky":false,"template":"","format":"standard","meta":{"footnotes":""},"categories":[38],"tags":[],"class_list":["post-9394","post","type-post","status-publish","format-standard","has-post-thumbnail","hentry","category-regional"],"jetpack_featured_media_url":"https:\/\/radiorevelacionfm.cl\/wp-content\/uploads\/2021\/10\/foto-2-4-1_optimized.jpg","_links":{"self":[{"href":"https:\/\/radiorevelacionfm.cl\/index.php?rest_route=\/wp\/v2\/posts\/9394","targetHints":{"allow":["GET"]}}],"collection":[{"href":"https:\/\/radiorevelacionfm.cl\/index.php?rest_route=\/wp\/v2\/posts"}],"about":[{"href":"https:\/\/radiorevelacionfm.cl\/index.php?rest_route=\/wp\/v2\/types\/post"}],"author":[{"embeddable":true,"href":"https:\/\/radiorevelacionfm.cl\/index.php?rest_route=\/wp\/v2\/users\/1"}],"replies":[{"embeddable":true,"href":"https:\/\/radiorevelacionfm.cl\/index.php?rest_route=%2Fwp%2Fv2%2Fcomments&post=9394"}],"version-history":[{"count":1,"href":"https:\/\/radiorevelacionfm.cl\/index.php?rest_route=\/wp\/v2\/posts\/9394\/revisions"}],"predecessor-version":[{"id":9396,"href":"https:\/\/radiorevelacionfm.cl\/index.php?rest_route=\/wp\/v2\/posts\/9394\/revisions\/9396"}],"wp:featuredmedia":[{"embeddable":true,"href":"https:\/\/radiorevelacionfm.cl\/index.php?rest_route=\/wp\/v2\/media\/9395"}],"wp:attachment":[{"href":"https:\/\/radiorevelacionfm.cl\/index.php?rest_route=%2Fwp%2Fv2%2Fmedia&parent=9394"}],"wp:term":[{"taxonomy":"category","embeddable":true,"href":"https:\/\/radiorevelacionfm.cl\/index.php?rest_route=%2Fwp%2Fv2%2Fcategories&post=9394"},{"taxonomy":"post_tag","embeddable":true,"href":"https:\/\/radiorevelacionfm.cl\/index.php?rest_route=%2Fwp%2Fv2%2Ftags&post=9394"}],"curies":[{"name":"wp","href":"https:\/\/api.w.org\/{rel}","templated":true}]}}