{"id":9392,"date":"2021-10-06T19:10:14","date_gmt":"2021-10-06T22:10:14","guid":{"rendered":"https:\/\/radiorevelacionfm.cl\/?p=9392"},"modified":"2021-10-06T19:10:14","modified_gmt":"2021-10-06T22:10:14","slug":"mas-de-1200-escolares-de-aysen-fueron-inmunizados-contra-el-covid-19-durante-la-primera-semana-de-vacunacion-escolar","status":"publish","type":"post","link":"https:\/\/radiorevelacionfm.cl\/?p=9392","title":{"rendered":"M\u00e1s de 1200 escolares de Ays\u00e9n fueron inmunizados contra el COVID 19 durante la primera semana de vacunaci\u00f3n escolar"},"content":{"rendered":"<div class=\"flex_column av_one_full  flex_column_div av-zero-column-padding first  avia-builder-el-0  el_before_av_one_full  avia-builder-el-first  \" style='border-radius:0px; '><div  class='avia-image-container  av-styling-    avia-builder-el-1  avia-builder-el-no-sibling  avia-align-center '  itemprop=\"image\" itemscope=\"itemscope\" itemtype=\"https:\/\/schema.org\/ImageObject\"  ><div class='avia-image-container-inner'><div class='avia-image-overlay-wrap'><img decoding=\"async\" class='wp-image-9080 avia-img-lazy-loading-not-9080 avia_image' src=\"https:\/\/radiorevelacionfm.cl\/wp-content\/uploads\/2021\/09\/vacuna-escolares-1-1.jpg\" alt='' title='vacuna escolares (1) (1)' height=\"600\" width=\"870\"  itemprop=\"thumbnailUrl\" srcset=\"https:\/\/radiorevelacionfm.cl\/wp-content\/uploads\/2021\/09\/vacuna-escolares-1-1.jpg 870w, https:\/\/radiorevelacionfm.cl\/wp-content\/uploads\/2021\/09\/vacuna-escolares-1-1-300x207.jpg 300w, https:\/\/radiorevelacionfm.cl\/wp-content\/uploads\/2021\/09\/vacuna-escolares-1-1-768x530.jpg 768w, https:\/\/radiorevelacionfm.cl\/wp-content\/uploads\/2021\/09\/vacuna-escolares-1-1-705x486.jpg 705w, https:\/\/radiorevelacionfm.cl\/wp-content\/uploads\/2021\/09\/vacuna-escolares-1-1-600x414.jpg 600w\" sizes=\"(max-width: 870px) 100vw, 870px\" \/><\/div><\/div><\/div><\/div><div class=\"flex_column av_one_full  flex_column_div av-zero-column-padding first  avia-builder-el-2  el_after_av_one_full  el_before_av_one_full  column-top-margin\" style='border-radius:0px; '><section class=\"av_textblock_section \"  itemscope=\"itemscope\" itemtype=\"https:\/\/schema.org\/BlogPosting\" itemprop=\"blogPost\" ><div class='avia_textblock  '   itemprop=\"text\" ><p style=\"text-align: center;\"><span style=\"font-size: 18pt;\"><b><span lang=\"ES\">M\u00e1s de 1200 escolares de Ays\u00e9n fueron inmunizados contra el COVID 19 durante la primera semana de vacunaci\u00f3n escolar<\/span><\/b><\/span><\/p>\n<div id=\"gtx-trans\" style=\"position: absolute; left: -50px; top: 4.31534px;\">\n<div class=\"gtx-trans-icon\"><\/div>\n<\/div>\n<\/div><\/section><\/div><div class=\"flex_column av_one_full  flex_column_div av-zero-column-padding first  avia-builder-el-4  el_after_av_one_full  el_before_av_hr  column-top-margin\" style='border-radius:0px; '><section class=\"av_textblock_section \"  itemscope=\"itemscope\" itemtype=\"https:\/\/schema.org\/BlogPosting\" itemprop=\"blogPost\" ><div class='avia_textblock  '   itemprop=\"text\" ><p class=\"v1MsoNormal\" style=\"text-align: justify;\">Desde el 27 de septiembre se dio inicio en todo el pa\u00eds a la vacunaci\u00f3n escolar contra el COVID 19, estrategia que est\u00e1 orientada para proteger contra el COVID 19\u00a0\u00a0a ni\u00f1os y ni\u00f1as desde los 6 a\u00f1os en adelante. La vacuna que se est\u00e1 aplicando es\u00a0Coronavac, la cual est\u00e1 autorizada por el Instituto de Salud P\u00fablica ISP y que ha demostrado eficacia y seguridad en su aplicaci\u00f3n a la poblaci\u00f3n chilena.<\/p>\n<p class=\"v1MsoNormal\" style=\"text-align: justify;\">La Encargada Regional del Programa Nacional de\u00a0Inmunizaci\u00f3nes\u00a0del Ministerio de Salud Sany Ojeda detall\u00f3 que a la fecha se han vacunado m\u00e1s de 1.200 escolares en sus respectivos colegios, proceso que se ha desarrollado con total normalidad sin ning\u00fan evento negativo.<\/p>\n<p class=\"v1MsoNormal\" style=\"text-align: justify;\">\u00abPor lo tanto, hacemos un llamado a todos los padres, madres y apoderados de los ni\u00f1os para que los lleven a vacunar a su establecimiento educacional en las fechas que se les indique para que puedan recibir esta importante protecci\u00f3n. Vacunar a nuestros ni\u00f1os y ni\u00f1as en edad escolar es fundamental ya que nos permitir\u00e1 ir controlando esta pandemia e ir retomando la normalidad de las actividades escolares. Adem\u00e1s se evitar\u00e1 que los ni\u00f1os se enfermen con un cuadro grave y requieran hospitalizaci\u00f3n, o que un ni\u00f1o contagiado con el virus produzca un brote\u00bb, enfatiz\u00f3 Sany Ojeda.<\/p>\n<p class=\"v1MsoNormal\" style=\"text-align: justify;\">Sobre este importante proceso, el Seremi de Educaci\u00f3n de Ays\u00e9n Sergio Becerra Mera se\u00f1al\u00f3 que la vacunaci\u00f3n masiva de ni\u00f1os y j\u00f3venes es un elemento adicional que le entrega a\u00fan mayor seguridad y confianza a las familias para poder volver a las clases presenciales. En ese sentido, creemos que es muy importante insistir en el llamado a los padres para que autoricen a sus hijos y que estos puedan acceder a la vacuna\u00bb.<\/p>\n<p class=\"v1MsoNormal\" style=\"text-align: justify;\">\u00abAs\u00ed, a medida que cada nivel de un colegio alcance el 80% de sus alumnos con ambas dosis de la vacuna, podr\u00e1n dejar de considerar de manera obligatoria el metro de distancia dentro de la sala de clases y, por lo tanto, se le puede dar mayor continuidad al proceso educativo de esos ni\u00f1os, pudiendo asistir presencialmente todos los d\u00edas. Hoy en la regi\u00f3n de Ays\u00e9n, el 85 por ciento de los estudiantes de cuartos medios est\u00e1n vacunados con ambas dosis por lo que\u00a0esos\u00a0cursos est\u00e1n en condiciones de funcionar en clases sin restricciones de aforo\u00bb, indic\u00f3 el Seremi.<\/p>\n<p class=\"v1MsoNormal\" style=\"text-align: justify;\">Sergio Becerra agreg\u00f3 que \u00abLo anterior va acompa\u00f1ado del cumpliendo del umbral de vacunaci\u00f3n y manteniendo con rigor las otras medidas sanitarias, como el uso de la mascarilla, la ventilaci\u00f3n de las salas y la higiene permanente\u00bb.<\/p>\n<\/div><\/section><\/div><div  style='height:50px' class='hr hr-invisible   avia-builder-el-6  el_after_av_one_full  el_before_av_social_share '><span class='hr-inner ' ><span class='hr-inner-style'><\/span><\/span><\/div><\/p>\n<div  class='av-social-sharing-box  avia-builder-el-7  el_after_av_hr  el_before_av_hr  '><div class='av-share-box'><h5 class='av-share-link-description av-no-toc '>Compartir esta noticia<\/h5><ul class='av-share-box-list noLightbox'><li class='av-share-link av-social-link-facebook' ><a target=\"_blank\" aria-label=\"Compartir en Facebook\" href='https:\/\/www.facebook.com\/sharer.php?u=https:\/\/radiorevelacionfm.cl\/?p=9392&#038;t=M%C3%A1s%20de%201200%20escolares%20de%20Ays%C3%A9n%20fueron%20inmunizados%20contra%20el%20COVID%2019%20durante%20la%20primera%20semana%20de%20vacunaci%C3%B3n%20escolar' aria-hidden='false' data-av_icon='\ue8f3' data-av_iconfont='entypo-fontello' title='' data-avia-related-tooltip='Compartir en Facebook' rel=\"noopener\"><span class='avia_hidden_link_text'>Compartir en Facebook<\/span><\/a><\/li><li class='av-share-link av-social-link-twitter' ><a target=\"_blank\" aria-label=\"Compartir en Twitter\" href='https:\/\/twitter.com\/share?text=M%C3%A1s%20de%201200%20escolares%20de%20Ays%C3%A9n%20fueron%20inmunizados%20contra%20el%20COVID%2019%20durante%20la%20primera%20semana%20de%20vacunaci%C3%B3n%20escolar&#038;url=https:\/\/radiorevelacionfm.cl\/?p=9392' aria-hidden='false' data-av_icon='\ue8f1' data-av_iconfont='entypo-fontello' title='' data-avia-related-tooltip='Compartir en Twitter' rel=\"noopener\"><span class='avia_hidden_link_text'>Compartir en Twitter<\/span><\/a><\/li><li class='av-share-link av-social-link-whatsapp' ><a target=\"_blank\" aria-label=\"Compartir en Whatsapp\" href='https:\/\/api.whatsapp.com\/send?text=https:\/\/radiorevelacionfm.cl\/?p=9392' aria-hidden='false' data-av_icon='\uf232' data-av_iconfont='entypo-fontello' title='' data-avia-related-tooltip='Compartir en Whatsapp' rel=\"noopener\"><span class='avia_hidden_link_text'>Compartir en Whatsapp<\/span><\/a><\/li><li class='av-share-link av-social-link-linkedin' ><a target=\"_blank\" aria-label=\"Compartir en LinkedIn\" href='https:\/\/linkedin.com\/shareArticle?mini=true&#038;title=M%C3%A1s%20de%201200%20escolares%20de%20Ays%C3%A9n%20fueron%20inmunizados%20contra%20el%20COVID%2019%20durante%20la%20primera%20semana%20de%20vacunaci%C3%B3n%20escolar&#038;url=https:\/\/radiorevelacionfm.cl\/?p=9392' aria-hidden='false' data-av_icon='\ue8fc' data-av_iconfont='entypo-fontello' title='' data-avia-related-tooltip='Compartir en LinkedIn' rel=\"noopener\"><span class='avia_hidden_link_text'>Compartir en LinkedIn<\/span><\/a><\/li><li class='av-share-link av-social-link-mail' ><a  aria-label=\"Compartir por correo\" href='mailto:?subject=M%C3%A1s%20de%201200%20escolares%20de%20Ays%C3%A9n%20fueron%20inmunizados%20contra%20el%20COVID%2019%20durante%20la%20primera%20semana%20de%20vacunaci%C3%B3n%20escolar&#038;body=https:\/\/radiorevelacionfm.cl\/?p=9392' aria-hidden='false' data-av_icon='\ue805' data-av_iconfont='entypo-fontello' title='' data-avia-related-tooltip='Compartir por correo'><span class='avia_hidden_link_text'>Compartir por correo<\/span><\/a><\/li><\/ul><\/div><\/div>\n<div  style='height:50px' class='hr hr-invisible   avia-builder-el-8  el_after_av_social_share  el_before_av_comments_list '><span class='hr-inner ' ><span class='hr-inner-style'><\/span><\/span><\/div>\n<div  class='av-buildercomment  av-blog-meta-html-info-disabled av-blog-meta-tag-disabled  '><\/div>\n","protected":false},"excerpt":{"rendered":"","protected":false},"author":1,"featured_media":9080,"comment_status":"open","ping_status":"open","sticky":false,"template":"","format":"standard","meta":{"footnotes":""},"categories":[49],"tags":[],"class_list":["post-9392","post","type-post","status-publish","format-standard","has-post-thumbnail","hentry","category-educacion"],"jetpack_featured_media_url":"https:\/\/radiorevelacionfm.cl\/wp-content\/uploads\/2021\/09\/vacuna-escolares-1-1.jpg","_links":{"self":[{"href":"https:\/\/radiorevelacionfm.cl\/index.php?rest_route=\/wp\/v2\/posts\/9392","targetHints":{"allow":["GET"]}}],"collection":[{"href":"https:\/\/radiorevelacionfm.cl\/index.php?rest_route=\/wp\/v2\/posts"}],"about":[{"href":"https:\/\/radiorevelacionfm.cl\/index.php?rest_route=\/wp\/v2\/types\/post"}],"author":[{"embeddable":true,"href":"https:\/\/radiorevelacionfm.cl\/index.php?rest_route=\/wp\/v2\/users\/1"}],"replies":[{"embeddable":true,"href":"https:\/\/radiorevelacionfm.cl\/index.php?rest_route=%2Fwp%2Fv2%2Fcomments&post=9392"}],"version-history":[{"count":1,"href":"https:\/\/radiorevelacionfm.cl\/index.php?rest_route=\/wp\/v2\/posts\/9392\/revisions"}],"predecessor-version":[{"id":9393,"href":"https:\/\/radiorevelacionfm.cl\/index.php?rest_route=\/wp\/v2\/posts\/9392\/revisions\/9393"}],"wp:featuredmedia":[{"embeddable":true,"href":"https:\/\/radiorevelacionfm.cl\/index.php?rest_route=\/wp\/v2\/media\/9080"}],"wp:attachment":[{"href":"https:\/\/radiorevelacionfm.cl\/index.php?rest_route=%2Fwp%2Fv2%2Fmedia&parent=9392"}],"wp:term":[{"taxonomy":"category","embeddable":true,"href":"https:\/\/radiorevelacionfm.cl\/index.php?rest_route=%2Fwp%2Fv2%2Fcategories&post=9392"},{"taxonomy":"post_tag","embeddable":true,"href":"https:\/\/radiorevelacionfm.cl\/index.php?rest_route=%2Fwp%2Fv2%2Ftags&post=9392"}],"curies":[{"name":"wp","href":"https:\/\/api.w.org\/{rel}","templated":true}]}}