{"id":9389,"date":"2021-10-07T09:46:34","date_gmt":"2021-10-07T12:46:34","guid":{"rendered":"https:\/\/radiorevelacionfm.cl\/?p=9389"},"modified":"2021-10-07T09:46:34","modified_gmt":"2021-10-07T12:46:34","slug":"productores-y-comerciantes-de-aysen-recibieron-el-sello-calidad-de-lena","status":"publish","type":"post","link":"https:\/\/radiorevelacionfm.cl\/?p=9389","title":{"rendered":"Productores y comerciantes de Ays\u00e9n recibieron el Sello Calidad de Le\u00f1a"},"content":{"rendered":"<div class=\"flex_column av_one_full  flex_column_div av-zero-column-padding first  avia-builder-el-0  el_before_av_one_full  avia-builder-el-first  \" style='border-radius:0px; '><div  class='avia-image-container  av-styling-    avia-builder-el-1  avia-builder-el-no-sibling  avia-align-center '  itemprop=\"image\" itemscope=\"itemscope\" itemtype=\"https:\/\/schema.org\/ImageObject\"  ><div class='avia-image-container-inner'><div class='avia-image-overlay-wrap'><img decoding=\"async\" class='wp-image-9390 avia-img-lazy-loading-not-9390 avia_image' src=\"https:\/\/radiorevelacionfm.cl\/wp-content\/uploads\/2021\/10\/sello-lena-foto-0-1_optimized.jpg\" alt='' title='sello-le\u00f1a-foto-0-(1)_optimized' height=\"600\" width=\"862\"  itemprop=\"thumbnailUrl\" srcset=\"https:\/\/radiorevelacionfm.cl\/wp-content\/uploads\/2021\/10\/sello-lena-foto-0-1_optimized.jpg 862w, https:\/\/radiorevelacionfm.cl\/wp-content\/uploads\/2021\/10\/sello-lena-foto-0-1_optimized-300x209.jpg 300w, https:\/\/radiorevelacionfm.cl\/wp-content\/uploads\/2021\/10\/sello-lena-foto-0-1_optimized-768x535.jpg 768w, https:\/\/radiorevelacionfm.cl\/wp-content\/uploads\/2021\/10\/sello-lena-foto-0-1_optimized-705x491.jpg 705w, https:\/\/radiorevelacionfm.cl\/wp-content\/uploads\/2021\/10\/sello-lena-foto-0-1_optimized-600x418.jpg 600w\" sizes=\"(max-width: 862px) 100vw, 862px\" \/><\/div><\/div><\/div><\/div><div class=\"flex_column av_one_full  flex_column_div av-zero-column-padding first  avia-builder-el-2  el_after_av_one_full  el_before_av_one_full  column-top-margin\" style='border-radius:0px; '><section class=\"av_textblock_section \"  itemscope=\"itemscope\" itemtype=\"https:\/\/schema.org\/BlogPosting\" itemprop=\"blogPost\" ><div class='avia_textblock  '   itemprop=\"text\" ><p style=\"text-align: center;\"><strong><span style=\"font-size: 18pt;\">Productores y comerciantes de Ays\u00e9n recibieron el Sello Calidad de Le\u00f1a<\/span><\/strong><\/p>\n<div id=\"gtx-trans\" style=\"position: absolute; left: -50px; top: 4.31534px;\">\n<div class=\"gtx-trans-icon\"><\/div>\n<\/div>\n<\/div><\/section><\/div><div class=\"flex_column av_one_full  flex_column_div av-zero-column-padding first  avia-builder-el-4  el_after_av_one_full  el_before_av_hr  column-top-margin\" style='border-radius:0px; '><section class=\"av_textblock_section \"  itemscope=\"itemscope\" itemtype=\"https:\/\/schema.org\/BlogPosting\" itemprop=\"blogPost\" ><div class='avia_textblock  '   itemprop=\"text\" ><p style=\"text-align: justify;\">El Ministerio de Energ\u00eda, a trav\u00e9s de la Agencia de Sostenibilidad Energ\u00e9tica, otorg\u00f3 el \u201cSello Calidad de Le\u00f1a\u201d a siete emprendedores del rubro de las comunas de Coyhaique y Ays\u00e9n, que han demostrado cumplir con los procesos y est\u00e1ndares de calidad en toda la cadena de producci\u00f3n y comercializaci\u00f3n del energ\u00e9tico. A la fecha, en la regi\u00f3n de Ays\u00e9n ya son 15 los le\u00f1eros y le\u00f1eras que cuentan con este importante reconocimiento.<\/p>\n<p style=\"text-align: justify;\">El Seremi de Energ\u00eda de la regi\u00f3n de Ays\u00e9n, Juan Luis Amen\u00e1bar, se\u00f1al\u00f3 que \u201cel Sello Calidad de Le\u00f1a forma parte de la Estrategia de Transici\u00f3n Energ\u00e9tica Residencial, y contribuye a la promoci\u00f3n de una oferta de le\u00f1a seca y de calidad, que incluye tener un porcentaje de humedad menor al 25%. De esta manera ayudamos a descontaminar nuestra regi\u00f3n, mejorando la calidad de vida de la comunidad. Estamos muy contentos de poder entregar este reconocimiento a estos siete emprendedores que se preocupan por entregar a sus clientes un producto que cumple con la normativa vigente, y con los est\u00e1ndares de calidad adecuados, es decir, que est\u00e1n haciendo las cosas bien\u201d.<\/p>\n<p style=\"text-align: justify;\">Por su parte la beneficiaria Heidi Wahl indic\u00f3 que \u201cme gustar\u00eda agradecer la oportunidad y apoyo que nos brinda a los productores de le\u00f1a la Seremi de Energ\u00eda a trav\u00e9s de los diversos programas que se encuentra impulsando. Me siento muy feliz de ser beneficiaria del Sello Calidad de Le\u00f1a, ya que es un reconocimiento a nuestro trabajo. Me gustar\u00eda invitar a los productores regionales a sumarse, hoy las instituciones que compran le\u00f1a exigen que sea seca, y en ese sentido el sello nos permite certificar que vendemos un producto de calidad, los que nos abre las puertas para nuevos negocios que fue lo que me motiv\u00f3 a participar\u201d.<\/p>\n<p style=\"text-align: justify;\">Esta distinci\u00f3n nace de la experiencia del Sello Len\u0303a Certificada del Sistema Nacional de Certificaci\u00f3n de Len\u0303a (SNCL), y es producto del trabajo conjunto y coordinado de distintas instituciones p\u00fablicas quienes a trav\u00e9s de un comit\u00e9 t\u00e9cnico aportaron desde su experiencia para el desarrollo de esta iniciativa.<\/p>\n<p style=\"text-align: justify;\">Responde adem\u00e1s a la mayor demanda del consumidor residencial por disponer de un biocombustible que est\u00e9 seco. Al respecto, Marcos Gallardo, productor le\u00f1ero indic\u00f3 que \u201cestoy muy contento de poder contar con esta distinci\u00f3n, ya que el Sello Calidad de Le\u00f1a me permite promocionar mis productos. Adem\u00e1s, hoy la comunidad valora mucho poder comprar le\u00f1a seca y m\u00e1s a\u00fan si esta est\u00e1 certificada y cuenta con un plan de manejo que permite preservar los campos de Ays\u00e9n\u201d.<\/p>\n<p style=\"text-align: justify;\">BENEFICIOS DEL SELLO<\/p>\n<p style=\"text-align: justify;\">Uno de los beneficios m\u00e1s importantes para los consumidores, es que pueden acceder a un biocombustible que es m\u00e1s eficiente en el calefactor, genera m\u00e1s calor y emite menos contaminaci\u00f3n. Adem\u00e1s, en la p\u00e1gina web <a href=\"http:\/\/www.sellocalidadlena.cl\">www.sellocalidadlena.cl<\/a> pueden encontrar informaci\u00f3n actualizada sobre los productores regionales que venden le\u00f1a con este sello.<\/p>\n<p style=\"text-align: justify;\">Los comerciantes y productores que accedan al Sello Calidad de Le\u00f1a obtendr\u00e1n un certificado y un galvano que les permite acreditar ante sus clientes que cuenta con esta distinci\u00f3n. As\u00ed mismo, podr\u00e1n acceder a una serie de beneficios, como destacarse en el mercado gracias a las instancias de difusi\u00f3n y la utilizaci\u00f3n del sello en todo el material de venta, como sacos, boletas y el letrero de la empresa. Adem\u00e1s, todo el proceso de obtenci\u00f3n del sello y monitoreo en terreno es complemente gratuito para el beneficiario.<\/p>\n<p style=\"text-align: justify;\">PREPARANDO EL MERCADO PARA LA FUTURA REGULACI\u00d3N<\/p>\n<p style=\"text-align: justify;\">El Proyecto de Ley de Biocombustibles S\u00f3lidos (BCS) aprobado en general por la C\u00e1mara de Diputados el pasado mes de agosto, y que ahora se encuentra en el Senado para su tramitaci\u00f3n, busca regular la comercializaci\u00f3n de la le\u00f1a como combustible residencial, evitar la venta de le\u00f1a h\u00fameda y ofrecer a los consumidores un producto que contribuya a la eficiencia energ\u00e9tica de la combusti\u00f3n y calefacci\u00f3n domiciliaria, aportando de esta manera a mejorar la calidad del aire y a resguardar la salud de las personas.<\/p>\n<p style=\"text-align: justify;\">En ese marco, el Sello Calidad de Le\u00f1a ayuda a que los comerciantes y consumidores se preparen para la futura regulaci\u00f3n que tendr\u00e1 este biocombustible, a trav\u00e9s de la promoci\u00f3n de buenas pr\u00e1cticas productivas y cambios de h\u00e1bitos de compra y consumo de le\u00f1a residencial.<\/p>\n<p style=\"text-align: justify;\">Actualmente el Ministerio de Energ\u00eda cuenta con los programas Le\u00f1a M\u00e1s Seca, Centro Integral de Biomasa, y el reconocimiento Sello de Calidad de Le\u00f1a, que apoyan a los peque\u00f1os productores para enfrentar de buena forma esta transici\u00f3n.<\/p>\n<\/div><\/section><\/div><div  style='height:50px' class='hr hr-invisible   avia-builder-el-6  el_after_av_one_full  el_before_av_social_share '><span class='hr-inner ' ><span class='hr-inner-style'><\/span><\/span><\/div><\/p>\n<div  class='av-social-sharing-box  avia-builder-el-7  el_after_av_hr  el_before_av_hr  '><div class='av-share-box'><h5 class='av-share-link-description av-no-toc '>Compartir esta noticia<\/h5><ul class='av-share-box-list noLightbox'><li class='av-share-link av-social-link-facebook' ><a target=\"_blank\" aria-label=\"Compartir en Facebook\" href='https:\/\/www.facebook.com\/sharer.php?u=https:\/\/radiorevelacionfm.cl\/?p=9389&#038;t=Productores%20y%20comerciantes%20de%20Ays%C3%A9n%20recibieron%20el%20Sello%20Calidad%20de%20Le%C3%B1a' aria-hidden='false' data-av_icon='\ue8f3' data-av_iconfont='entypo-fontello' title='' data-avia-related-tooltip='Compartir en Facebook' rel=\"noopener\"><span class='avia_hidden_link_text'>Compartir en Facebook<\/span><\/a><\/li><li class='av-share-link av-social-link-twitter' ><a target=\"_blank\" aria-label=\"Compartir en Twitter\" href='https:\/\/twitter.com\/share?text=Productores%20y%20comerciantes%20de%20Ays%C3%A9n%20recibieron%20el%20Sello%20Calidad%20de%20Le%C3%B1a&#038;url=https:\/\/radiorevelacionfm.cl\/?p=9389' aria-hidden='false' data-av_icon='\ue8f1' data-av_iconfont='entypo-fontello' title='' data-avia-related-tooltip='Compartir en Twitter' rel=\"noopener\"><span class='avia_hidden_link_text'>Compartir en Twitter<\/span><\/a><\/li><li class='av-share-link av-social-link-whatsapp' ><a target=\"_blank\" aria-label=\"Compartir en Whatsapp\" href='https:\/\/api.whatsapp.com\/send?text=https:\/\/radiorevelacionfm.cl\/?p=9389' aria-hidden='false' data-av_icon='\uf232' data-av_iconfont='entypo-fontello' title='' data-avia-related-tooltip='Compartir en Whatsapp' rel=\"noopener\"><span class='avia_hidden_link_text'>Compartir en Whatsapp<\/span><\/a><\/li><li class='av-share-link av-social-link-linkedin' ><a target=\"_blank\" aria-label=\"Compartir en LinkedIn\" href='https:\/\/linkedin.com\/shareArticle?mini=true&#038;title=Productores%20y%20comerciantes%20de%20Ays%C3%A9n%20recibieron%20el%20Sello%20Calidad%20de%20Le%C3%B1a&#038;url=https:\/\/radiorevelacionfm.cl\/?p=9389' aria-hidden='false' data-av_icon='\ue8fc' data-av_iconfont='entypo-fontello' title='' data-avia-related-tooltip='Compartir en LinkedIn' rel=\"noopener\"><span class='avia_hidden_link_text'>Compartir en LinkedIn<\/span><\/a><\/li><li class='av-share-link av-social-link-mail' ><a  aria-label=\"Compartir por correo\" href='mailto:?subject=Productores%20y%20comerciantes%20de%20Ays%C3%A9n%20recibieron%20el%20Sello%20Calidad%20de%20Le%C3%B1a&#038;body=https:\/\/radiorevelacionfm.cl\/?p=9389' aria-hidden='false' data-av_icon='\ue805' data-av_iconfont='entypo-fontello' title='' data-avia-related-tooltip='Compartir por correo'><span class='avia_hidden_link_text'>Compartir por correo<\/span><\/a><\/li><\/ul><\/div><\/div>\n<div  style='height:50px' class='hr hr-invisible   avia-builder-el-8  el_after_av_social_share  el_before_av_comments_list '><span class='hr-inner ' ><span class='hr-inner-style'><\/span><\/span><\/div>\n<div  class='av-buildercomment  av-blog-meta-html-info-disabled av-blog-meta-tag-disabled  '><\/div>\n","protected":false},"excerpt":{"rendered":"","protected":false},"author":1,"featured_media":9390,"comment_status":"open","ping_status":"open","sticky":false,"template":"","format":"standard","meta":{"footnotes":""},"categories":[38],"tags":[],"class_list":["post-9389","post","type-post","status-publish","format-standard","has-post-thumbnail","hentry","category-regional"],"jetpack_featured_media_url":"https:\/\/radiorevelacionfm.cl\/wp-content\/uploads\/2021\/10\/sello-lena-foto-0-1_optimized.jpg","_links":{"self":[{"href":"https:\/\/radiorevelacionfm.cl\/index.php?rest_route=\/wp\/v2\/posts\/9389","targetHints":{"allow":["GET"]}}],"collection":[{"href":"https:\/\/radiorevelacionfm.cl\/index.php?rest_route=\/wp\/v2\/posts"}],"about":[{"href":"https:\/\/radiorevelacionfm.cl\/index.php?rest_route=\/wp\/v2\/types\/post"}],"author":[{"embeddable":true,"href":"https:\/\/radiorevelacionfm.cl\/index.php?rest_route=\/wp\/v2\/users\/1"}],"replies":[{"embeddable":true,"href":"https:\/\/radiorevelacionfm.cl\/index.php?rest_route=%2Fwp%2Fv2%2Fcomments&post=9389"}],"version-history":[{"count":1,"href":"https:\/\/radiorevelacionfm.cl\/index.php?rest_route=\/wp\/v2\/posts\/9389\/revisions"}],"predecessor-version":[{"id":9391,"href":"https:\/\/radiorevelacionfm.cl\/index.php?rest_route=\/wp\/v2\/posts\/9389\/revisions\/9391"}],"wp:featuredmedia":[{"embeddable":true,"href":"https:\/\/radiorevelacionfm.cl\/index.php?rest_route=\/wp\/v2\/media\/9390"}],"wp:attachment":[{"href":"https:\/\/radiorevelacionfm.cl\/index.php?rest_route=%2Fwp%2Fv2%2Fmedia&parent=9389"}],"wp:term":[{"taxonomy":"category","embeddable":true,"href":"https:\/\/radiorevelacionfm.cl\/index.php?rest_route=%2Fwp%2Fv2%2Fcategories&post=9389"},{"taxonomy":"post_tag","embeddable":true,"href":"https:\/\/radiorevelacionfm.cl\/index.php?rest_route=%2Fwp%2Fv2%2Ftags&post=9389"}],"curies":[{"name":"wp","href":"https:\/\/api.w.org\/{rel}","templated":true}]}}