{"id":9382,"date":"2021-10-06T16:11:52","date_gmt":"2021-10-06T19:11:52","guid":{"rendered":"https:\/\/radiorevelacionfm.cl\/?p=9382"},"modified":"2021-10-06T16:11:52","modified_gmt":"2021-10-06T19:11:52","slug":"mas-de-250-millones-se-invierten-en-la-conservacion-del-liceo-municipal-de-puerto-cisnes","status":"publish","type":"post","link":"https:\/\/radiorevelacionfm.cl\/?p=9382","title":{"rendered":"M\u00e1s de $250 millones se invierten en la conservaci\u00f3n del liceo municipal de Puerto Cisnes"},"content":{"rendered":"<div class=\"flex_column av_one_full  flex_column_div av-zero-column-padding first  avia-builder-el-0  el_before_av_one_full  avia-builder-el-first  \" style='border-radius:0px; '><div  class='avia-image-container  av-styling-    avia-builder-el-1  avia-builder-el-no-sibling  avia-align-center '  itemprop=\"image\" itemscope=\"itemscope\" itemtype=\"https:\/\/schema.org\/ImageObject\"  ><div class='avia-image-container-inner'><div class='avia-image-overlay-wrap'><img decoding=\"async\" class='wp-image-9384 avia-img-lazy-loading-not-9384 avia_image' src=\"https:\/\/radiorevelacionfm.cl\/wp-content\/uploads\/2021\/10\/liceo-cisnes-1-1_optimized.jpeg\" alt='' title='liceo-cisnes-1-(1)_optimized' height=\"600\" width=\"800\"  itemprop=\"thumbnailUrl\" srcset=\"https:\/\/radiorevelacionfm.cl\/wp-content\/uploads\/2021\/10\/liceo-cisnes-1-1_optimized.jpeg 800w, https:\/\/radiorevelacionfm.cl\/wp-content\/uploads\/2021\/10\/liceo-cisnes-1-1_optimized-300x225.jpeg 300w, https:\/\/radiorevelacionfm.cl\/wp-content\/uploads\/2021\/10\/liceo-cisnes-1-1_optimized-768x576.jpeg 768w, https:\/\/radiorevelacionfm.cl\/wp-content\/uploads\/2021\/10\/liceo-cisnes-1-1_optimized-705x529.jpeg 705w, https:\/\/radiorevelacionfm.cl\/wp-content\/uploads\/2021\/10\/liceo-cisnes-1-1_optimized-600x450.jpeg 600w\" sizes=\"(max-width: 800px) 100vw, 800px\" \/><\/div><\/div><\/div><\/div><div class=\"flex_column av_one_full  flex_column_div av-zero-column-padding first  avia-builder-el-2  el_after_av_one_full  el_before_av_one_full  column-top-margin\" style='border-radius:0px; '><section class=\"av_textblock_section \"  itemscope=\"itemscope\" itemtype=\"https:\/\/schema.org\/BlogPosting\" itemprop=\"blogPost\" ><div class='avia_textblock  '   itemprop=\"text\" ><p style=\"text-align: center;\"><strong><span style=\"font-size: 18pt;\">M\u00e1s de $250 millones se invierten en la conservaci\u00f3n del liceo municipal de Puerto Cisnes<\/span><\/strong><\/p>\n<div id=\"gtx-trans\" style=\"position: absolute; left: -50px; top: 4.31534px;\">\n<div class=\"gtx-trans-icon\"><\/div>\n<\/div>\n<\/div><\/section><\/div><div class=\"flex_column av_one_full  flex_column_div av-zero-column-padding first  avia-builder-el-4  el_after_av_one_full  el_before_av_hr  column-top-margin\" style='border-radius:0px; '><section class=\"av_textblock_section \"  itemscope=\"itemscope\" itemtype=\"https:\/\/schema.org\/BlogPosting\" itemprop=\"blogPost\" ><div class='avia_textblock  '   itemprop=\"text\" ><p style=\"text-align: justify;\">Importantes son las obras de conservaci\u00f3n del liceo Municipal Arturo Prat Chac\u00f3n de Puerto Cisnes, las por estos d\u00edas est\u00e1n en plena ejecuci\u00f3n y pretenden cambiarle la cara al establecimiento, mediante un refuerzo estructural y envolvente t\u00e9rmico integral de este edificio.<\/p>\n<p style=\"text-align: justify;\">El Alcalde de la comuna, Francisco Roncagliolo Lepio, puso en valor esta iniciativa que va en directo beneficio de toda la comunidad educativa y que ha sido el resultado de un trabajo coordinado con el Ministerio de Educaci\u00f3n tanto a nivel regional como central.<\/p>\n<p style=\"text-align: justify;\">\u201cComo administraci\u00f3n hemos puesto un foco importante en el mejoramiento y reconstrucci\u00f3n de establecimientos educacionales dentro de nuestra comuna. En eso hemos estado trabajando, en mejorar escuelas, en mejorar liceos, tambi\u00e9n en construir escuelas y eso obviamente va de la mano con que queremos que nuestros estudiantes tengan acceso a una mejor infraestructura, que les permita enfrentar de mejor forma sus procesos educativos. En ese mismo sentido, estamos muy contentos y agradecidos por el apoyo que nos ha entregado el Ministerio de Educaci\u00f3n a trav\u00e9s de la Serem\u00eda Regional y a nivel central, porque todas las iniciativas que hemos presentado han sido apoyadas, han sido valoradas por el Ministerio y con eso hemos podido dar un gran salto en cuanto a infraestructura educativa, en toda nuestra comuna de Cisnes\u201d.<\/p>\n<p style=\"text-align: justify;\">En tanto, el director del establecimiento, Carlos Videla Bonilla, entreg\u00f3 detalles de las mejoras que se est\u00e1n desarrollando en el liceo Arturo Prat de Puerto Cisnes.<\/p>\n<p style=\"text-align: justify;\">\u201cEste es un proyecto de conservaci\u00f3n liderado por nuestro sostenedor e implementado a trav\u00e9s de la direcci\u00f3n de educaci\u00f3n, tiene una inversi\u00f3n aproximada de 250 millones de pesos y eso nos permite hacer muchos cambios al interior del establecimiento. Dentro de las principales caracter\u00edsticas, tienen que ver con la mejora en la parte de aislaci\u00f3n, techumbres, muros, tambi\u00e9n es importante destacar los cambios que se han hecho en los equipos de ventilaci\u00f3n. En estos momentos el liceo est\u00e1 siendo intervenido por una empresa que est\u00e1 trayendo unos equipos bastante complejos que vienen de Espa\u00f1a\u201d.<\/p>\n<p style=\"text-align: justify;\">El liceo municipal de Puerto Cisnes, contempla en este proyecto de conservaci\u00f3n, el mejoramiento estructural de fundaciones, mejoramiento envolvente t\u00e9rmico, suministro e instalaci\u00f3n de ventanas termo panel, normalizaci\u00f3n accesos, pintura exterior, mejorando la eficiencia energ\u00e9tica del inmueble, entre otras intervenciones. Esto siempre con la idea de entregar un recinto en condiciones tanto para estudiantes, apoderados, el equipo educativo y asistentes de la educaci\u00f3n.<\/p>\n<\/div><\/section><\/div><div  style='height:50px' class='hr hr-invisible   avia-builder-el-6  el_after_av_one_full  el_before_av_social_share '><span class='hr-inner ' ><span class='hr-inner-style'><\/span><\/span><\/div><\/p>\n<div  class='av-social-sharing-box  avia-builder-el-7  el_after_av_hr  el_before_av_hr  '><div class='av-share-box'><h5 class='av-share-link-description av-no-toc '>Compartir esta noticia<\/h5><ul class='av-share-box-list noLightbox'><li class='av-share-link av-social-link-facebook' ><a target=\"_blank\" aria-label=\"Compartir en Facebook\" href='https:\/\/www.facebook.com\/sharer.php?u=https:\/\/radiorevelacionfm.cl\/?p=9382&#038;t=M%C3%A1s%20de%20%24250%20millones%20se%20invierten%20en%20la%20conservaci%C3%B3n%20del%20liceo%20municipal%20de%20Puerto%20Cisnes' aria-hidden='false' data-av_icon='\ue8f3' data-av_iconfont='entypo-fontello' title='' data-avia-related-tooltip='Compartir en Facebook' rel=\"noopener\"><span class='avia_hidden_link_text'>Compartir en Facebook<\/span><\/a><\/li><li class='av-share-link av-social-link-twitter' ><a target=\"_blank\" aria-label=\"Compartir en Twitter\" href='https:\/\/twitter.com\/share?text=M%C3%A1s%20de%20%24250%20millones%20se%20invierten%20en%20la%20conservaci%C3%B3n%20del%20liceo%20municipal%20de%20Puerto%20Cisnes&#038;url=https:\/\/radiorevelacionfm.cl\/?p=9382' aria-hidden='false' data-av_icon='\ue8f1' data-av_iconfont='entypo-fontello' title='' data-avia-related-tooltip='Compartir en Twitter' rel=\"noopener\"><span class='avia_hidden_link_text'>Compartir en Twitter<\/span><\/a><\/li><li class='av-share-link av-social-link-whatsapp' ><a target=\"_blank\" aria-label=\"Compartir en Whatsapp\" href='https:\/\/api.whatsapp.com\/send?text=https:\/\/radiorevelacionfm.cl\/?p=9382' aria-hidden='false' data-av_icon='\uf232' data-av_iconfont='entypo-fontello' title='' data-avia-related-tooltip='Compartir en Whatsapp' rel=\"noopener\"><span class='avia_hidden_link_text'>Compartir en Whatsapp<\/span><\/a><\/li><li class='av-share-link av-social-link-linkedin' ><a target=\"_blank\" aria-label=\"Compartir en LinkedIn\" href='https:\/\/linkedin.com\/shareArticle?mini=true&#038;title=M%C3%A1s%20de%20%24250%20millones%20se%20invierten%20en%20la%20conservaci%C3%B3n%20del%20liceo%20municipal%20de%20Puerto%20Cisnes&#038;url=https:\/\/radiorevelacionfm.cl\/?p=9382' aria-hidden='false' data-av_icon='\ue8fc' data-av_iconfont='entypo-fontello' title='' data-avia-related-tooltip='Compartir en LinkedIn' rel=\"noopener\"><span class='avia_hidden_link_text'>Compartir en LinkedIn<\/span><\/a><\/li><li class='av-share-link av-social-link-mail' ><a  aria-label=\"Compartir por correo\" href='mailto:?subject=M%C3%A1s%20de%20%24250%20millones%20se%20invierten%20en%20la%20conservaci%C3%B3n%20del%20liceo%20municipal%20de%20Puerto%20Cisnes&#038;body=https:\/\/radiorevelacionfm.cl\/?p=9382' aria-hidden='false' data-av_icon='\ue805' data-av_iconfont='entypo-fontello' title='' data-avia-related-tooltip='Compartir por correo'><span class='avia_hidden_link_text'>Compartir por correo<\/span><\/a><\/li><\/ul><\/div><\/div>\n<div  style='height:50px' class='hr hr-invisible   avia-builder-el-8  el_after_av_social_share  el_before_av_comments_list '><span class='hr-inner ' ><span class='hr-inner-style'><\/span><\/span><\/div>\n<div  class='av-buildercomment  av-blog-meta-html-info-disabled av-blog-meta-tag-disabled  '><\/div>\n","protected":false},"excerpt":{"rendered":"","protected":false},"author":1,"featured_media":9384,"comment_status":"open","ping_status":"open","sticky":false,"template":"","format":"standard","meta":{"footnotes":""},"categories":[38],"tags":[],"class_list":["post-9382","post","type-post","status-publish","format-standard","has-post-thumbnail","hentry","category-regional"],"jetpack_featured_media_url":"https:\/\/radiorevelacionfm.cl\/wp-content\/uploads\/2021\/10\/liceo-cisnes-1-1_optimized.jpeg","_links":{"self":[{"href":"https:\/\/radiorevelacionfm.cl\/index.php?rest_route=\/wp\/v2\/posts\/9382","targetHints":{"allow":["GET"]}}],"collection":[{"href":"https:\/\/radiorevelacionfm.cl\/index.php?rest_route=\/wp\/v2\/posts"}],"about":[{"href":"https:\/\/radiorevelacionfm.cl\/index.php?rest_route=\/wp\/v2\/types\/post"}],"author":[{"embeddable":true,"href":"https:\/\/radiorevelacionfm.cl\/index.php?rest_route=\/wp\/v2\/users\/1"}],"replies":[{"embeddable":true,"href":"https:\/\/radiorevelacionfm.cl\/index.php?rest_route=%2Fwp%2Fv2%2Fcomments&post=9382"}],"version-history":[{"count":1,"href":"https:\/\/radiorevelacionfm.cl\/index.php?rest_route=\/wp\/v2\/posts\/9382\/revisions"}],"predecessor-version":[{"id":9385,"href":"https:\/\/radiorevelacionfm.cl\/index.php?rest_route=\/wp\/v2\/posts\/9382\/revisions\/9385"}],"wp:featuredmedia":[{"embeddable":true,"href":"https:\/\/radiorevelacionfm.cl\/index.php?rest_route=\/wp\/v2\/media\/9384"}],"wp:attachment":[{"href":"https:\/\/radiorevelacionfm.cl\/index.php?rest_route=%2Fwp%2Fv2%2Fmedia&parent=9382"}],"wp:term":[{"taxonomy":"category","embeddable":true,"href":"https:\/\/radiorevelacionfm.cl\/index.php?rest_route=%2Fwp%2Fv2%2Fcategories&post=9382"},{"taxonomy":"post_tag","embeddable":true,"href":"https:\/\/radiorevelacionfm.cl\/index.php?rest_route=%2Fwp%2Fv2%2Ftags&post=9382"}],"curies":[{"name":"wp","href":"https:\/\/api.w.org\/{rel}","templated":true}]}}