{"id":9324,"date":"2021-10-05T13:49:51","date_gmt":"2021-10-05T16:49:51","guid":{"rendered":"https:\/\/radiorevelacionfm.cl\/?p=9324"},"modified":"2021-10-05T13:49:51","modified_gmt":"2021-10-05T16:49:51","slug":"dirigentes-de-islas-huichas-valoran-reuniones-de-trabajo-desarrolladas-en-puerto-aysen","status":"publish","type":"post","link":"https:\/\/radiorevelacionfm.cl\/?p=9324","title":{"rendered":"Dirigentes de Islas Huichas valoran reuniones de trabajo desarrolladas en Puerto Ays\u00e9n"},"content":{"rendered":"<div class=\"flex_column av_one_full  flex_column_div av-zero-column-padding first  avia-builder-el-0  el_before_av_one_full  avia-builder-el-first  \" style='border-radius:0px; '><div  class='avia-image-container  av-styling-    avia-builder-el-1  avia-builder-el-no-sibling  avia-align-center '  itemprop=\"image\" itemscope=\"itemscope\" itemtype=\"https:\/\/schema.org\/ImageObject\"  ><div class='avia-image-container-inner'><div class='avia-image-overlay-wrap'><img decoding=\"async\" class='wp-image-9326 avia-img-lazy-loading-not-9326 avia_image' src=\"https:\/\/radiorevelacionfm.cl\/wp-content\/uploads\/2021\/10\/Dirigente-Islas-Huichas-1-1.jpg\" alt='' title='Dirigente Islas Huichas (1) (1)' height=\"600\" width=\"942\"  itemprop=\"thumbnailUrl\" srcset=\"https:\/\/radiorevelacionfm.cl\/wp-content\/uploads\/2021\/10\/Dirigente-Islas-Huichas-1-1.jpg 942w, https:\/\/radiorevelacionfm.cl\/wp-content\/uploads\/2021\/10\/Dirigente-Islas-Huichas-1-1-300x191.jpg 300w, https:\/\/radiorevelacionfm.cl\/wp-content\/uploads\/2021\/10\/Dirigente-Islas-Huichas-1-1-768x489.jpg 768w, https:\/\/radiorevelacionfm.cl\/wp-content\/uploads\/2021\/10\/Dirigente-Islas-Huichas-1-1-705x449.jpg 705w, https:\/\/radiorevelacionfm.cl\/wp-content\/uploads\/2021\/10\/Dirigente-Islas-Huichas-1-1-600x382.jpg 600w\" sizes=\"(max-width: 942px) 100vw, 942px\" \/><\/div><\/div><\/div><\/div><div class=\"flex_column av_one_full  flex_column_div av-zero-column-padding first  avia-builder-el-2  el_after_av_one_full  el_before_av_one_full  column-top-margin\" style='border-radius:0px; '><section class=\"av_textblock_section \"  itemscope=\"itemscope\" itemtype=\"https:\/\/schema.org\/BlogPosting\" itemprop=\"blogPost\" ><div class='avia_textblock  '   itemprop=\"text\" ><p style=\"text-align: center;\"><strong><span style=\"font-size: 18pt;\">Dirigentes de Islas Huichas valoran reuniones de trabajo desarrolladas en Puerto Ays\u00e9n<\/span><\/strong><\/p>\n<div id=\"gtx-trans\" style=\"position: absolute; left: -50px; top: 4.31534px;\">\n<div class=\"gtx-trans-icon\"><\/div>\n<\/div>\n<\/div><\/section><\/div><div class=\"flex_column av_one_full  flex_column_div av-zero-column-padding first  avia-builder-el-4  el_after_av_one_full  el_before_av_hr  column-top-margin\" style='border-radius:0px; '><section class=\"av_textblock_section \"  itemscope=\"itemscope\" itemtype=\"https:\/\/schema.org\/BlogPosting\" itemprop=\"blogPost\" ><div class='avia_textblock  '   itemprop=\"text\" ><p style=\"text-align: justify;\">Coordinaciones fueron realizadas por la Delegaci\u00f3n Presidencial Provincial tras solicitud de dirigentes.<\/p>\n<p style=\"text-align: justify;\">Una jornada muy productiva tuvieron dirigentes de Islas Huichas en Puerto Ays\u00e9n luego de varias reuniones que sostuvieran con Seremis de distintas carteras de Gobierno en la Delegaci\u00f3n Presidencial, esto tras una carta que iba dirigida al DPP Ays\u00e9n Manuel Ortiz en donde daban a conocer distintas inquietudes que les aquejan como vecinos y vecinas del litoral.<\/p>\n<p style=\"text-align: justify;\">Nilson C\u00e1rcamo Presidente de la Junta de Vecinos de Caleta Andrade qui\u00e9n estuvo dentro de esta comitiva sali\u00f3 bastante tranquilo y valoraron las reuniones sostenidas en Puerto Ays\u00e9n \u201crealmente para nosotros ha sido una reuni\u00f3n muy provechosa las cuales le venimos a plantear a todas las autoridades, a los seremis, nuestras inquietudes que tenemos all\u00e1 en Islas Huichas, nos vamos contentos porque de todos los puntos que tratamos sacamos algo bueno, el tema del combustible, el tema del transporte, internet, etc., as\u00ed que agradecido cuando las autoridades est\u00e1n dispuestas a escucharnos\u201d.<\/p>\n<p style=\"text-align: justify;\">En tanto la Delegada Presidencial Provincial subrogante Andrea Ponce comentaba \u201cdesde que asumimos como Gobierno del Presidente Sebasti\u00e1n Pi\u00f1era \u00e9l mismo nos mandat\u00f3 para que trabajemos con todas las comunidades por m\u00e1s alejadas que est\u00e9n y por esa raz\u00f3n es que a trav\u00e9s del Delegado Presidencial Provincial don Manuel Ortiz coordinamos una serie de reuniones con distintos servicios por solicitud de los dirigentes de Islas Huichas, desde muy temprano se realizaron encuentros de trabajo con SERVIU, Seremi de Energ\u00eda, Servicio de Salud, Laboratorio de Marea Roja, Seremi de Transportes y con Bienes Nacionales, quienes entregaron respuestas satisfactorias a las distintas peticiones de nuestros vecinos, adem\u00e1s de todo aquello logramos coordinar una reuni\u00f3n entre los mismos dirigentes y el Alcalde de la Municipalidad de Ays\u00e9n, una jornada muy tranquila y buscando soluciones para las familias del litoral aysenino\u00bb.<\/p>\n<\/div><\/section><\/div><div  style='height:50px' class='hr hr-invisible   avia-builder-el-6  el_after_av_one_full  el_before_av_social_share '><span class='hr-inner ' ><span class='hr-inner-style'><\/span><\/span><\/div><\/p>\n<div  class='av-social-sharing-box  avia-builder-el-7  el_after_av_hr  el_before_av_hr  '><div class='av-share-box'><h5 class='av-share-link-description av-no-toc '>Compartir esta noticia<\/h5><ul class='av-share-box-list noLightbox'><li class='av-share-link av-social-link-facebook' ><a target=\"_blank\" aria-label=\"Compartir en Facebook\" href='https:\/\/www.facebook.com\/sharer.php?u=https:\/\/radiorevelacionfm.cl\/?p=9324&#038;t=Dirigentes%20de%20Islas%20Huichas%20valoran%20reuniones%20de%20trabajo%20desarrolladas%20en%20Puerto%20Ays%C3%A9n' aria-hidden='false' data-av_icon='\ue8f3' data-av_iconfont='entypo-fontello' title='' data-avia-related-tooltip='Compartir en Facebook' rel=\"noopener\"><span class='avia_hidden_link_text'>Compartir en Facebook<\/span><\/a><\/li><li class='av-share-link av-social-link-twitter' ><a target=\"_blank\" aria-label=\"Compartir en Twitter\" href='https:\/\/twitter.com\/share?text=Dirigentes%20de%20Islas%20Huichas%20valoran%20reuniones%20de%20trabajo%20desarrolladas%20en%20Puerto%20Ays%C3%A9n&#038;url=https:\/\/radiorevelacionfm.cl\/?p=9324' aria-hidden='false' data-av_icon='\ue8f1' data-av_iconfont='entypo-fontello' title='' data-avia-related-tooltip='Compartir en Twitter' rel=\"noopener\"><span class='avia_hidden_link_text'>Compartir en Twitter<\/span><\/a><\/li><li class='av-share-link av-social-link-whatsapp' ><a target=\"_blank\" aria-label=\"Compartir en Whatsapp\" href='https:\/\/api.whatsapp.com\/send?text=https:\/\/radiorevelacionfm.cl\/?p=9324' aria-hidden='false' data-av_icon='\uf232' data-av_iconfont='entypo-fontello' title='' data-avia-related-tooltip='Compartir en Whatsapp' rel=\"noopener\"><span class='avia_hidden_link_text'>Compartir en Whatsapp<\/span><\/a><\/li><li class='av-share-link av-social-link-linkedin' ><a target=\"_blank\" aria-label=\"Compartir en LinkedIn\" href='https:\/\/linkedin.com\/shareArticle?mini=true&#038;title=Dirigentes%20de%20Islas%20Huichas%20valoran%20reuniones%20de%20trabajo%20desarrolladas%20en%20Puerto%20Ays%C3%A9n&#038;url=https:\/\/radiorevelacionfm.cl\/?p=9324' aria-hidden='false' data-av_icon='\ue8fc' data-av_iconfont='entypo-fontello' title='' data-avia-related-tooltip='Compartir en LinkedIn' rel=\"noopener\"><span class='avia_hidden_link_text'>Compartir en LinkedIn<\/span><\/a><\/li><li class='av-share-link av-social-link-mail' ><a  aria-label=\"Compartir por correo\" href='mailto:?subject=Dirigentes%20de%20Islas%20Huichas%20valoran%20reuniones%20de%20trabajo%20desarrolladas%20en%20Puerto%20Ays%C3%A9n&#038;body=https:\/\/radiorevelacionfm.cl\/?p=9324' aria-hidden='false' data-av_icon='\ue805' data-av_iconfont='entypo-fontello' title='' data-avia-related-tooltip='Compartir por correo'><span class='avia_hidden_link_text'>Compartir por correo<\/span><\/a><\/li><\/ul><\/div><\/div>\n<div  style='height:50px' class='hr hr-invisible   avia-builder-el-8  el_after_av_social_share  el_before_av_comments_list '><span class='hr-inner ' ><span class='hr-inner-style'><\/span><\/span><\/div>\n<div  class='av-buildercomment  av-blog-meta-html-info-disabled av-blog-meta-tag-disabled  '><\/div>\n","protected":false},"excerpt":{"rendered":"","protected":false},"author":1,"featured_media":9326,"comment_status":"open","ping_status":"open","sticky":false,"template":"","format":"standard","meta":{"footnotes":""},"categories":[38],"tags":[],"class_list":["post-9324","post","type-post","status-publish","format-standard","has-post-thumbnail","hentry","category-regional"],"jetpack_featured_media_url":"https:\/\/radiorevelacionfm.cl\/wp-content\/uploads\/2021\/10\/Dirigente-Islas-Huichas-1-1.jpg","_links":{"self":[{"href":"https:\/\/radiorevelacionfm.cl\/index.php?rest_route=\/wp\/v2\/posts\/9324","targetHints":{"allow":["GET"]}}],"collection":[{"href":"https:\/\/radiorevelacionfm.cl\/index.php?rest_route=\/wp\/v2\/posts"}],"about":[{"href":"https:\/\/radiorevelacionfm.cl\/index.php?rest_route=\/wp\/v2\/types\/post"}],"author":[{"embeddable":true,"href":"https:\/\/radiorevelacionfm.cl\/index.php?rest_route=\/wp\/v2\/users\/1"}],"replies":[{"embeddable":true,"href":"https:\/\/radiorevelacionfm.cl\/index.php?rest_route=%2Fwp%2Fv2%2Fcomments&post=9324"}],"version-history":[{"count":1,"href":"https:\/\/radiorevelacionfm.cl\/index.php?rest_route=\/wp\/v2\/posts\/9324\/revisions"}],"predecessor-version":[{"id":9327,"href":"https:\/\/radiorevelacionfm.cl\/index.php?rest_route=\/wp\/v2\/posts\/9324\/revisions\/9327"}],"wp:featuredmedia":[{"embeddable":true,"href":"https:\/\/radiorevelacionfm.cl\/index.php?rest_route=\/wp\/v2\/media\/9326"}],"wp:attachment":[{"href":"https:\/\/radiorevelacionfm.cl\/index.php?rest_route=%2Fwp%2Fv2%2Fmedia&parent=9324"}],"wp:term":[{"taxonomy":"category","embeddable":true,"href":"https:\/\/radiorevelacionfm.cl\/index.php?rest_route=%2Fwp%2Fv2%2Fcategories&post=9324"},{"taxonomy":"post_tag","embeddable":true,"href":"https:\/\/radiorevelacionfm.cl\/index.php?rest_route=%2Fwp%2Fv2%2Ftags&post=9324"}],"curies":[{"name":"wp","href":"https:\/\/api.w.org\/{rel}","templated":true}]}}