{"id":9320,"date":"2021-10-05T13:25:36","date_gmt":"2021-10-05T16:25:36","guid":{"rendered":"https:\/\/radiorevelacionfm.cl\/?p=9320"},"modified":"2021-10-05T13:25:36","modified_gmt":"2021-10-05T16:25:36","slug":"a-la-casa-del-padre-partio-el-querido-sacerdote-patagon-domingo-luna-a-la-edad-de-95-anos","status":"publish","type":"post","link":"https:\/\/radiorevelacionfm.cl\/?p=9320","title":{"rendered":"A la Casa del Padre parti\u00f3 el querido sacerdote patag\u00f3n Domingo Luna a la edad de 95 a\u00f1os"},"content":{"rendered":"<div class=\"flex_column av_one_full  flex_column_div av-zero-column-padding first  avia-builder-el-0  el_before_av_one_full  avia-builder-el-first  \" style='border-radius:0px; '><div  class='avia-image-container  av-styling-    avia-builder-el-1  avia-builder-el-no-sibling  avia-align-center '  itemprop=\"image\" itemscope=\"itemscope\" itemtype=\"https:\/\/schema.org\/ImageObject\"  ><div class='avia-image-container-inner'><div class='avia-image-overlay-wrap'><img decoding=\"async\" class='wp-image-9322 avia-img-lazy-loading-not-9322 avia_image' src=\"https:\/\/radiorevelacionfm.cl\/wp-content\/uploads\/2021\/10\/Sacerdote-Luna-02-2-1-1.jpg\" alt='' title='Sacerdote Luna 02 (2) (1) (1)' height=\"600\" width=\"1097\"  itemprop=\"thumbnailUrl\" srcset=\"https:\/\/radiorevelacionfm.cl\/wp-content\/uploads\/2021\/10\/Sacerdote-Luna-02-2-1-1.jpg 1097w, https:\/\/radiorevelacionfm.cl\/wp-content\/uploads\/2021\/10\/Sacerdote-Luna-02-2-1-1-300x164.jpg 300w, https:\/\/radiorevelacionfm.cl\/wp-content\/uploads\/2021\/10\/Sacerdote-Luna-02-2-1-1-1030x563.jpg 1030w, https:\/\/radiorevelacionfm.cl\/wp-content\/uploads\/2021\/10\/Sacerdote-Luna-02-2-1-1-768x420.jpg 768w, https:\/\/radiorevelacionfm.cl\/wp-content\/uploads\/2021\/10\/Sacerdote-Luna-02-2-1-1-705x386.jpg 705w, https:\/\/radiorevelacionfm.cl\/wp-content\/uploads\/2021\/10\/Sacerdote-Luna-02-2-1-1-600x328.jpg 600w\" sizes=\"(max-width: 1097px) 100vw, 1097px\" \/><\/div><\/div><\/div><\/div><div class=\"flex_column av_one_full  flex_column_div av-zero-column-padding first  avia-builder-el-2  el_after_av_one_full  el_before_av_one_full  column-top-margin\" style='border-radius:0px; '><section class=\"av_textblock_section \"  itemscope=\"itemscope\" itemtype=\"https:\/\/schema.org\/BlogPosting\" itemprop=\"blogPost\" ><div class='avia_textblock  '   itemprop=\"text\" ><p style=\"text-align: center;\"><span style=\"font-size: 18pt;\"><strong>A la Casa del Padre parti\u00f3 el querido sacerdote patag\u00f3n Domingo Luna a la edad de 95 a\u00f1os<\/strong><\/span><\/p>\n<div id=\"gtx-trans\" style=\"position: absolute; left: -50px; top: 4.31534px;\">\n<div class=\"gtx-trans-icon\"><\/div>\n<\/div>\n<\/div><\/section><\/div><div class=\"flex_column av_one_full  flex_column_div av-zero-column-padding first  avia-builder-el-4  el_after_av_one_full  el_before_av_hr  column-top-margin\" style='border-radius:0px; '><section class=\"av_textblock_section \"  itemscope=\"itemscope\" itemtype=\"https:\/\/schema.org\/BlogPosting\" itemprop=\"blogPost\" ><div class='avia_textblock  '   itemprop=\"text\" ><p style=\"font-weight: 400; text-align: justify;\">El padre Domingo Luna G\u00f3mez estaba desde hace varios a\u00f1os al cuidado de un hogar de adultos mayores de la obra don Guanella en Coyhaique. Recientemente, el padre Obispo Luis hab\u00eda conferido el sacramento de la Unci\u00f3n de los Enfermos, y compartido con la comunidad vicarial que su estado de salud era cr\u00edtico y lentamente \u201cse apagaba\u201d.<\/p>\n<p style=\"font-weight: 400; text-align: justify;\">Tras recibir la noticia de su Pascua inmediatamente se inform\u00f3 a la comunidad con un mensaje en el medio vicarial Radio Santa Mar\u00eda, dando cuenta de su deceso y primeras informaciones sobre su velatorio y funeral.<\/p>\n<p style=\"font-weight: 400; text-align: justify;\">Desde la curia del Vicariato se comunic\u00f3 que el padre Domingo Luna ser\u00eda velado en Puerto Ays\u00e9n y Coyhaique. Arribar\u00e1 a la primera localidad, este 5 de octubre, a las 10:30 horas para celebra una primera Eucarist\u00eda en su memoria en el Templo Parroquial Santa Teresita. Se program\u00f3 otra misa a las 18:00 horas en el mismo lugar que ser\u00e1 presidida por el padre Obispo Luis.<\/p>\n<p style=\"font-weight: 400; text-align: justify;\">Posteriormente, ser\u00e1 trasladado a la Catedral de Coyhaique para ser velado en la nave central del templo. La misa funeral se celebrar\u00e1 el mi\u00e9rcoles 6 de octubre a las 16:00 horas, y tras su \u00faltimo Adi\u00f3s su cuerpo ser\u00e1 depositado en la cripta de la misma catedral.<\/p>\n<p style=\"font-weight: 400; text-align: justify;\"><strong>El primer sacerdote patag\u00f3n<\/strong><\/p>\n<p style=\"font-weight: 400; text-align: justify;\">El padre Domingo Luna G\u00f3mez naci\u00f3 el 4 de agosto de 1926 en El Claro (Coyhaique). Fue hijo de Antonio Luna y Rosal\u00eda G\u00f3mez, llegados a la regi\u00f3n en 1915 desde Cauquenes, regi\u00f3n del Maule.<\/p>\n<p style=\"font-weight: 400; text-align: justify;\">El padre Domingo realiz\u00f3 sus estudios b\u00e1sicos en el colegio parroquial \u201cGeneral Baquedano\u201d de Coyhaique. Su instrucci\u00f3n media la hizo en el Seminario Conciliar de Ancud. Sus estudios superiores de filosof\u00eda y teolog\u00eda los curs\u00f3 en el Seminario Mayor de Santiago.<\/p>\n<p style=\"font-weight: 400; text-align: justify;\">Fue ordenado sacerdote el 18 de enero de 1953 en Puerto Ays\u00e9n por monse\u00f1or Teodoro Eugen\u00edn, obispo castrense. El 25 de enero celebr\u00f3 su Primera Misa solemne en Coyhaique frente a la capilla de la plaza con gran presencia de fieles y autoridades, siguiendo un fraterno almuerzo ofrecido por la familia del padre Domingo.<\/p>\n<p style=\"font-weight: 400; text-align: justify;\">Domingo Luna fue profesor de Estado (religi\u00f3n); capell\u00e1n de Carabineros; Canciller Vicarial; Vicario Parroquial en Puerto Ays\u00e9n, Puerto Chacabuco y Ma\u00f1ihuales.<\/p>\n<\/div><\/section><\/div><div  style='height:50px' class='hr hr-invisible   avia-builder-el-6  el_after_av_one_full  el_before_av_social_share '><span class='hr-inner ' ><span class='hr-inner-style'><\/span><\/span><\/div><\/p>\n<div  class='av-social-sharing-box  avia-builder-el-7  el_after_av_hr  el_before_av_hr  '><div class='av-share-box'><h5 class='av-share-link-description av-no-toc '>Compartir esta noticia<\/h5><ul class='av-share-box-list noLightbox'><li class='av-share-link av-social-link-facebook' ><a target=\"_blank\" aria-label=\"Compartir en Facebook\" href='https:\/\/www.facebook.com\/sharer.php?u=https:\/\/radiorevelacionfm.cl\/?p=9320&#038;t=A%20la%20Casa%20del%20Padre%20parti%C3%B3%20el%20querido%20sacerdote%20patag%C3%B3n%20Domingo%20Luna%20a%20la%20edad%20de%2095%20a%C3%B1os' aria-hidden='false' data-av_icon='\ue8f3' data-av_iconfont='entypo-fontello' title='' data-avia-related-tooltip='Compartir en Facebook' rel=\"noopener\"><span class='avia_hidden_link_text'>Compartir en Facebook<\/span><\/a><\/li><li class='av-share-link av-social-link-twitter' ><a target=\"_blank\" aria-label=\"Compartir en Twitter\" href='https:\/\/twitter.com\/share?text=A%20la%20Casa%20del%20Padre%20parti%C3%B3%20el%20querido%20sacerdote%20patag%C3%B3n%20Domingo%20Luna%20a%20la%20edad%20de%2095%20a%C3%B1os&#038;url=https:\/\/radiorevelacionfm.cl\/?p=9320' aria-hidden='false' data-av_icon='\ue8f1' data-av_iconfont='entypo-fontello' title='' data-avia-related-tooltip='Compartir en Twitter' rel=\"noopener\"><span class='avia_hidden_link_text'>Compartir en Twitter<\/span><\/a><\/li><li class='av-share-link av-social-link-whatsapp' ><a target=\"_blank\" aria-label=\"Compartir en Whatsapp\" href='https:\/\/api.whatsapp.com\/send?text=https:\/\/radiorevelacionfm.cl\/?p=9320' aria-hidden='false' data-av_icon='\uf232' data-av_iconfont='entypo-fontello' title='' data-avia-related-tooltip='Compartir en Whatsapp' rel=\"noopener\"><span class='avia_hidden_link_text'>Compartir en Whatsapp<\/span><\/a><\/li><li class='av-share-link av-social-link-linkedin' ><a target=\"_blank\" aria-label=\"Compartir en LinkedIn\" href='https:\/\/linkedin.com\/shareArticle?mini=true&#038;title=A%20la%20Casa%20del%20Padre%20parti%C3%B3%20el%20querido%20sacerdote%20patag%C3%B3n%20Domingo%20Luna%20a%20la%20edad%20de%2095%20a%C3%B1os&#038;url=https:\/\/radiorevelacionfm.cl\/?p=9320' aria-hidden='false' data-av_icon='\ue8fc' data-av_iconfont='entypo-fontello' title='' data-avia-related-tooltip='Compartir en LinkedIn' rel=\"noopener\"><span class='avia_hidden_link_text'>Compartir en LinkedIn<\/span><\/a><\/li><li class='av-share-link av-social-link-mail' ><a  aria-label=\"Compartir por correo\" href='mailto:?subject=A%20la%20Casa%20del%20Padre%20parti%C3%B3%20el%20querido%20sacerdote%20patag%C3%B3n%20Domingo%20Luna%20a%20la%20edad%20de%2095%20a%C3%B1os&#038;body=https:\/\/radiorevelacionfm.cl\/?p=9320' aria-hidden='false' data-av_icon='\ue805' data-av_iconfont='entypo-fontello' title='' data-avia-related-tooltip='Compartir por correo'><span class='avia_hidden_link_text'>Compartir por correo<\/span><\/a><\/li><\/ul><\/div><\/div>\n<div  style='height:50px' class='hr hr-invisible   avia-builder-el-8  el_after_av_social_share  el_before_av_comments_list '><span class='hr-inner ' ><span class='hr-inner-style'><\/span><\/span><\/div>\n<div  class='av-buildercomment  av-blog-meta-html-info-disabled av-blog-meta-tag-disabled  '><\/div>\n","protected":false},"excerpt":{"rendered":"","protected":false},"author":1,"featured_media":9322,"comment_status":"open","ping_status":"open","sticky":false,"template":"","format":"standard","meta":{"footnotes":""},"categories":[38],"tags":[],"class_list":["post-9320","post","type-post","status-publish","format-standard","has-post-thumbnail","hentry","category-regional"],"jetpack_featured_media_url":"https:\/\/radiorevelacionfm.cl\/wp-content\/uploads\/2021\/10\/Sacerdote-Luna-02-2-1-1.jpg","_links":{"self":[{"href":"https:\/\/radiorevelacionfm.cl\/index.php?rest_route=\/wp\/v2\/posts\/9320","targetHints":{"allow":["GET"]}}],"collection":[{"href":"https:\/\/radiorevelacionfm.cl\/index.php?rest_route=\/wp\/v2\/posts"}],"about":[{"href":"https:\/\/radiorevelacionfm.cl\/index.php?rest_route=\/wp\/v2\/types\/post"}],"author":[{"embeddable":true,"href":"https:\/\/radiorevelacionfm.cl\/index.php?rest_route=\/wp\/v2\/users\/1"}],"replies":[{"embeddable":true,"href":"https:\/\/radiorevelacionfm.cl\/index.php?rest_route=%2Fwp%2Fv2%2Fcomments&post=9320"}],"version-history":[{"count":1,"href":"https:\/\/radiorevelacionfm.cl\/index.php?rest_route=\/wp\/v2\/posts\/9320\/revisions"}],"predecessor-version":[{"id":9323,"href":"https:\/\/radiorevelacionfm.cl\/index.php?rest_route=\/wp\/v2\/posts\/9320\/revisions\/9323"}],"wp:featuredmedia":[{"embeddable":true,"href":"https:\/\/radiorevelacionfm.cl\/index.php?rest_route=\/wp\/v2\/media\/9322"}],"wp:attachment":[{"href":"https:\/\/radiorevelacionfm.cl\/index.php?rest_route=%2Fwp%2Fv2%2Fmedia&parent=9320"}],"wp:term":[{"taxonomy":"category","embeddable":true,"href":"https:\/\/radiorevelacionfm.cl\/index.php?rest_route=%2Fwp%2Fv2%2Fcategories&post=9320"},{"taxonomy":"post_tag","embeddable":true,"href":"https:\/\/radiorevelacionfm.cl\/index.php?rest_route=%2Fwp%2Fv2%2Ftags&post=9320"}],"curies":[{"name":"wp","href":"https:\/\/api.w.org\/{rel}","templated":true}]}}