{"id":9314,"date":"2021-10-05T11:40:50","date_gmt":"2021-10-05T14:40:50","guid":{"rendered":"https:\/\/radiorevelacionfm.cl\/?p=9314"},"modified":"2021-10-05T11:40:50","modified_gmt":"2021-10-05T14:40:50","slug":"proyecto-de-electrificacion-rural-llevara-energia-a-vecinos-as-de-laguna-esmeralda-en-cochrane","status":"publish","type":"post","link":"https:\/\/radiorevelacionfm.cl\/?p=9314","title":{"rendered":"Proyecto de electrificaci\u00f3n rural llevar\u00e1 energ\u00eda a vecinos\/as de Laguna Esmeralda en Cochrane"},"content":{"rendered":"<div class=\"flex_column av_one_full  flex_column_div av-zero-column-padding first  avia-builder-el-0  el_before_av_one_full  avia-builder-el-first  \" style='border-radius:0px; '><div  class='avia-image-container  av-styling-    avia-builder-el-1  avia-builder-el-no-sibling  avia-align-center '  itemprop=\"image\" itemscope=\"itemscope\" itemtype=\"https:\/\/schema.org\/ImageObject\"  ><div class='avia-image-container-inner'><div class='avia-image-overlay-wrap'><img decoding=\"async\" class='wp-image-9315 avia-img-lazy-loading-not-9315 avia_image' src=\"https:\/\/radiorevelacionfm.cl\/wp-content\/uploads\/2021\/10\/FOTO_2-1-1.jpeg\" alt='' title='FOTO_2 (1) (1)' height=\"600\" width=\"800\"  itemprop=\"thumbnailUrl\" srcset=\"https:\/\/radiorevelacionfm.cl\/wp-content\/uploads\/2021\/10\/FOTO_2-1-1.jpeg 800w, https:\/\/radiorevelacionfm.cl\/wp-content\/uploads\/2021\/10\/FOTO_2-1-1-300x225.jpeg 300w, https:\/\/radiorevelacionfm.cl\/wp-content\/uploads\/2021\/10\/FOTO_2-1-1-768x576.jpeg 768w, https:\/\/radiorevelacionfm.cl\/wp-content\/uploads\/2021\/10\/FOTO_2-1-1-705x529.jpeg 705w, https:\/\/radiorevelacionfm.cl\/wp-content\/uploads\/2021\/10\/FOTO_2-1-1-600x450.jpeg 600w\" sizes=\"(max-width: 800px) 100vw, 800px\" \/><\/div><\/div><\/div><\/div><div class=\"flex_column av_one_full  flex_column_div av-zero-column-padding first  avia-builder-el-2  el_after_av_one_full  el_before_av_one_full  column-top-margin\" style='border-radius:0px; '><section class=\"av_textblock_section \"  itemscope=\"itemscope\" itemtype=\"https:\/\/schema.org\/BlogPosting\" itemprop=\"blogPost\" ><div class='avia_textblock  '   itemprop=\"text\" ><p style=\"text-align: center;\"><span style=\"font-size: 18pt;\"><strong>Proyecto de electrificaci\u00f3n rural llevar\u00e1 energ\u00eda a vecinos\/as de Laguna Esmeralda en Cochrane<\/strong><\/span><\/p>\n<div id=\"gtx-trans\" style=\"position: absolute; left: -50px; top: 4.31534px;\">\n<div class=\"gtx-trans-icon\"><\/div>\n<\/div>\n<\/div><\/section><\/div><div class=\"flex_column av_one_full  flex_column_div av-zero-column-padding first  avia-builder-el-4  el_after_av_one_full  el_before_av_hr  column-top-margin\" style='border-radius:0px; '><section class=\"av_textblock_section \"  itemscope=\"itemscope\" itemtype=\"https:\/\/schema.org\/BlogPosting\" itemprop=\"blogPost\" ><div class='avia_textblock  '   itemprop=\"text\" ><p style=\"text-align: justify;\">El alcalde de la comuna de Cochrane, Jorge Calder\u00f3n, y la Gobernadora Regional Andrea Mac\u00edas Palma, estuvieron presentes en la ceremonia en que se hizo la entrega simb\u00f3lica del terreno destinado a la construcci\u00f3n del Proyecto de Electrificaci\u00f3n Rural Extensi\u00f3n sector Laguna Esmeralda.<\/p>\n<p style=\"text-align: justify;\">Esta iniciativa, financiada con recursos del Gobierno Regional, ser\u00e1 una soluci\u00f3n definitiva para 58 familias del sector que desde hace m\u00e1s de una d\u00e9cada se encuentran organizados en el Comit\u00e9 Ecol\u00f3gico Laguna Esmeralda. Su presidente, Francisco Herrera Urrutia, coment\u00f3 lo importante de este hito para la mejora en su calidad de vida. \u00abEsta es una demostraci\u00f3n de que cuando hay voluntad de la gente, de los profesionales y voluntad pol\u00edtica las cosas s\u00ed se pueden lograr. Estamos muy contentos porque han sido 11 a\u00f1os desde la conformaci\u00f3n de este Comit\u00e9. Agradecer a la Gobernadora Regional, a los consejeros y al Municipio. Tambi\u00e9n a nuestros vecinos que han tenido mucha paciencia y constancia para lograr este desaf\u00edo\u00bb.<\/p>\n<p style=\"text-align: justify;\">Por su parte, el alcalde Calder\u00f3n manifest\u00f3 que lograr la electrificaci\u00f3n es hacerse cargo de un bien esencial. \u00abHoy se hace el hito con las autoridades regionales y las familias beneficiadas de la localidad y que prontamente ver\u00e1n cambiada su vida con la llegada de la electrificaci\u00f3n. Nos da mucho gusto que despu\u00e9s de tantos a\u00f1os de espera tendremos este beneficio para tantas familias de Cochrane\u00bb, puntualiz\u00f3.<\/p>\n<p style=\"text-align: justify;\">Finalmente, la Gobernadora Andrea Mac\u00edas reafirm\u00f3 el compromiso del Gobierno Regional con este tipo de soluciones que impactan directamente en la vida de los vecinos y vecinas de la regi\u00f3n. \u00abEstamos cumpliendo nuestro objetivo de llegar a donde otros no llegan y dotar de servicios b\u00e1sicos a nuestra comunidad. Son 58 familias beneficiadas y un trabajo conjunto con la empresa el\u00e9ctrica y que en un plazo no superior a 600 d\u00edas deber\u00eda ser entregado en su totalidad\u00bb.<\/p>\n<p style=\"text-align: justify;\">El acta simb\u00f3lica de entrega de terrenos tambi\u00e9n estuvo firmada por autoridades provinciales y el relacionador de clientes de Cochrane de Edelaysen. Se espera que durante los pr\u00f3ximos meses empiecen oficialmente los trabajos.<\/p>\n<\/div><\/section><\/div><div  style='height:50px' class='hr hr-invisible   avia-builder-el-6  el_after_av_one_full  el_before_av_social_share '><span class='hr-inner ' ><span class='hr-inner-style'><\/span><\/span><\/div><\/p>\n<div  class='av-social-sharing-box  avia-builder-el-7  el_after_av_hr  el_before_av_hr  '><div class='av-share-box'><h5 class='av-share-link-description av-no-toc '>Compartir esta noticia<\/h5><ul class='av-share-box-list noLightbox'><li class='av-share-link av-social-link-facebook' ><a target=\"_blank\" aria-label=\"Compartir en Facebook\" href='https:\/\/www.facebook.com\/sharer.php?u=https:\/\/radiorevelacionfm.cl\/?p=9314&#038;t=Proyecto%20de%20electrificaci%C3%B3n%20rural%20llevar%C3%A1%20energ%C3%ADa%20a%20vecinos%2Fas%20de%20Laguna%20Esmeralda%20en%20Cochrane' aria-hidden='false' data-av_icon='\ue8f3' data-av_iconfont='entypo-fontello' title='' data-avia-related-tooltip='Compartir en Facebook' rel=\"noopener\"><span class='avia_hidden_link_text'>Compartir en Facebook<\/span><\/a><\/li><li class='av-share-link av-social-link-twitter' ><a target=\"_blank\" aria-label=\"Compartir en Twitter\" href='https:\/\/twitter.com\/share?text=Proyecto%20de%20electrificaci%C3%B3n%20rural%20llevar%C3%A1%20energ%C3%ADa%20a%20vecinos%2Fas%20de%20Laguna%20Esmeralda%20en%20Cochrane&#038;url=https:\/\/radiorevelacionfm.cl\/?p=9314' aria-hidden='false' data-av_icon='\ue8f1' data-av_iconfont='entypo-fontello' title='' data-avia-related-tooltip='Compartir en Twitter' rel=\"noopener\"><span class='avia_hidden_link_text'>Compartir en Twitter<\/span><\/a><\/li><li class='av-share-link av-social-link-whatsapp' ><a target=\"_blank\" aria-label=\"Compartir en Whatsapp\" href='https:\/\/api.whatsapp.com\/send?text=https:\/\/radiorevelacionfm.cl\/?p=9314' aria-hidden='false' data-av_icon='\uf232' data-av_iconfont='entypo-fontello' title='' data-avia-related-tooltip='Compartir en Whatsapp' rel=\"noopener\"><span class='avia_hidden_link_text'>Compartir en Whatsapp<\/span><\/a><\/li><li class='av-share-link av-social-link-linkedin' ><a target=\"_blank\" aria-label=\"Compartir en LinkedIn\" href='https:\/\/linkedin.com\/shareArticle?mini=true&#038;title=Proyecto%20de%20electrificaci%C3%B3n%20rural%20llevar%C3%A1%20energ%C3%ADa%20a%20vecinos%2Fas%20de%20Laguna%20Esmeralda%20en%20Cochrane&#038;url=https:\/\/radiorevelacionfm.cl\/?p=9314' aria-hidden='false' data-av_icon='\ue8fc' data-av_iconfont='entypo-fontello' title='' data-avia-related-tooltip='Compartir en LinkedIn' rel=\"noopener\"><span class='avia_hidden_link_text'>Compartir en LinkedIn<\/span><\/a><\/li><li class='av-share-link av-social-link-mail' ><a  aria-label=\"Compartir por correo\" href='mailto:?subject=Proyecto%20de%20electrificaci%C3%B3n%20rural%20llevar%C3%A1%20energ%C3%ADa%20a%20vecinos%2Fas%20de%20Laguna%20Esmeralda%20en%20Cochrane&#038;body=https:\/\/radiorevelacionfm.cl\/?p=9314' aria-hidden='false' data-av_icon='\ue805' data-av_iconfont='entypo-fontello' title='' data-avia-related-tooltip='Compartir por correo'><span class='avia_hidden_link_text'>Compartir por correo<\/span><\/a><\/li><\/ul><\/div><\/div>\n<div  style='height:50px' class='hr hr-invisible   avia-builder-el-8  el_after_av_social_share  el_before_av_comments_list '><span class='hr-inner ' ><span class='hr-inner-style'><\/span><\/span><\/div>\n<div  class='av-buildercomment  av-blog-meta-html-info-disabled av-blog-meta-tag-disabled  '><\/div>\n","protected":false},"excerpt":{"rendered":"","protected":false},"author":1,"featured_media":9315,"comment_status":"open","ping_status":"open","sticky":false,"template":"","format":"standard","meta":{"footnotes":""},"categories":[38],"tags":[],"class_list":["post-9314","post","type-post","status-publish","format-standard","has-post-thumbnail","hentry","category-regional"],"jetpack_featured_media_url":"https:\/\/radiorevelacionfm.cl\/wp-content\/uploads\/2021\/10\/FOTO_2-1-1.jpeg","_links":{"self":[{"href":"https:\/\/radiorevelacionfm.cl\/index.php?rest_route=\/wp\/v2\/posts\/9314","targetHints":{"allow":["GET"]}}],"collection":[{"href":"https:\/\/radiorevelacionfm.cl\/index.php?rest_route=\/wp\/v2\/posts"}],"about":[{"href":"https:\/\/radiorevelacionfm.cl\/index.php?rest_route=\/wp\/v2\/types\/post"}],"author":[{"embeddable":true,"href":"https:\/\/radiorevelacionfm.cl\/index.php?rest_route=\/wp\/v2\/users\/1"}],"replies":[{"embeddable":true,"href":"https:\/\/radiorevelacionfm.cl\/index.php?rest_route=%2Fwp%2Fv2%2Fcomments&post=9314"}],"version-history":[{"count":1,"href":"https:\/\/radiorevelacionfm.cl\/index.php?rest_route=\/wp\/v2\/posts\/9314\/revisions"}],"predecessor-version":[{"id":9316,"href":"https:\/\/radiorevelacionfm.cl\/index.php?rest_route=\/wp\/v2\/posts\/9314\/revisions\/9316"}],"wp:featuredmedia":[{"embeddable":true,"href":"https:\/\/radiorevelacionfm.cl\/index.php?rest_route=\/wp\/v2\/media\/9315"}],"wp:attachment":[{"href":"https:\/\/radiorevelacionfm.cl\/index.php?rest_route=%2Fwp%2Fv2%2Fmedia&parent=9314"}],"wp:term":[{"taxonomy":"category","embeddable":true,"href":"https:\/\/radiorevelacionfm.cl\/index.php?rest_route=%2Fwp%2Fv2%2Fcategories&post=9314"},{"taxonomy":"post_tag","embeddable":true,"href":"https:\/\/radiorevelacionfm.cl\/index.php?rest_route=%2Fwp%2Fv2%2Ftags&post=9314"}],"curies":[{"name":"wp","href":"https:\/\/api.w.org\/{rel}","templated":true}]}}