{"id":9311,"date":"2021-10-05T11:17:55","date_gmt":"2021-10-05T14:17:55","guid":{"rendered":"https:\/\/radiorevelacionfm.cl\/?p=9311"},"modified":"2021-10-05T11:17:55","modified_gmt":"2021-10-05T14:17:55","slug":"integrantes-de-comite-de-vivienda-de-villa-cerro-castillo-reclaman-por-sus-titulos-de-dominio","status":"publish","type":"post","link":"https:\/\/radiorevelacionfm.cl\/?p=9311","title":{"rendered":"Integrantes de comit\u00e9 de vivienda de Villa Cerro Castillo reclaman por sus t\u00edtulos de dominio"},"content":{"rendered":"<div class=\"flex_column av_one_full  flex_column_div av-zero-column-padding first  avia-builder-el-0  el_before_av_one_full  avia-builder-el-first  \" style='border-radius:0px; '><div  class='avia-image-container  av-styling-    avia-builder-el-1  avia-builder-el-no-sibling  avia-align-center '  itemprop=\"image\" itemscope=\"itemscope\" itemtype=\"https:\/\/schema.org\/ImageObject\"  ><div class='avia-image-container-inner'><div class='avia-image-overlay-wrap'><img decoding=\"async\" class='wp-image-9312 avia-img-lazy-loading-not-9312 avia_image' src=\"https:\/\/radiorevelacionfm.cl\/wp-content\/uploads\/2021\/10\/foto-marcia-alvarez-1-1.jpeg\" alt='' title='foto marcia \u00e1lvarez (1) (1)' height=\"600\" width=\"1333\"  itemprop=\"thumbnailUrl\" srcset=\"https:\/\/radiorevelacionfm.cl\/wp-content\/uploads\/2021\/10\/foto-marcia-alvarez-1-1.jpeg 1333w, https:\/\/radiorevelacionfm.cl\/wp-content\/uploads\/2021\/10\/foto-marcia-alvarez-1-1-300x135.jpeg 300w, https:\/\/radiorevelacionfm.cl\/wp-content\/uploads\/2021\/10\/foto-marcia-alvarez-1-1-1030x464.jpeg 1030w, https:\/\/radiorevelacionfm.cl\/wp-content\/uploads\/2021\/10\/foto-marcia-alvarez-1-1-768x346.jpeg 768w, https:\/\/radiorevelacionfm.cl\/wp-content\/uploads\/2021\/10\/foto-marcia-alvarez-1-1-705x317.jpeg 705w, https:\/\/radiorevelacionfm.cl\/wp-content\/uploads\/2021\/10\/foto-marcia-alvarez-1-1-600x270.jpeg 600w\" sizes=\"(max-width: 1333px) 100vw, 1333px\" \/><\/div><\/div><\/div><\/div><div class=\"flex_column av_one_full  flex_column_div av-zero-column-padding first  avia-builder-el-2  el_after_av_one_full  el_before_av_one_full  column-top-margin\" style='border-radius:0px; '><section class=\"av_textblock_section \"  itemscope=\"itemscope\" itemtype=\"https:\/\/schema.org\/BlogPosting\" itemprop=\"blogPost\" ><div class='avia_textblock  '   itemprop=\"text\" ><p style=\"text-align: center;\"><strong><span style=\"font-size: 18pt;\">Integrantes de comit\u00e9 de vivienda de Villa Cerro Castillo reclaman por sus t\u00edtulos de dominio<\/span><\/strong><\/p>\n<div id=\"gtx-trans\" style=\"position: absolute; left: -50px; top: 4.31534px;\">\n<div class=\"gtx-trans-icon\"><\/div>\n<\/div>\n<\/div><\/section><\/div><div class=\"flex_column av_one_full  flex_column_div av-zero-column-padding first  avia-builder-el-4  el_after_av_one_full  el_before_av_hr  column-top-margin\" style='border-radius:0px; '><section class=\"av_textblock_section \"  itemscope=\"itemscope\" itemtype=\"https:\/\/schema.org\/BlogPosting\" itemprop=\"blogPost\" ><div class='avia_textblock  '   itemprop=\"text\" ><p style=\"text-align: justify;\">Las veinte familias que componen el comit\u00e9 de vivienda Villa Nueva de la localidad de Cerro Castillo, realizaron un llamado p\u00fablico al seremi de Vivienda, Diego Silva, de quien se\u00f1alan no contesta sus llamados para poder resolver cu\u00e1ndo se les entregar\u00e1 sus t\u00edtulos de dominio.<\/p>\n<p style=\"text-align: justify;\">La presidenta del comit\u00e9 y tambi\u00e9n concejal de la comuna de R\u00edo Ib\u00e1\u00f1ez, Marcia \u00c1lvarez Valencia, sostuvo que el comit\u00e9 ha pasado por muchas situaciones, desde el esperar 15 a\u00f1os para concretar la construcci\u00f3n de sus viviendas, las que ya vienen ocupando hace 4 a\u00f1os. Recordemos que, al no contar con sus t\u00edtulos los vecinos no pueden postular a ning\u00fan beneficio del Estado para la ampliaci\u00f3n de sus viviendas, por ejemplo.<\/p>\n<p style=\"text-align: justify;\">En esa misma l\u00ednea, las familias sostienen que hace un a\u00f1o desde la Seremi les vienen prometiendo la resoluci\u00f3n de este importante tr\u00e1mite del anhelado sue\u00f1o de la casa propia, villa en la que adem\u00e1s informaron, reci\u00e9n se est\u00e1 finalizando la construcci\u00f3n de las otras \u00e1reas que quedaron a la deriva.<\/p>\n<\/div><\/section><\/div><div  style='height:50px' class='hr hr-invisible   avia-builder-el-6  el_after_av_one_full  el_before_av_social_share '><span class='hr-inner ' ><span class='hr-inner-style'><\/span><\/span><\/div><\/p>\n<div  class='av-social-sharing-box  avia-builder-el-7  el_after_av_hr  el_before_av_hr  '><div class='av-share-box'><h5 class='av-share-link-description av-no-toc '>Compartir esta noticia<\/h5><ul class='av-share-box-list noLightbox'><li class='av-share-link av-social-link-facebook' ><a target=\"_blank\" aria-label=\"Compartir en Facebook\" href='https:\/\/www.facebook.com\/sharer.php?u=https:\/\/radiorevelacionfm.cl\/?p=9311&#038;t=Integrantes%20de%20comit%C3%A9%20de%20vivienda%20de%20Villa%20Cerro%20Castillo%20reclaman%20por%20sus%20t%C3%ADtulos%20de%20dominio' aria-hidden='false' data-av_icon='\ue8f3' data-av_iconfont='entypo-fontello' title='' data-avia-related-tooltip='Compartir en Facebook' rel=\"noopener\"><span class='avia_hidden_link_text'>Compartir en Facebook<\/span><\/a><\/li><li class='av-share-link av-social-link-twitter' ><a target=\"_blank\" aria-label=\"Compartir en Twitter\" href='https:\/\/twitter.com\/share?text=Integrantes%20de%20comit%C3%A9%20de%20vivienda%20de%20Villa%20Cerro%20Castillo%20reclaman%20por%20sus%20t%C3%ADtulos%20de%20dominio&#038;url=https:\/\/radiorevelacionfm.cl\/?p=9311' aria-hidden='false' data-av_icon='\ue8f1' data-av_iconfont='entypo-fontello' title='' data-avia-related-tooltip='Compartir en Twitter' rel=\"noopener\"><span class='avia_hidden_link_text'>Compartir en Twitter<\/span><\/a><\/li><li class='av-share-link av-social-link-whatsapp' ><a target=\"_blank\" aria-label=\"Compartir en Whatsapp\" href='https:\/\/api.whatsapp.com\/send?text=https:\/\/radiorevelacionfm.cl\/?p=9311' aria-hidden='false' data-av_icon='\uf232' data-av_iconfont='entypo-fontello' title='' data-avia-related-tooltip='Compartir en Whatsapp' rel=\"noopener\"><span class='avia_hidden_link_text'>Compartir en Whatsapp<\/span><\/a><\/li><li class='av-share-link av-social-link-linkedin' ><a target=\"_blank\" aria-label=\"Compartir en LinkedIn\" href='https:\/\/linkedin.com\/shareArticle?mini=true&#038;title=Integrantes%20de%20comit%C3%A9%20de%20vivienda%20de%20Villa%20Cerro%20Castillo%20reclaman%20por%20sus%20t%C3%ADtulos%20de%20dominio&#038;url=https:\/\/radiorevelacionfm.cl\/?p=9311' aria-hidden='false' data-av_icon='\ue8fc' data-av_iconfont='entypo-fontello' title='' data-avia-related-tooltip='Compartir en LinkedIn' rel=\"noopener\"><span class='avia_hidden_link_text'>Compartir en LinkedIn<\/span><\/a><\/li><li class='av-share-link av-social-link-mail' ><a  aria-label=\"Compartir por correo\" href='mailto:?subject=Integrantes%20de%20comit%C3%A9%20de%20vivienda%20de%20Villa%20Cerro%20Castillo%20reclaman%20por%20sus%20t%C3%ADtulos%20de%20dominio&#038;body=https:\/\/radiorevelacionfm.cl\/?p=9311' aria-hidden='false' data-av_icon='\ue805' data-av_iconfont='entypo-fontello' title='' data-avia-related-tooltip='Compartir por correo'><span class='avia_hidden_link_text'>Compartir por correo<\/span><\/a><\/li><\/ul><\/div><\/div>\n<div  style='height:50px' class='hr hr-invisible   avia-builder-el-8  el_after_av_social_share  el_before_av_comments_list '><span class='hr-inner ' ><span class='hr-inner-style'><\/span><\/span><\/div>\n<div  class='av-buildercomment  av-blog-meta-html-info-disabled av-blog-meta-tag-disabled  '><\/div>\n","protected":false},"excerpt":{"rendered":"","protected":false},"author":1,"featured_media":9312,"comment_status":"open","ping_status":"open","sticky":false,"template":"","format":"standard","meta":{"footnotes":""},"categories":[57],"tags":[],"class_list":["post-9311","post","type-post","status-publish","format-standard","has-post-thumbnail","hentry","category-vivienda"],"jetpack_featured_media_url":"https:\/\/radiorevelacionfm.cl\/wp-content\/uploads\/2021\/10\/foto-marcia-alvarez-1-1.jpeg","_links":{"self":[{"href":"https:\/\/radiorevelacionfm.cl\/index.php?rest_route=\/wp\/v2\/posts\/9311","targetHints":{"allow":["GET"]}}],"collection":[{"href":"https:\/\/radiorevelacionfm.cl\/index.php?rest_route=\/wp\/v2\/posts"}],"about":[{"href":"https:\/\/radiorevelacionfm.cl\/index.php?rest_route=\/wp\/v2\/types\/post"}],"author":[{"embeddable":true,"href":"https:\/\/radiorevelacionfm.cl\/index.php?rest_route=\/wp\/v2\/users\/1"}],"replies":[{"embeddable":true,"href":"https:\/\/radiorevelacionfm.cl\/index.php?rest_route=%2Fwp%2Fv2%2Fcomments&post=9311"}],"version-history":[{"count":1,"href":"https:\/\/radiorevelacionfm.cl\/index.php?rest_route=\/wp\/v2\/posts\/9311\/revisions"}],"predecessor-version":[{"id":9313,"href":"https:\/\/radiorevelacionfm.cl\/index.php?rest_route=\/wp\/v2\/posts\/9311\/revisions\/9313"}],"wp:featuredmedia":[{"embeddable":true,"href":"https:\/\/radiorevelacionfm.cl\/index.php?rest_route=\/wp\/v2\/media\/9312"}],"wp:attachment":[{"href":"https:\/\/radiorevelacionfm.cl\/index.php?rest_route=%2Fwp%2Fv2%2Fmedia&parent=9311"}],"wp:term":[{"taxonomy":"category","embeddable":true,"href":"https:\/\/radiorevelacionfm.cl\/index.php?rest_route=%2Fwp%2Fv2%2Fcategories&post=9311"},{"taxonomy":"post_tag","embeddable":true,"href":"https:\/\/radiorevelacionfm.cl\/index.php?rest_route=%2Fwp%2Fv2%2Ftags&post=9311"}],"curies":[{"name":"wp","href":"https:\/\/api.w.org\/{rel}","templated":true}]}}