{"id":9303,"date":"2021-10-04T20:14:27","date_gmt":"2021-10-04T23:14:27","guid":{"rendered":"https:\/\/radiorevelacionfm.cl\/?p=9303"},"modified":"2021-10-04T20:15:14","modified_gmt":"2021-10-04T23:15:14","slug":"autoridades-conmemoran-dia-del-medio-ambiente-sobrepasando-meta-de-250-toneladas-recicladas-en-campana-ayseneligevidrio","status":"publish","type":"post","link":"https:\/\/radiorevelacionfm.cl\/?p=9303","title":{"rendered":"Conmemoran d\u00eda del Medio Ambiente sobrepasando meta de 250 toneladas recicladas en campa\u00f1a #Ays\u00e9nEligeVidrio"},"content":{"rendered":"<div class=\"flex_column av_one_full  flex_column_div av-zero-column-padding first  avia-builder-el-0  el_before_av_one_full  avia-builder-el-first  \" style='border-radius:0px; '><div  class='avia-image-container  av-styling-    avia-builder-el-1  avia-builder-el-no-sibling  avia-align-center '  itemprop=\"image\" itemscope=\"itemscope\" itemtype=\"https:\/\/schema.org\/ImageObject\"  ><div class='avia-image-container-inner'><div class='avia-image-overlay-wrap'><img decoding=\"async\" class='wp-image-9305 avia-img-lazy-loading-not-9305 avia_image' src=\"https:\/\/radiorevelacionfm.cl\/wp-content\/uploads\/2021\/10\/actividad-dia-del-medio-ambiente_optimized.jpg\" alt='' title='actividad-dia-del-medio-ambiente_optimized' height=\"600\" width=\"800\"  itemprop=\"thumbnailUrl\" srcset=\"https:\/\/radiorevelacionfm.cl\/wp-content\/uploads\/2021\/10\/actividad-dia-del-medio-ambiente_optimized.jpg 800w, https:\/\/radiorevelacionfm.cl\/wp-content\/uploads\/2021\/10\/actividad-dia-del-medio-ambiente_optimized-300x225.jpg 300w, https:\/\/radiorevelacionfm.cl\/wp-content\/uploads\/2021\/10\/actividad-dia-del-medio-ambiente_optimized-768x576.jpg 768w, https:\/\/radiorevelacionfm.cl\/wp-content\/uploads\/2021\/10\/actividad-dia-del-medio-ambiente_optimized-705x529.jpg 705w, https:\/\/radiorevelacionfm.cl\/wp-content\/uploads\/2021\/10\/actividad-dia-del-medio-ambiente_optimized-600x450.jpg 600w\" sizes=\"(max-width: 800px) 100vw, 800px\" \/><\/div><\/div><\/div><\/div>\n<div class=\"flex_column av_one_full  flex_column_div av-zero-column-padding first  avia-builder-el-2  el_after_av_one_full  el_before_av_one_full  column-top-margin\" style='border-radius:0px; '><section class=\"av_textblock_section \"  itemscope=\"itemscope\" itemtype=\"https:\/\/schema.org\/BlogPosting\" itemprop=\"blogPost\" ><div class='avia_textblock  '   itemprop=\"text\" ><p style=\"text-align: center;\"><strong><span style=\"font-size: 18pt;\">Conmemoran d\u00eda del Medio Ambiente sobrepasando meta de 250 toneladas recicladas en campa\u00f1a #Ays\u00e9nEligeVidrio<\/span><\/strong><\/p>\n<div id=\"gtx-trans\" style=\"position: absolute; left: -50px; top: 4.31534px;\">\n<div class=\"gtx-trans-icon\"><\/div>\n<\/div>\n<\/div><\/section><\/div><div class=\"flex_column av_one_full  flex_column_div av-zero-column-padding first  avia-builder-el-4  el_after_av_one_full  el_before_av_hr  column-top-margin\" style='border-radius:0px; '><section class=\"av_textblock_section \"  itemscope=\"itemscope\" itemtype=\"https:\/\/schema.org\/BlogPosting\" itemprop=\"blogPost\" ><div class='avia_textblock  '   itemprop=\"text\" ><p style=\"text-align: justify;\">Cada 2 de octubre se conmemora en Chile el D\u00eda Nacional del Medio Ambiente, fecha que da inicio a la celebraci\u00f3n del mes del medio ambiente, donde tanto la SEREMI de la cartera, academia, servicios p\u00fablicos y organizaciones sociales invitan a la comunidad a reflexionar respecto de la acciones necesarias para avanzar hacia una Patagonia m\u00e1s sustentable.<\/p>\n<p style=\"text-align: justify;\">Para la conmemoraci\u00f3n de este a\u00f1o, la SEREMI del Medio Ambiente, junto la Municipalidad de Coyhaique y Fecunda Patagonia anunciaron a la comunidad los resultados de la campa\u00f1a #Ays\u00e9nEligeVidrio en su primer a\u00f1o de funcionamiento\u00a0\u201cQueremos felicitar a todas las familias que han estado reciclando vidrio desde Tortel, Villa O`Higgins, Cochrane, Rio Iba\u00f1ez, Ays\u00e9n,\u00a0 Guaitecas y hoy, se incorpora oficialmente la Municipalidad de Coyhaique; as\u00ed que agradecemos a los municipios que realizan esta gesti\u00f3n que hace posible que hoy superemos con creces la meta 250 toneladas, as\u00ed que a seguir apostando por un Chile Circular Sin Basura\u201d, declar\u00f3 la SEREMI del Medio Ambiente, M\u00f3nica Sald\u00edas.<\/p>\n<p style=\"text-align: justify;\">Ays\u00e9n Elige Vidrio intenta ser una es la red de reciclaje de vidrio para la regi\u00f3n de Ays\u00e9n, donde se han unido actores p\u00fablicos y privados para lograr implementar una red sostenible, permanente y segura de reciclaje de vidrio.<\/p>\n<div class=\"code-block code-block-4\">\n<p style=\"text-align: justify;\">Tiene como objetivo brindar a la comunidad regional la oportunidad de poder separar sus residuos de vidrio para su efectivo reciclaje y as\u00ed, contribuir al cuidado del medio ambiente en nuestra regi\u00f3n, impulsar la econom\u00eda circular y modificar los h\u00e1bitos de la responsabilidad ciudadana en la generaci\u00f3n de residuos. Esta campa\u00f1a ha permitido instalar la primera red de reciclaje en la regi\u00f3n, sorteando la dificultad de conectividad existente para impulsar las iniciativas de esta \u00edndole.<\/p>\n<p style=\"text-align: justify;\">Seg\u00fan informaron las autoridades, durante el primer a\u00f1o se recolectaron 290 toneladas de vidrio para reciclar en cristaler\u00edas Chile y con 24 puntos ya activos en la regi\u00f3n de Ays\u00e9n, el nuevo ciclo incorporar\u00eda 2 nuevas campanas para la capital regional y una campana itinerante que recorrer\u00e1 la ciudad y que desde este viernes se encuentra activa en el exterior del Centro Cultural de Coyhaique.<\/p>\n<p style=\"text-align: justify;\">\u201cHoy partimos adem\u00e1s nuestro mes de aniversario y queremos hacerlo dando la cara al medio ambiente para crear esta capital regional de clase mundial y esto lo vamos a lograr siempre y cuando todos los vecinos y la ciudadan\u00eda puedan enfocarse en descontaminarla y generar una ciudad m\u00e1s amigable\u201d, asegur\u00f3 el Alcalde de la comuna de Coyhaique, Carlos Gatica.<\/p>\n<p style=\"text-align: justify;\">La iniciativa, en directa conexi\u00f3n con el Plan Regional de Gesti\u00f3n de Residuos S\u00f3lidos Municipales 2015-2030, que fue elaborado por el Gobierno Regional, ayudar\u00e1 a cumplir los objetivo propuestos de aumento de la valorizaci\u00f3n de residuos a trav\u00e9s del reciclaje.<\/p>\n<p style=\"text-align: justify;\">Por su parte Fecunda Patagonia reconoci\u00f3 el logro del primer a\u00f1o apuntando a nueva meta\u00a0\u201cFelices de poder contar con el apoyo de los municipios, esto es muy importante porque en la regi\u00f3n de Ays\u00e9n generamos m\u00e1s de 2.500 toneladas de vidrio y la gran meta que tenemos es que en los pr\u00f3ximos tres a\u00f1os logremos alcanzar el 50% de reciclaje de ese vidrio\u201d, concluy\u00f3 el representante de fecunda Patagonia, Feisal Ahuile.<\/p>\n<\/div>\n<\/div><\/section><\/div><\/p>\n<div  style='height:50px' class='hr hr-invisible   avia-builder-el-6  el_after_av_one_full  el_before_av_social_share '><span class='hr-inner ' ><span class='hr-inner-style'><\/span><\/span><\/div>\n<div  class='av-social-sharing-box  avia-builder-el-7  el_after_av_hr  el_before_av_hr  '><div class='av-share-box'><h5 class='av-share-link-description av-no-toc '>Compartir esta noticia<\/h5><ul class='av-share-box-list noLightbox'><li class='av-share-link av-social-link-facebook' ><a target=\"_blank\" aria-label=\"Compartir en Facebook\" href='https:\/\/www.facebook.com\/sharer.php?u=https:\/\/radiorevelacionfm.cl\/?p=9303&#038;t=Conmemoran%20d%C3%ADa%20del%20Medio%20Ambiente%20sobrepasando%20meta%20de%20250%20toneladas%20recicladas%20en%20campa%C3%B1a%20%23Ays%C3%A9nEligeVidrio' aria-hidden='false' data-av_icon='\ue8f3' data-av_iconfont='entypo-fontello' title='' data-avia-related-tooltip='Compartir en Facebook' rel=\"noopener\"><span class='avia_hidden_link_text'>Compartir en Facebook<\/span><\/a><\/li><li class='av-share-link av-social-link-twitter' ><a target=\"_blank\" aria-label=\"Compartir en Twitter\" href='https:\/\/twitter.com\/share?text=Conmemoran%20d%C3%ADa%20del%20Medio%20Ambiente%20sobrepasando%20meta%20de%20250%20toneladas%20recicladas%20en%20campa%C3%B1a%20%23Ays%C3%A9nEligeVidrio&#038;url=https:\/\/radiorevelacionfm.cl\/?p=9303' aria-hidden='false' data-av_icon='\ue8f1' data-av_iconfont='entypo-fontello' title='' data-avia-related-tooltip='Compartir en Twitter' rel=\"noopener\"><span class='avia_hidden_link_text'>Compartir en Twitter<\/span><\/a><\/li><li class='av-share-link av-social-link-whatsapp' ><a target=\"_blank\" aria-label=\"Compartir en Whatsapp\" href='https:\/\/api.whatsapp.com\/send?text=https:\/\/radiorevelacionfm.cl\/?p=9303' aria-hidden='false' data-av_icon='\uf232' data-av_iconfont='entypo-fontello' title='' data-avia-related-tooltip='Compartir en Whatsapp' rel=\"noopener\"><span class='avia_hidden_link_text'>Compartir en Whatsapp<\/span><\/a><\/li><li class='av-share-link av-social-link-linkedin' ><a target=\"_blank\" aria-label=\"Compartir en LinkedIn\" href='https:\/\/linkedin.com\/shareArticle?mini=true&#038;title=Conmemoran%20d%C3%ADa%20del%20Medio%20Ambiente%20sobrepasando%20meta%20de%20250%20toneladas%20recicladas%20en%20campa%C3%B1a%20%23Ays%C3%A9nEligeVidrio&#038;url=https:\/\/radiorevelacionfm.cl\/?p=9303' aria-hidden='false' data-av_icon='\ue8fc' data-av_iconfont='entypo-fontello' title='' data-avia-related-tooltip='Compartir en LinkedIn' rel=\"noopener\"><span class='avia_hidden_link_text'>Compartir en LinkedIn<\/span><\/a><\/li><li class='av-share-link av-social-link-mail' ><a  aria-label=\"Compartir por correo\" href='mailto:?subject=Conmemoran%20d%C3%ADa%20del%20Medio%20Ambiente%20sobrepasando%20meta%20de%20250%20toneladas%20recicladas%20en%20campa%C3%B1a%20%23Ays%C3%A9nEligeVidrio&#038;body=https:\/\/radiorevelacionfm.cl\/?p=9303' aria-hidden='false' data-av_icon='\ue805' data-av_iconfont='entypo-fontello' title='' data-avia-related-tooltip='Compartir por correo'><span class='avia_hidden_link_text'>Compartir por correo<\/span><\/a><\/li><\/ul><\/div><\/div>\n<div  style='height:50px' class='hr hr-invisible   avia-builder-el-8  el_after_av_social_share  el_before_av_comments_list '><span class='hr-inner ' ><span class='hr-inner-style'><\/span><\/span><\/div>\n<div  class='av-buildercomment  av-blog-meta-html-info-disabled av-blog-meta-tag-disabled  '><\/div>\n","protected":false},"excerpt":{"rendered":"","protected":false},"author":1,"featured_media":9305,"comment_status":"open","ping_status":"open","sticky":false,"template":"","format":"standard","meta":{"footnotes":""},"categories":[39],"tags":[],"class_list":["post-9303","post","type-post","status-publish","format-standard","has-post-thumbnail","hentry","category-medio-ambiente"],"jetpack_featured_media_url":"https:\/\/radiorevelacionfm.cl\/wp-content\/uploads\/2021\/10\/actividad-dia-del-medio-ambiente_optimized.jpg","_links":{"self":[{"href":"https:\/\/radiorevelacionfm.cl\/index.php?rest_route=\/wp\/v2\/posts\/9303","targetHints":{"allow":["GET"]}}],"collection":[{"href":"https:\/\/radiorevelacionfm.cl\/index.php?rest_route=\/wp\/v2\/posts"}],"about":[{"href":"https:\/\/radiorevelacionfm.cl\/index.php?rest_route=\/wp\/v2\/types\/post"}],"author":[{"embeddable":true,"href":"https:\/\/radiorevelacionfm.cl\/index.php?rest_route=\/wp\/v2\/users\/1"}],"replies":[{"embeddable":true,"href":"https:\/\/radiorevelacionfm.cl\/index.php?rest_route=%2Fwp%2Fv2%2Fcomments&post=9303"}],"version-history":[{"count":2,"href":"https:\/\/radiorevelacionfm.cl\/index.php?rest_route=\/wp\/v2\/posts\/9303\/revisions"}],"predecessor-version":[{"id":9307,"href":"https:\/\/radiorevelacionfm.cl\/index.php?rest_route=\/wp\/v2\/posts\/9303\/revisions\/9307"}],"wp:featuredmedia":[{"embeddable":true,"href":"https:\/\/radiorevelacionfm.cl\/index.php?rest_route=\/wp\/v2\/media\/9305"}],"wp:attachment":[{"href":"https:\/\/radiorevelacionfm.cl\/index.php?rest_route=%2Fwp%2Fv2%2Fmedia&parent=9303"}],"wp:term":[{"taxonomy":"category","embeddable":true,"href":"https:\/\/radiorevelacionfm.cl\/index.php?rest_route=%2Fwp%2Fv2%2Fcategories&post=9303"},{"taxonomy":"post_tag","embeddable":true,"href":"https:\/\/radiorevelacionfm.cl\/index.php?rest_route=%2Fwp%2Fv2%2Ftags&post=9303"}],"curies":[{"name":"wp","href":"https:\/\/api.w.org\/{rel}","templated":true}]}}