{"id":9298,"date":"2021-10-04T20:23:26","date_gmt":"2021-10-04T23:23:26","guid":{"rendered":"https:\/\/radiorevelacionfm.cl\/?p=9298"},"modified":"2021-10-04T20:23:38","modified_gmt":"2021-10-04T23:23:38","slug":"economia-se-expande-191-en-agosto-y-se-espera-recuperar-los-niveles-previos-a-la-pandemia","status":"publish","type":"post","link":"https:\/\/radiorevelacionfm.cl\/?p=9298","title":{"rendered":"Econom\u00eda se expande 19,1% en agosto y se espera recuperar los niveles previos a la pandemia"},"content":{"rendered":"<div class=\"flex_column av_one_full  flex_column_div av-zero-column-padding first  avia-builder-el-0  el_before_av_one_full  avia-builder-el-first  \" style='border-radius:0px; '><div  class='avia-image-container  av-styling-    avia-builder-el-1  avia-builder-el-no-sibling  avia-align-center '  itemprop=\"image\" itemscope=\"itemscope\" itemtype=\"https:\/\/schema.org\/ImageObject\"  ><div class='avia-image-container-inner'><div class='avia-image-overlay-wrap'><img decoding=\"async\" class='wp-image-9299 avia-img-lazy-loading-not-9299 avia_image' src=\"https:\/\/radiorevelacionfm.cl\/wp-content\/uploads\/2021\/10\/FOTO-resultados-imacec-1-1.jpeg\" alt='' title='FOTO resultados imacec (1) (1)' height=\"600\" width=\"900\"  itemprop=\"thumbnailUrl\" srcset=\"https:\/\/radiorevelacionfm.cl\/wp-content\/uploads\/2021\/10\/FOTO-resultados-imacec-1-1.jpeg 900w, https:\/\/radiorevelacionfm.cl\/wp-content\/uploads\/2021\/10\/FOTO-resultados-imacec-1-1-300x200.jpeg 300w, https:\/\/radiorevelacionfm.cl\/wp-content\/uploads\/2021\/10\/FOTO-resultados-imacec-1-1-768x512.jpeg 768w, https:\/\/radiorevelacionfm.cl\/wp-content\/uploads\/2021\/10\/FOTO-resultados-imacec-1-1-705x470.jpeg 705w, https:\/\/radiorevelacionfm.cl\/wp-content\/uploads\/2021\/10\/FOTO-resultados-imacec-1-1-600x400.jpeg 600w\" sizes=\"(max-width: 900px) 100vw, 900px\" \/><\/div><\/div><\/div><\/div><div class=\"flex_column av_one_full  flex_column_div av-zero-column-padding first  avia-builder-el-2  el_after_av_one_full  el_before_av_one_full  column-top-margin\" style='border-radius:0px; '><section class=\"av_textblock_section \"  itemscope=\"itemscope\" itemtype=\"https:\/\/schema.org\/BlogPosting\" itemprop=\"blogPost\" ><div class='avia_textblock  '   itemprop=\"text\" ><p style=\"text-align: center;\"><strong><span style=\"font-size: 18pt;\">Econom\u00eda se expande 19,1% en agosto y se espera recuperar los niveles previos a la pandemia <\/span><\/strong><\/p>\n<div id=\"gtx-trans\" style=\"position: absolute; left: -50px; top: 4.31534px;\">\n<div class=\"gtx-trans-icon\"><\/div>\n<\/div>\n<\/div><\/section><\/div><div class=\"flex_column av_one_full  flex_column_div av-zero-column-padding first  avia-builder-el-4  el_after_av_one_full  el_before_av_hr  column-top-margin\" style='border-radius:0px; '><section class=\"av_textblock_section \"  itemscope=\"itemscope\" itemtype=\"https:\/\/schema.org\/BlogPosting\" itemprop=\"blogPost\" ><div class='avia_textblock  '   itemprop=\"text\" ><p style=\"font-weight: 400; text-align: justify;\">El Banco Central inform\u00f3 que el \u00cdndice Mensual de Actividad Econ\u00f3mica (Imacec) de agosto de 2021 creci\u00f3 19,1% en comparaci\u00f3n con igual mes del a\u00f1o anterior, cifra que destac\u00f3 la Delegada Presidencial de Ays\u00e9n, Margarita Ossa Rojas, expresando que los resultados apuntan a \u201cconsolidar una reactivaci\u00f3n amplia y contundente\u201d, lo que se traduce a recuperar los niveles de actividad previos a la pandemia.<\/p>\n<p style=\"font-weight: 400; text-align: justify;\">\u201cHemos estado recuperando de a poco los empleos perdidos desde el inicio de la pandemia, lo que se ha logrado a trav\u00e9s de un esfuerzo de la ciudadan\u00eda para una temprana y exitosa vacunaci\u00f3n masiva que nos ha permitido reducir las restricciones, ampliar las libertades y las pol\u00edticas p\u00fablicas que ha impulsado el Gobierno del Presidente Sebasti\u00e1n Pi\u00f1era, en la l\u00f3gica de consolidar una reactivaci\u00f3n amplia y contundente, donde la econom\u00eda regional se ha ido reactivando de manera segura y sostenida a diferencia del 2020\u201d,\u00a0asever\u00f3 la Delegada Presidencial de Ays\u00e9n, Margarita Ossa.<\/p>\n<p style=\"font-weight: 400; text-align: justify;\">El Seremi de Econom\u00eda, Carlos Pacheco, explic\u00f3 que tambi\u00e9n ha habido una reactivaci\u00f3n relevante en el rubro tur\u00edstico.\u00a0\u201cHemos estado muy gratos porque ya tenemos cifras del mes de septiembre, donde tuvimos m\u00e1s de un 70% de ocupaci\u00f3n de las camas de alojamiento y hoteler\u00eda a nivel regional. Lugares como Puerto R\u00edo Tranquilo y Puyuhuapi, han sido muy visitados por pasajeros y turistas nacionales, quienes desde todo Chile han estado llegando para poder aprovechar y tener la experiencia de poder visitar nuestra Patagonia\u201d.<\/p>\n<p style=\"font-weight: 400; text-align: justify;\"><strong>Resultados<\/strong><\/p>\n<p style=\"font-weight: 400; text-align: justify;\">De acuerdo a los datos entregados por la entidad financiera, la producci\u00f3n de bienes creci\u00f3 10,9% por crecimiento de un 19,6% en la agrupaci\u00f3n del resto de bienes, asociado al desempe\u00f1o de la construcci\u00f3n y por la industria manufacturera que aument\u00f3 un 14,8%. La miner\u00eda cay\u00f3 en un 1,7% y, en cuanto a la actividad comercial creci\u00f3 un 25,5% -impulsado por las ventas mayoristas y minoristas de vestuarios, calzado y equipamiento dom\u00e9stico.<\/p>\n<p style=\"font-weight: 400; text-align: justify;\">El asesor de Hacienda de la Delegaci\u00f3n Presidencial, Fernando Guzm\u00e1n, detall\u00f3 que\u00a0\u201cpromediamos un 11,2% de crecimiento este a\u00f1o, donde se estima tambi\u00e9n para noviembre aumentar a dos d\u00edgitos, lo que nos proyecta crecer sobre el 10%; y eso es muy positivo para la reactivaci\u00f3n econ\u00f3mica del pa\u00eds y, por supuesto, para Ays\u00e9n\u201d.<\/p>\n<p style=\"font-weight: 400; text-align: justify;\">Finalmente, el sector de servicios present\u00f3 un incremento de 22,4% explicado por el desempe\u00f1o de servicios personales, especialmente los asociados al sector salud y educaci\u00f3n, y en menor medida, por servicios empresariales. El aumento de la actividad econ\u00f3mica visto durante los \u00faltimos meses se ha logrado traducir en la creaci\u00f3n de puestos de trabajo, los que han logrado recuperar un 78% desde el peor momento de la crisis sanitaria (julio 2020).<\/p>\n<\/div><\/section><\/div><div  style='height:50px' class='hr hr-invisible   avia-builder-el-6  el_after_av_one_full  el_before_av_social_share '><span class='hr-inner ' ><span class='hr-inner-style'><\/span><\/span><\/div><\/p>\n<div  class='av-social-sharing-box  avia-builder-el-7  el_after_av_hr  el_before_av_hr  '><div class='av-share-box'><h5 class='av-share-link-description av-no-toc '>Compartir esta noticia<\/h5><ul class='av-share-box-list noLightbox'><li class='av-share-link av-social-link-facebook' ><a target=\"_blank\" aria-label=\"Compartir en Facebook\" href='https:\/\/www.facebook.com\/sharer.php?u=https:\/\/radiorevelacionfm.cl\/?p=9298&#038;t=Econom%C3%ADa%20se%20expande%2019%2C1%25%20en%20agosto%20y%20se%20espera%20recuperar%20los%20niveles%20previos%20a%20la%20pandemia' aria-hidden='false' data-av_icon='\ue8f3' data-av_iconfont='entypo-fontello' title='' data-avia-related-tooltip='Compartir en Facebook' rel=\"noopener\"><span class='avia_hidden_link_text'>Compartir en Facebook<\/span><\/a><\/li><li class='av-share-link av-social-link-twitter' ><a target=\"_blank\" aria-label=\"Compartir en Twitter\" href='https:\/\/twitter.com\/share?text=Econom%C3%ADa%20se%20expande%2019%2C1%25%20en%20agosto%20y%20se%20espera%20recuperar%20los%20niveles%20previos%20a%20la%20pandemia&#038;url=https:\/\/radiorevelacionfm.cl\/?p=9298' aria-hidden='false' data-av_icon='\ue8f1' data-av_iconfont='entypo-fontello' title='' data-avia-related-tooltip='Compartir en Twitter' rel=\"noopener\"><span class='avia_hidden_link_text'>Compartir en Twitter<\/span><\/a><\/li><li class='av-share-link av-social-link-whatsapp' ><a target=\"_blank\" aria-label=\"Compartir en Whatsapp\" href='https:\/\/api.whatsapp.com\/send?text=https:\/\/radiorevelacionfm.cl\/?p=9298' aria-hidden='false' data-av_icon='\uf232' data-av_iconfont='entypo-fontello' title='' data-avia-related-tooltip='Compartir en Whatsapp' rel=\"noopener\"><span class='avia_hidden_link_text'>Compartir en Whatsapp<\/span><\/a><\/li><li class='av-share-link av-social-link-linkedin' ><a target=\"_blank\" aria-label=\"Compartir en LinkedIn\" href='https:\/\/linkedin.com\/shareArticle?mini=true&#038;title=Econom%C3%ADa%20se%20expande%2019%2C1%25%20en%20agosto%20y%20se%20espera%20recuperar%20los%20niveles%20previos%20a%20la%20pandemia&#038;url=https:\/\/radiorevelacionfm.cl\/?p=9298' aria-hidden='false' data-av_icon='\ue8fc' data-av_iconfont='entypo-fontello' title='' data-avia-related-tooltip='Compartir en LinkedIn' rel=\"noopener\"><span class='avia_hidden_link_text'>Compartir en LinkedIn<\/span><\/a><\/li><li class='av-share-link av-social-link-mail' ><a  aria-label=\"Compartir por correo\" href='mailto:?subject=Econom%C3%ADa%20se%20expande%2019%2C1%25%20en%20agosto%20y%20se%20espera%20recuperar%20los%20niveles%20previos%20a%20la%20pandemia&#038;body=https:\/\/radiorevelacionfm.cl\/?p=9298' aria-hidden='false' data-av_icon='\ue805' data-av_iconfont='entypo-fontello' title='' data-avia-related-tooltip='Compartir por correo'><span class='avia_hidden_link_text'>Compartir por correo<\/span><\/a><\/li><\/ul><\/div><\/div>\n<div  style='height:50px' class='hr hr-invisible   avia-builder-el-8  el_after_av_social_share  el_before_av_comments_list '><span class='hr-inner ' ><span class='hr-inner-style'><\/span><\/span><\/div>\n<div  class='av-buildercomment  av-blog-meta-html-info-disabled av-blog-meta-tag-disabled  '><\/div>\n","protected":false},"excerpt":{"rendered":"","protected":false},"author":1,"featured_media":9299,"comment_status":"open","ping_status":"open","sticky":false,"template":"","format":"standard","meta":{"footnotes":""},"categories":[37],"tags":[],"class_list":["post-9298","post","type-post","status-publish","format-standard","has-post-thumbnail","hentry","category-economia"],"jetpack_featured_media_url":"https:\/\/radiorevelacionfm.cl\/wp-content\/uploads\/2021\/10\/FOTO-resultados-imacec-1-1.jpeg","_links":{"self":[{"href":"https:\/\/radiorevelacionfm.cl\/index.php?rest_route=\/wp\/v2\/posts\/9298","targetHints":{"allow":["GET"]}}],"collection":[{"href":"https:\/\/radiorevelacionfm.cl\/index.php?rest_route=\/wp\/v2\/posts"}],"about":[{"href":"https:\/\/radiorevelacionfm.cl\/index.php?rest_route=\/wp\/v2\/types\/post"}],"author":[{"embeddable":true,"href":"https:\/\/radiorevelacionfm.cl\/index.php?rest_route=\/wp\/v2\/users\/1"}],"replies":[{"embeddable":true,"href":"https:\/\/radiorevelacionfm.cl\/index.php?rest_route=%2Fwp%2Fv2%2Fcomments&post=9298"}],"version-history":[{"count":1,"href":"https:\/\/radiorevelacionfm.cl\/index.php?rest_route=\/wp\/v2\/posts\/9298\/revisions"}],"predecessor-version":[{"id":9300,"href":"https:\/\/radiorevelacionfm.cl\/index.php?rest_route=\/wp\/v2\/posts\/9298\/revisions\/9300"}],"wp:featuredmedia":[{"embeddable":true,"href":"https:\/\/radiorevelacionfm.cl\/index.php?rest_route=\/wp\/v2\/media\/9299"}],"wp:attachment":[{"href":"https:\/\/radiorevelacionfm.cl\/index.php?rest_route=%2Fwp%2Fv2%2Fmedia&parent=9298"}],"wp:term":[{"taxonomy":"category","embeddable":true,"href":"https:\/\/radiorevelacionfm.cl\/index.php?rest_route=%2Fwp%2Fv2%2Fcategories&post=9298"},{"taxonomy":"post_tag","embeddable":true,"href":"https:\/\/radiorevelacionfm.cl\/index.php?rest_route=%2Fwp%2Fv2%2Ftags&post=9298"}],"curies":[{"name":"wp","href":"https:\/\/api.w.org\/{rel}","templated":true}]}}