{"id":9293,"date":"2021-10-05T10:22:00","date_gmt":"2021-10-05T13:22:00","guid":{"rendered":"https:\/\/radiorevelacionfm.cl\/?p=9293"},"modified":"2021-10-05T10:22:00","modified_gmt":"2021-10-05T13:22:00","slug":"organizan-evento-para-fortalecer-oferta-turistica-de-la-ruta-de-los-parques-de-la-patagonia","status":"publish","type":"post","link":"https:\/\/radiorevelacionfm.cl\/?p=9293","title":{"rendered":"Organizan evento para fortalecer oferta tur\u00edstica de la Ruta de los Parques de la Patagonia"},"content":{"rendered":"<div class=\"flex_column av_one_full  flex_column_div av-zero-column-padding first  avia-builder-el-0  el_before_av_one_full  avia-builder-el-first  \" style='border-radius:0px; '><div  class='avia-image-container  av-styling-    avia-builder-el-1  avia-builder-el-no-sibling  avia-align-center '  itemprop=\"image\" itemscope=\"itemscope\" itemtype=\"https:\/\/schema.org\/ImageObject\"  ><div class='avia-image-container-inner'><div class='avia-image-overlay-wrap'><img decoding=\"async\" class='wp-image-9294 avia-img-lazy-loading-not-9294 avia_image' src=\"https:\/\/radiorevelacionfm.cl\/wp-content\/uploads\/2021\/10\/PUMALIN-ANTONIO-VIZCAINO-1-1.jpg\" alt='' title='PUMALIN ANTONIO VIZCAINO (1) (1)' height=\"600\" width=\"800\"  itemprop=\"thumbnailUrl\" srcset=\"https:\/\/radiorevelacionfm.cl\/wp-content\/uploads\/2021\/10\/PUMALIN-ANTONIO-VIZCAINO-1-1.jpg 800w, https:\/\/radiorevelacionfm.cl\/wp-content\/uploads\/2021\/10\/PUMALIN-ANTONIO-VIZCAINO-1-1-300x225.jpg 300w, https:\/\/radiorevelacionfm.cl\/wp-content\/uploads\/2021\/10\/PUMALIN-ANTONIO-VIZCAINO-1-1-768x576.jpg 768w, https:\/\/radiorevelacionfm.cl\/wp-content\/uploads\/2021\/10\/PUMALIN-ANTONIO-VIZCAINO-1-1-705x529.jpg 705w, https:\/\/radiorevelacionfm.cl\/wp-content\/uploads\/2021\/10\/PUMALIN-ANTONIO-VIZCAINO-1-1-600x450.jpg 600w\" sizes=\"(max-width: 800px) 100vw, 800px\" \/><\/div><\/div><\/div><\/div><div class=\"flex_column av_one_full  flex_column_div av-zero-column-padding first  avia-builder-el-2  el_after_av_one_full  el_before_av_one_full  column-top-margin\" style='border-radius:0px; '><section class=\"av_textblock_section \"  itemscope=\"itemscope\" itemtype=\"https:\/\/schema.org\/BlogPosting\" itemprop=\"blogPost\" ><div class='avia_textblock  '   itemprop=\"text\" ><p style=\"text-align: center;\"><strong><span style=\"font-size: 18pt;\">Organizan evento para fortalecer oferta tur\u00edstica de la Ruta de los Parques de la Patagonia<\/span><\/strong><\/p>\n<div id=\"gtx-trans\" style=\"position: absolute; left: -50px; top: 4.31534px;\">\n<div class=\"gtx-trans-icon\"><\/div>\n<\/div>\n<\/div><\/section><\/div><div class=\"flex_column av_one_full  flex_column_div av-zero-column-padding first  avia-builder-el-4  el_after_av_one_full  el_before_av_hr  column-top-margin\" style='border-radius:0px; '><section class=\"av_textblock_section \"  itemscope=\"itemscope\" itemtype=\"https:\/\/schema.org\/BlogPosting\" itemprop=\"blogPost\" ><div class='avia_textblock  '   itemprop=\"text\" ><div>\n<p dir=\"ltr\" style=\"text-align: justify;\">Con el fin de potenciar la oferta tur\u00edstica local y poder generar v\u00ednculos comerciales con agencias de viajes y tour operadores nacionales, el comit\u00e9 Ruta de los Parques se ha aliado con la Asociaci\u00f3n de Turismo Aventura (ATTA) para realizar el evento virtual \u201cRuta de los Parques de la Patagonia: Preparando el destino desde una mirada local\u201d. El primer evento se desarroll\u00f3 en septiembre y su foco estuvo puesto en posicionar a la Ruta de los Parques en el mercado internacional. En esta oportunidad, se busca convocar a la industria tur\u00edstica nacional el d\u00eda jueves 14 de octubre con diferentes actividades.<\/p>\n<p dir=\"ltr\" style=\"text-align: justify;\">Adem\u00e1s de las charlas y capacitaciones, se desarrollar\u00e1 una rueda de negocios para facilitar el contacto de los oferentes tur\u00edsticos de la Ruta de los Parques de la Patagonia con los agentes de viajes nacionales, y as\u00ed potenciar los v\u00ednculos comerciales con la industria en miras de la reactivaci\u00f3n del turismo interno post covid.<\/p>\n<p dir=\"ltr\" style=\"text-align: justify;\">\u201cEsta tercera etapa de trabajo, en conjunto entre las tres regiones que componen la Patagonia chilena, viene a fortalecer el crecimiento de la oferta porque busca relacionar a los principales operadores asociados a Ruta de los Parques con futuros proveedores. Esto permitir\u00e1 incorporarlos a las cadenas de comercializaci\u00f3n, lo que nos tiene muy satisfechos porque esta acci\u00f3n va en fortalecimiento de la oferta local y del destino Ays\u00e9n Patagonia como parte de la Ruta\u201d, explic\u00f3 Patricio Bast\u00edas Mora, Director Regional de Sernatur Ays\u00e9n.<\/p>\n<p dir=\"ltr\" style=\"text-align: justify;\">Por su parte, Carolina Morgado, directora ejecutiva de Rewilding Chile, antes Tompkins Conservation, a\u00f1adi\u00f3: \u201cEsta actividad es el reflejo del trabajo colaborativo que hemos desarrollado a trav\u00e9s del Comit\u00e9, y que busca seguir posicionando a la Ruta de los Parques como un referente en desarrollo econ\u00f3mico local a trav\u00e9s de un turismo responsable como consecuencia de la conservaci\u00f3n\u201d.<\/p>\n<p dir=\"ltr\" style=\"text-align: justify;\">\u201cComo programa nos sentimos orgullosos de poder ser parte de esta iniciativa virtual. Nuestra hoja de ruta se enfoca precisamente en el desarrollo sustentable del turismo de naturaleza y aventura en la maravillosa Regi\u00f3n de Ays\u00e9n, por lo cual desde hace un tiempo trabajamos muy de la mano y coordinados con la gran labor que desarrolla la Ruta de los Parques de la Patagonia\u201d,\u00a0 se\u00f1al\u00f3 Rolf Traeger, Gerente PER Turismo Ays\u00e9n.<\/p>\n<\/div>\n<div style=\"text-align: justify;\">\n<p dir=\"ltr\">Participar\u00e1n Rodrigo Carrasco, Director Regional de Corfo Los Lagos; Jorge Moller, Director de Programa para GSTC Latinoam\u00e9rica; Carolina Morgado, Directora Ejecutiva de Fundaci\u00f3n Rewilding Chile, antes Tompkins Conservation; Gabriela Stowell, Directora Regional de ATTA para Am\u00e9rica Latina y el Caribe; Andr\u00e9s D\u00edaz, Manager Regional ATTA Latinoam\u00e9rica; y Joaqu\u00edn Gonzalo Cueto y Alejandra Freund, fundadores de Let\u00b4s Go Experience. Tambi\u00e9n, se contar\u00e1 con la presencia de la orquesta de adolescentes de la Escuela de M\u00fasica de Coyhaique.<\/p>\n<p dir=\"ltr\">El evento, que cuenta con el apoyo de los respectivos Gobiernos Regionales, abordar\u00e1 los desaf\u00edos del turismo en pandemia y tendr\u00e1 como principales objetivos, generar una instancia de trabajo colaborativo y favorecer la asociatividad. Las inscripciones ser\u00e1n gratuitas a trav\u00e9s de la web <a href=\"https:\/\/atta.rutadelosparques.org\/\" target=\"_blank\" rel=\"noopener\" data-saferedirecturl=\"https:\/\/www.google.com\/url?q=https:\/\/atta.rutadelosparques.org\/&amp;source=gmail&amp;ust=1633463638095000&amp;usg=AFQjCNH7pGPVhMZyCOVKkAr-EAlSwVosng\">https:\/\/atta.rutadelosparques.<wbr \/>org\/<\/a>, en donde tambi\u00e9n se podr\u00e1 encontrar informaci\u00f3n detallada del programa.<\/p>\n<p dir=\"ltr\">Evento Nacional: \u00abRuta de los Parques de la Patagonia: Preparando el destino desde una mirada local\u00bb<\/p>\n<ul>\n<li dir=\"ltr\">\n<p dir=\"ltr\" role=\"presentation\">Cu\u00e1ndo: Jueves 14 de octubre de 09:00 a 17:35 hrs<\/p>\n<\/li>\n<li dir=\"ltr\">Inscripciones gratuitas: <a href=\"https:\/\/atta.rutadelosparques.org\/\" target=\"_blank\" rel=\"noopener\" data-saferedirecturl=\"https:\/\/www.google.com\/url?q=https:\/\/atta.rutadelosparques.org\/&amp;source=gmail&amp;ust=1633463638096000&amp;usg=AFQjCNE7g4OVIWUfEfGWzuvXd9BDJY31bw\">https:\/\/atta.rutadelosparques.<wbr \/>org\/<\/a><\/li>\n<\/ul>\n<\/div>\n<div style=\"text-align: justify;\"><\/div>\n<\/div><\/section><\/div><div  style='height:50px' class='hr hr-invisible   avia-builder-el-6  el_after_av_one_full  el_before_av_social_share '><span class='hr-inner ' ><span class='hr-inner-style'><\/span><\/span><\/div><\/p>\n<div  class='av-social-sharing-box  avia-builder-el-7  el_after_av_hr  el_before_av_hr  '><div class='av-share-box'><h5 class='av-share-link-description av-no-toc '>Compartir esta noticia<\/h5><ul class='av-share-box-list noLightbox'><li class='av-share-link av-social-link-facebook' ><a target=\"_blank\" aria-label=\"Compartir en Facebook\" href='https:\/\/www.facebook.com\/sharer.php?u=https:\/\/radiorevelacionfm.cl\/?p=9293&#038;t=Organizan%20evento%20para%20fortalecer%20oferta%20tur%C3%ADstica%20de%20la%20Ruta%20de%20los%20Parques%20de%20la%20Patagonia' aria-hidden='false' data-av_icon='\ue8f3' data-av_iconfont='entypo-fontello' title='' data-avia-related-tooltip='Compartir en Facebook' rel=\"noopener\"><span class='avia_hidden_link_text'>Compartir en Facebook<\/span><\/a><\/li><li class='av-share-link av-social-link-twitter' ><a target=\"_blank\" aria-label=\"Compartir en Twitter\" href='https:\/\/twitter.com\/share?text=Organizan%20evento%20para%20fortalecer%20oferta%20tur%C3%ADstica%20de%20la%20Ruta%20de%20los%20Parques%20de%20la%20Patagonia&#038;url=https:\/\/radiorevelacionfm.cl\/?p=9293' aria-hidden='false' data-av_icon='\ue8f1' data-av_iconfont='entypo-fontello' title='' data-avia-related-tooltip='Compartir en Twitter' rel=\"noopener\"><span class='avia_hidden_link_text'>Compartir en Twitter<\/span><\/a><\/li><li class='av-share-link av-social-link-whatsapp' ><a target=\"_blank\" aria-label=\"Compartir en Whatsapp\" href='https:\/\/api.whatsapp.com\/send?text=https:\/\/radiorevelacionfm.cl\/?p=9293' aria-hidden='false' data-av_icon='\uf232' data-av_iconfont='entypo-fontello' title='' data-avia-related-tooltip='Compartir en Whatsapp' rel=\"noopener\"><span class='avia_hidden_link_text'>Compartir en Whatsapp<\/span><\/a><\/li><li class='av-share-link av-social-link-linkedin' ><a target=\"_blank\" aria-label=\"Compartir en LinkedIn\" href='https:\/\/linkedin.com\/shareArticle?mini=true&#038;title=Organizan%20evento%20para%20fortalecer%20oferta%20tur%C3%ADstica%20de%20la%20Ruta%20de%20los%20Parques%20de%20la%20Patagonia&#038;url=https:\/\/radiorevelacionfm.cl\/?p=9293' aria-hidden='false' data-av_icon='\ue8fc' data-av_iconfont='entypo-fontello' title='' data-avia-related-tooltip='Compartir en LinkedIn' rel=\"noopener\"><span class='avia_hidden_link_text'>Compartir en LinkedIn<\/span><\/a><\/li><li class='av-share-link av-social-link-mail' ><a  aria-label=\"Compartir por correo\" href='mailto:?subject=Organizan%20evento%20para%20fortalecer%20oferta%20tur%C3%ADstica%20de%20la%20Ruta%20de%20los%20Parques%20de%20la%20Patagonia&#038;body=https:\/\/radiorevelacionfm.cl\/?p=9293' aria-hidden='false' data-av_icon='\ue805' data-av_iconfont='entypo-fontello' title='' data-avia-related-tooltip='Compartir por correo'><span class='avia_hidden_link_text'>Compartir por correo<\/span><\/a><\/li><\/ul><\/div><\/div>\n<div  style='height:50px' class='hr hr-invisible   avia-builder-el-8  el_after_av_social_share  el_before_av_comments_list '><span class='hr-inner ' ><span class='hr-inner-style'><\/span><\/span><\/div>\n<div  class='av-buildercomment  av-blog-meta-html-info-disabled av-blog-meta-tag-disabled  '><\/div>\n","protected":false},"excerpt":{"rendered":"","protected":false},"author":1,"featured_media":9294,"comment_status":"open","ping_status":"open","sticky":false,"template":"","format":"standard","meta":{"footnotes":""},"categories":[54],"tags":[],"class_list":["post-9293","post","type-post","status-publish","format-standard","has-post-thumbnail","hentry","category-turismo"],"jetpack_featured_media_url":"https:\/\/radiorevelacionfm.cl\/wp-content\/uploads\/2021\/10\/PUMALIN-ANTONIO-VIZCAINO-1-1.jpg","_links":{"self":[{"href":"https:\/\/radiorevelacionfm.cl\/index.php?rest_route=\/wp\/v2\/posts\/9293","targetHints":{"allow":["GET"]}}],"collection":[{"href":"https:\/\/radiorevelacionfm.cl\/index.php?rest_route=\/wp\/v2\/posts"}],"about":[{"href":"https:\/\/radiorevelacionfm.cl\/index.php?rest_route=\/wp\/v2\/types\/post"}],"author":[{"embeddable":true,"href":"https:\/\/radiorevelacionfm.cl\/index.php?rest_route=\/wp\/v2\/users\/1"}],"replies":[{"embeddable":true,"href":"https:\/\/radiorevelacionfm.cl\/index.php?rest_route=%2Fwp%2Fv2%2Fcomments&post=9293"}],"version-history":[{"count":1,"href":"https:\/\/radiorevelacionfm.cl\/index.php?rest_route=\/wp\/v2\/posts\/9293\/revisions"}],"predecessor-version":[{"id":9295,"href":"https:\/\/radiorevelacionfm.cl\/index.php?rest_route=\/wp\/v2\/posts\/9293\/revisions\/9295"}],"wp:featuredmedia":[{"embeddable":true,"href":"https:\/\/radiorevelacionfm.cl\/index.php?rest_route=\/wp\/v2\/media\/9294"}],"wp:attachment":[{"href":"https:\/\/radiorevelacionfm.cl\/index.php?rest_route=%2Fwp%2Fv2%2Fmedia&parent=9293"}],"wp:term":[{"taxonomy":"category","embeddable":true,"href":"https:\/\/radiorevelacionfm.cl\/index.php?rest_route=%2Fwp%2Fv2%2Fcategories&post=9293"},{"taxonomy":"post_tag","embeddable":true,"href":"https:\/\/radiorevelacionfm.cl\/index.php?rest_route=%2Fwp%2Fv2%2Ftags&post=9293"}],"curies":[{"name":"wp","href":"https:\/\/api.w.org\/{rel}","templated":true}]}}