{"id":9290,"date":"2021-10-04T16:23:45","date_gmt":"2021-10-04T19:23:45","guid":{"rendered":"https:\/\/radiorevelacionfm.cl\/?p=9290"},"modified":"2021-10-04T16:23:45","modified_gmt":"2021-10-04T19:23:45","slug":"un-legado-para-las-futuras-generaciones-proyecto-busca-convertir-las-torres-del-avellano-como-bien-nacional-protegido","status":"publish","type":"post","link":"https:\/\/radiorevelacionfm.cl\/?p=9290","title":{"rendered":"Un legado para las futuras generaciones: Proyecto busca convertir las Torres del Avellano como Bien Nacional Protegido"},"content":{"rendered":"<div class=\"flex_column av_one_full  flex_column_div av-zero-column-padding first  avia-builder-el-0  el_before_av_one_full  avia-builder-el-first  \" style='border-radius:0px; '><div  class='avia-image-container  av-styling-    avia-builder-el-1  avia-builder-el-no-sibling  avia-align-center '  itemprop=\"image\" itemscope=\"itemscope\" itemtype=\"https:\/\/schema.org\/ImageObject\"  ><div class='avia-image-container-inner'><div class='avia-image-overlay-wrap'><img decoding=\"async\" class='wp-image-9291 avia-img-lazy-loading-not-9291 avia_image' src=\"https:\/\/radiorevelacionfm.cl\/wp-content\/uploads\/2021\/10\/foto1-el-avellano-1_optimized.jpg\" alt='' title='foto1-el-avellano-(1)_optimized' height=\"600\" width=\"1067\"  itemprop=\"thumbnailUrl\" srcset=\"https:\/\/radiorevelacionfm.cl\/wp-content\/uploads\/2021\/10\/foto1-el-avellano-1_optimized.jpg 1067w, https:\/\/radiorevelacionfm.cl\/wp-content\/uploads\/2021\/10\/foto1-el-avellano-1_optimized-300x169.jpg 300w, https:\/\/radiorevelacionfm.cl\/wp-content\/uploads\/2021\/10\/foto1-el-avellano-1_optimized-1030x579.jpg 1030w, https:\/\/radiorevelacionfm.cl\/wp-content\/uploads\/2021\/10\/foto1-el-avellano-1_optimized-768x432.jpg 768w, https:\/\/radiorevelacionfm.cl\/wp-content\/uploads\/2021\/10\/foto1-el-avellano-1_optimized-705x396.jpg 705w, https:\/\/radiorevelacionfm.cl\/wp-content\/uploads\/2021\/10\/foto1-el-avellano-1_optimized-600x337.jpg 600w\" sizes=\"(max-width: 1067px) 100vw, 1067px\" \/><\/div><\/div><\/div><\/div><div class=\"flex_column av_one_full  flex_column_div av-zero-column-padding first  avia-builder-el-2  el_after_av_one_full  el_before_av_one_full  column-top-margin\" style='border-radius:0px; '><section class=\"av_textblock_section \"  itemscope=\"itemscope\" itemtype=\"https:\/\/schema.org\/BlogPosting\" itemprop=\"blogPost\" ><div class='avia_textblock  '   itemprop=\"text\" ><p style=\"text-align: center;\"><strong><span style=\"font-size: 18pt;\">Un legado para las futuras generaciones: Proyecto busca convertir las Torres del Avellano como Bien Nacional Protegido<\/span><\/strong><\/p>\n<div id=\"gtx-trans\" style=\"position: absolute; left: -50px; top: 4.31534px;\">\n<div class=\"gtx-trans-icon\"><\/div>\n<\/div>\n<\/div><\/section><\/div><div class=\"flex_column av_one_full  flex_column_div av-zero-column-padding first  avia-builder-el-4  el_after_av_one_full  el_before_av_hr  column-top-margin\" style='border-radius:0px; '><section class=\"av_textblock_section \"  itemscope=\"itemscope\" itemtype=\"https:\/\/schema.org\/BlogPosting\" itemprop=\"blogPost\" ><div class='avia_textblock  '   itemprop=\"text\" ><p style=\"text-align: justify;\">El pasado lunes 27 de septiembre -en el marco del D\u00eda Mundial de Turismo- la Municipalidad de R\u00edo Ib\u00e1\u00f1ez comunic\u00f3 oficialmente al p\u00fablico la solicitud de protecci\u00f3n y futura administraci\u00f3n del Bien Fiscal Cordillera del Avellano, en la Regi\u00f3n de Ays\u00e9n, la que se trata de una experiencia que busca convertir a este lugar en un Bien Nacional Protegido que promueva la conservaci\u00f3n y turismo de alta monta\u00f1a en la zona, de la mano de las comunidades.<\/p>\n<p style=\"text-align: justify;\">El proceso inici\u00f3 a fines del 2019 y cont\u00f3 con el apoyo t\u00e9cnico de socios estrat\u00e9gicos, como The Pew Charitable Trusts, ONG Aumen y el Programa Austral Patagonia de la Universidad Austral de Chile.<\/p>\n<p style=\"text-align: justify;\">El alcalde de la comuna de R\u00edo Ib\u00e1\u00f1ez, Marcelo Santana Vargas, destac\u00f3 la importancia de esta acci\u00f3n para fomentar el turismo, actividad preponderante en la zona. \u201cLo que proponemos como municipio es generar una gobernanza que incluya a las comunidades cercanas, por ejemplo, Lago Alto, Lago Lapparent, la zona sur de Puerto Avellano, Puerto Cristal, Puerto S\u00e1nchez. Son sectores que utilizan la Cordillera del Avellano -tanto en predios fiscales, como privados- para el desarrollo de sus respectivas actividades econ\u00f3micas\u201d, indic\u00f3 el jefe comunal.<\/p>\n<p style=\"text-align: justify;\">De esta forma, m\u00e1s de 100 mil hect\u00e1reas en la comuna pasar\u00e1n a estar bajo la categor\u00eda de Bien Nacional Protegido (BNP), incorporando un modelo de conservaci\u00f3n basado en la gesti\u00f3n local. Las oportunidades de conservaci\u00f3n apuntar\u00e1n a incluir el componente cultural tradicional de las comunidades aleda\u00f1as a este sector en la Cordillera del Avellano.<\/p>\n<p style=\"text-align: justify;\">La administraci\u00f3n de los Bienes Nacionales\u00a0Protegidos se puede realizar a\u00a0trav\u00e9s de concesiones de uso gratuito y\u00a0concesiones de uso oneroso a terceros\u00a0ya sea para investigaci\u00f3n cient\u00edfica, resguardo\u00a0ambiental o turismo sustentable. En la regi\u00f3n, ya existen 12 BNP con administraci\u00f3n en manos de organizaciones y comunidades.<\/p>\n<p style=\"text-align: justify;\">Sobre esto, la seremi de Bienes Nacionales de la Regi\u00f3n de Ays\u00e9n, Ana Mar\u00eda Mora Araneda, expres\u00f3 la relevancia de trabajar en conjunto con la comunidad por la conservaci\u00f3n de las tradiciones de las familias patagonas.<\/p>\n<p style=\"text-align: justify;\">\u201cEs importante dar tranquilidad a nuestros vecinos del sector -quienes han vivido por d\u00e9cadas en este lugar, desde la llegada de sus antepasados- que tenemos la a\u00f1oranza de mantener las actividades tradicionales que desarrollan, como por ejemplo la ganader\u00eda. Como Bienes Nacionales tenemos ese compromiso con la gente, de hacer este proyecto en coordinaci\u00f3n con toda la comunidad\u201d, indic\u00f3 la autoridad.<\/p>\n<p style=\"text-align: justify;\"><strong>Un lugar ideal para el turismo de alta monta\u00f1a<\/strong><\/p>\n<p style=\"text-align: justify;\">La Cordillera del Avellano es parte de un cord\u00f3n con torres de granito, un tipo de formaci\u00f3n especialmente atractiva para quienes practican escalada.<\/p>\n<p style=\"text-align: justify;\">Por esta raz\u00f3n, el lugar busca ofrecer actividades deportivas y tur\u00edsticas, siempre bajo el enfoque de promocionar eventos que sean econ\u00f3micamente sustentables. Esto ha llevado a que se planifiquen circuitos de trekking con al menos dos noches de pernoctaci\u00f3n, puntos de escalada y caminatas en diferentes niveles de dificultad hacia rutas hist\u00f3ricas.<\/p>\n<p style=\"text-align: justify;\">\u201cEsperamos al visitante que busca nuevas experiencias al aire libre, permitiendo pernoctar y compartir con la gente que habita esta zona, conocer a la comunidad, sus formas de vida y cultura\u201d, expres\u00f3 el alcalde de R\u00edo Ib\u00e1\u00f1ez, Marcelo Santana Vargas, en l\u00ednea con el objetivo de conservaci\u00f3n del patrimonio cultural de la Patagonia chilena.<\/p>\n<p style=\"text-align: justify;\">Adem\u00e1s de las posibilidades tur\u00edsticas y deportivas, la investigaci\u00f3n es un factor fundamental para conservar la biodiversidad del sector El Avellano. Bajo esta l\u00ednea, el Programa Austral Patagonia, la ONG AUMEN y The Pew Charitable Trusts, gestionan esta experiencia a trav\u00e9s de estudios que permitan una mejor evaluaci\u00f3n de las caracter\u00edsticas de sus ecosistemas y especies.<\/p>\n<p style=\"text-align: justify;\">Para conocer m\u00e1s de esta iniciativa, te invitamos a revisar el documental sobre la cordillera del avellano y el evento de lanzamiento en las redes sociales de la Municipalidad de R\u00edo Ib\u00e1\u00f1ez.<\/p>\n<\/div><\/section><\/div><div  style='height:50px' class='hr hr-invisible   avia-builder-el-6  el_after_av_one_full  el_before_av_social_share '><span class='hr-inner ' ><span class='hr-inner-style'><\/span><\/span><\/div><\/p>\n<div  class='av-social-sharing-box  avia-builder-el-7  el_after_av_hr  el_before_av_hr  '><div class='av-share-box'><h5 class='av-share-link-description av-no-toc '>Compartir esta noticia<\/h5><ul class='av-share-box-list noLightbox'><li class='av-share-link av-social-link-facebook' ><a target=\"_blank\" aria-label=\"Compartir en Facebook\" href='https:\/\/www.facebook.com\/sharer.php?u=https:\/\/radiorevelacionfm.cl\/?p=9290&#038;t=Un%20legado%20para%20las%20futuras%20generaciones%3A%20Proyecto%20busca%20convertir%20las%20Torres%20del%20Avellano%20como%20Bien%20Nacional%20Protegido' aria-hidden='false' data-av_icon='\ue8f3' data-av_iconfont='entypo-fontello' title='' data-avia-related-tooltip='Compartir en Facebook' rel=\"noopener\"><span class='avia_hidden_link_text'>Compartir en Facebook<\/span><\/a><\/li><li class='av-share-link av-social-link-twitter' ><a target=\"_blank\" aria-label=\"Compartir en Twitter\" href='https:\/\/twitter.com\/share?text=Un%20legado%20para%20las%20futuras%20generaciones%3A%20Proyecto%20busca%20convertir%20las%20Torres%20del%20Avellano%20como%20Bien%20Nacional%20Protegido&#038;url=https:\/\/radiorevelacionfm.cl\/?p=9290' aria-hidden='false' data-av_icon='\ue8f1' data-av_iconfont='entypo-fontello' title='' data-avia-related-tooltip='Compartir en Twitter' rel=\"noopener\"><span class='avia_hidden_link_text'>Compartir en Twitter<\/span><\/a><\/li><li class='av-share-link av-social-link-whatsapp' ><a target=\"_blank\" aria-label=\"Compartir en Whatsapp\" href='https:\/\/api.whatsapp.com\/send?text=https:\/\/radiorevelacionfm.cl\/?p=9290' aria-hidden='false' data-av_icon='\uf232' data-av_iconfont='entypo-fontello' title='' data-avia-related-tooltip='Compartir en Whatsapp' rel=\"noopener\"><span class='avia_hidden_link_text'>Compartir en Whatsapp<\/span><\/a><\/li><li class='av-share-link av-social-link-linkedin' ><a target=\"_blank\" aria-label=\"Compartir en LinkedIn\" href='https:\/\/linkedin.com\/shareArticle?mini=true&#038;title=Un%20legado%20para%20las%20futuras%20generaciones%3A%20Proyecto%20busca%20convertir%20las%20Torres%20del%20Avellano%20como%20Bien%20Nacional%20Protegido&#038;url=https:\/\/radiorevelacionfm.cl\/?p=9290' aria-hidden='false' data-av_icon='\ue8fc' data-av_iconfont='entypo-fontello' title='' data-avia-related-tooltip='Compartir en LinkedIn' rel=\"noopener\"><span class='avia_hidden_link_text'>Compartir en LinkedIn<\/span><\/a><\/li><li class='av-share-link av-social-link-mail' ><a  aria-label=\"Compartir por correo\" href='mailto:?subject=Un%20legado%20para%20las%20futuras%20generaciones%3A%20Proyecto%20busca%20convertir%20las%20Torres%20del%20Avellano%20como%20Bien%20Nacional%20Protegido&#038;body=https:\/\/radiorevelacionfm.cl\/?p=9290' aria-hidden='false' data-av_icon='\ue805' data-av_iconfont='entypo-fontello' title='' data-avia-related-tooltip='Compartir por correo'><span class='avia_hidden_link_text'>Compartir por correo<\/span><\/a><\/li><\/ul><\/div><\/div>\n<div  style='height:50px' class='hr hr-invisible   avia-builder-el-8  el_after_av_social_share  el_before_av_comments_list '><span class='hr-inner ' ><span class='hr-inner-style'><\/span><\/span><\/div>\n<div  class='av-buildercomment  av-blog-meta-html-info-disabled av-blog-meta-tag-disabled  '><\/div>\n","protected":false},"excerpt":{"rendered":"","protected":false},"author":1,"featured_media":9291,"comment_status":"open","ping_status":"open","sticky":false,"template":"","format":"standard","meta":{"footnotes":""},"categories":[38],"tags":[],"class_list":["post-9290","post","type-post","status-publish","format-standard","has-post-thumbnail","hentry","category-regional"],"jetpack_featured_media_url":"https:\/\/radiorevelacionfm.cl\/wp-content\/uploads\/2021\/10\/foto1-el-avellano-1_optimized.jpg","_links":{"self":[{"href":"https:\/\/radiorevelacionfm.cl\/index.php?rest_route=\/wp\/v2\/posts\/9290","targetHints":{"allow":["GET"]}}],"collection":[{"href":"https:\/\/radiorevelacionfm.cl\/index.php?rest_route=\/wp\/v2\/posts"}],"about":[{"href":"https:\/\/radiorevelacionfm.cl\/index.php?rest_route=\/wp\/v2\/types\/post"}],"author":[{"embeddable":true,"href":"https:\/\/radiorevelacionfm.cl\/index.php?rest_route=\/wp\/v2\/users\/1"}],"replies":[{"embeddable":true,"href":"https:\/\/radiorevelacionfm.cl\/index.php?rest_route=%2Fwp%2Fv2%2Fcomments&post=9290"}],"version-history":[{"count":1,"href":"https:\/\/radiorevelacionfm.cl\/index.php?rest_route=\/wp\/v2\/posts\/9290\/revisions"}],"predecessor-version":[{"id":9292,"href":"https:\/\/radiorevelacionfm.cl\/index.php?rest_route=\/wp\/v2\/posts\/9290\/revisions\/9292"}],"wp:featuredmedia":[{"embeddable":true,"href":"https:\/\/radiorevelacionfm.cl\/index.php?rest_route=\/wp\/v2\/media\/9291"}],"wp:attachment":[{"href":"https:\/\/radiorevelacionfm.cl\/index.php?rest_route=%2Fwp%2Fv2%2Fmedia&parent=9290"}],"wp:term":[{"taxonomy":"category","embeddable":true,"href":"https:\/\/radiorevelacionfm.cl\/index.php?rest_route=%2Fwp%2Fv2%2Fcategories&post=9290"},{"taxonomy":"post_tag","embeddable":true,"href":"https:\/\/radiorevelacionfm.cl\/index.php?rest_route=%2Fwp%2Fv2%2Ftags&post=9290"}],"curies":[{"name":"wp","href":"https:\/\/api.w.org\/{rel}","templated":true}]}}