{"id":9279,"date":"2021-10-04T11:48:44","date_gmt":"2021-10-04T14:48:44","guid":{"rendered":"https:\/\/radiorevelacionfm.cl\/?p=9279"},"modified":"2021-10-04T11:48:44","modified_gmt":"2021-10-04T14:48:44","slug":"unidad-fast-de-la-subsecretaria-de-economia-realizaron-agenda-de-visitas-a-mypes-en-la-region","status":"publish","type":"post","link":"https:\/\/radiorevelacionfm.cl\/?p=9279","title":{"rendered":"Unidad Fast de la subsecretar\u00eda de econom\u00eda realizaron agenda de visitas a Mypes en la regi\u00f3n"},"content":{"rendered":"<div class=\"flex_column av_one_full  flex_column_div av-zero-column-padding first  avia-builder-el-0  el_before_av_one_full  avia-builder-el-first  \" style='border-radius:0px; '><div  class='avia-image-container  av-styling-    avia-builder-el-1  avia-builder-el-no-sibling  avia-align-center '  itemprop=\"image\" itemscope=\"itemscope\" itemtype=\"https:\/\/schema.org\/ImageObject\"  ><div class='avia-image-container-inner'><div class='avia-image-overlay-wrap'><img decoding=\"async\" class='wp-image-9280 avia-img-lazy-loading-not-9280 avia_image' src=\"https:\/\/radiorevelacionfm.cl\/wp-content\/uploads\/2021\/10\/VISITA-UNIDAD-FAST-A-EMPRENDEDORES-1-1-1.jpeg\" alt='' title='VISITA UNIDAD FAST A EMPRENDEDORES (1) (1) (1)' height=\"600\" width=\"1299\"  itemprop=\"thumbnailUrl\" srcset=\"https:\/\/radiorevelacionfm.cl\/wp-content\/uploads\/2021\/10\/VISITA-UNIDAD-FAST-A-EMPRENDEDORES-1-1-1.jpeg 1299w, https:\/\/radiorevelacionfm.cl\/wp-content\/uploads\/2021\/10\/VISITA-UNIDAD-FAST-A-EMPRENDEDORES-1-1-1-300x139.jpeg 300w, https:\/\/radiorevelacionfm.cl\/wp-content\/uploads\/2021\/10\/VISITA-UNIDAD-FAST-A-EMPRENDEDORES-1-1-1-1030x476.jpeg 1030w, https:\/\/radiorevelacionfm.cl\/wp-content\/uploads\/2021\/10\/VISITA-UNIDAD-FAST-A-EMPRENDEDORES-1-1-1-768x355.jpeg 768w, https:\/\/radiorevelacionfm.cl\/wp-content\/uploads\/2021\/10\/VISITA-UNIDAD-FAST-A-EMPRENDEDORES-1-1-1-705x326.jpeg 705w, https:\/\/radiorevelacionfm.cl\/wp-content\/uploads\/2021\/10\/VISITA-UNIDAD-FAST-A-EMPRENDEDORES-1-1-1-600x277.jpeg 600w\" sizes=\"(max-width: 1299px) 100vw, 1299px\" \/><\/div><\/div><\/div><\/div><div class=\"flex_column av_one_full  flex_column_div av-zero-column-padding first  avia-builder-el-2  el_after_av_one_full  el_before_av_one_full  column-top-margin\" style='border-radius:0px; '><section class=\"av_textblock_section \"  itemscope=\"itemscope\" itemtype=\"https:\/\/schema.org\/BlogPosting\" itemprop=\"blogPost\" ><div class='avia_textblock  '   itemprop=\"text\" ><p style=\"text-align: center;\"><span style=\"font-size: 18pt;\"><b>Unidad Fast de la subsecretar\u00eda de econom\u00eda realizaron agenda de visitas a Mypes en la regi\u00f3n<\/b><\/span><\/p>\n<div id=\"gtx-trans\" style=\"position: absolute; left: -50px; top: 4.31534px;\">\n<div class=\"gtx-trans-icon\"><\/div>\n<\/div>\n<\/div><\/section><\/div><div class=\"flex_column av_one_full  flex_column_div av-zero-column-padding first  avia-builder-el-4  el_after_av_one_full  el_before_av_hr  column-top-margin\" style='border-radius:0px; '><section class=\"av_textblock_section \"  itemscope=\"itemscope\" itemtype=\"https:\/\/schema.org\/BlogPosting\" itemprop=\"blogPost\" ><div class='avia_textblock  '   itemprop=\"text\" ><p style=\"font-weight: 400; text-align: justify;\">C\u00f3mo est\u00e1n saliendo de la crisis econ\u00f3mica provocada por la pandemia es la principal pregunta que los profesionales de la unidad de futuro y adopci\u00f3n social de la tecnolog\u00eda (FAST) realizaron a los micro emprendedores locales en su reciente visita a Ays\u00e9n.<\/p>\n<p style=\"font-weight: 400; text-align: justify;\">Es as\u00ed como profesionales de esta unidad se trasladaron hasta Villa Cerro Castillo, perteneciente a la comuna de R\u00edo Ib\u00e1\u00f1ez, donde tuvieron una serie de encuentros con emprendedores del rubro gastron\u00f3mico y tur\u00edstico de la zona, quienes dieron cuenta de sus principales requerimientos, necesidades y desaf\u00edos que hoy tienen de cara a la reactivaci\u00f3n econ\u00f3mica en esta etapa de la pandemia.<\/p>\n<p style=\"font-weight: 400; text-align: justify;\">As\u00ed lo dio a conocer Jos\u00e9 Guridi, jefe de la Unidad Fast \u201cnos trasladamos a la regi\u00f3n de Ays\u00e9n para realizar un levantamiento de informaci\u00f3n a cerca de las principales necesidades y requerimientos que tienen los emprendedores y emprendedoras de la regi\u00f3n y hemos podido apreciar en nuestro recorrido que tienen un origen muy diverso y que est\u00e1n con muchas ganas de crecer y c\u00f3mo ellos utilizan las tecnolog\u00edas para lograr ese objetivo. Nos vamos con mucha informaci\u00f3n que nos permite modificar y adaptar las distintas herramientas que podemos entregar en un futuro cercano a las Mipes y ayudarlas en la etapa post- pandemia. Sin duda estamos muy satisfechos por la recepci\u00f3n que hemos tenido en esta primera visita a la zona\u201d.<\/p>\n<p style=\"font-weight: 400; text-align: justify;\">Por su parte Fideliza Caballero del sector fundo las vertientes de Villa Cerro Castillo indic\u00f3 que \u201cnosotros tenemos un camping y adem\u00e1s ponemos a disposici\u00f3n de nuestros visitantes lugares para hacer asado, vendemos frutos y hortalizas de la zona y vemos con optimismo lo que se viene en esta nueva temporada tur\u00edstica. Esperamos poder crecer y mejorarnos del a\u00f1o pasado que por la pandemia estuvo muy malo para nosotros. Hemos recibido el apoyo de Indap y ahora desde\u00a0Econom\u00eda y Sercotec en ideas y el conocimiento de distintas herramientas que nos permitir\u00e1n ofrecer de mejor manera nuestro servicio al turista mediante Facebook y especialmente whatsapp\u201d.<\/p>\n<p style=\"font-weight: 400; text-align: justify;\">Finalmente, Margarita Martell, propietaria del hospedaje y restaurante<em>\u00a0Janito\u00a0<\/em>de Villa Cerro Castillo se\u00f1al\u00f3 que \u201cagradecemos a los profesionales del Ministerio de Econom\u00eda que vinieron a conocer mi local que con mucho esfuerzo familiar hemos sacado adelante. Nosotros reabrimos hace poco para entregar comidas a los turistas que vienen o que andan de paso por nuestra zona y nos interesa mucho que nos ayuden a crecer y entregar de mejor manera nuestro servicio de comida y hospedaje. Mediante Facebook y el boca a boca hemos podido ampliar nuestra clientela y queremos seguir en ese camino promocionando lo que ofrecemos, ricas comidas con mano local y con exquisitas cervezas de la zona. Los esperamos a todos esta temporada\u201d, indic\u00f3 la propietaria.<\/p>\n<p style=\"font-weight: 400; text-align: justify;\">La visita de los profesionales de la unidad Fast tuvo el apoyo directo de Sercotec, sus centros de negocios y de la Seremi de Econom\u00eda.<\/p>\n<p style=\"font-weight: 400; text-align: justify;\"><strong>Unidad Fast<\/strong><\/p>\n<p style=\"font-weight: 400; text-align: justify;\">La Unidad Fast depende de la divisi\u00f3n de empresas de menor tama\u00f1o de la Subsecretar\u00eda de Econom\u00eda, fomento y turismo y su objetivo es avanzar en la prospecci\u00f3n y aplicaci\u00f3n de nuevas tecnolog\u00edas para el econom\u00eda post-pandemia.<\/p>\n<p style=\"font-weight: 400; text-align: justify;\">FAST reformular\u00e1 las herramientas del programa \u201cDigitaliza Tu Pyme\u201d por medio de Inteligencia Artificial, desarrollando rutas espec\u00edficas para cada emprendedor, seg\u00fan sus caracter\u00edsticas y necesidades particulares.<\/p>\n<p style=\"font-weight: 400; text-align: justify;\">En la actualidad se encuentran realizando un completo catastro y levantamiento de informaci\u00f3n sobre las Pymes y Mypes de distintas regiones del pa\u00eds con el objeto de entregar herramientas focalizadas, seg\u00fan los requerimientos y necesidades espec\u00edficas de cada zona geogr\u00e1fica del pa\u00eds.<\/p>\n<\/div><\/section><\/div><div  style='height:50px' class='hr hr-invisible   avia-builder-el-6  el_after_av_one_full  el_before_av_social_share '><span class='hr-inner ' ><span class='hr-inner-style'><\/span><\/span><\/div><\/p>\n<div  class='av-social-sharing-box  avia-builder-el-7  el_after_av_hr  el_before_av_hr  '><div class='av-share-box'><h5 class='av-share-link-description av-no-toc '>Compartir esta noticia<\/h5><ul class='av-share-box-list noLightbox'><li class='av-share-link av-social-link-facebook' ><a target=\"_blank\" aria-label=\"Compartir en Facebook\" href='https:\/\/www.facebook.com\/sharer.php?u=https:\/\/radiorevelacionfm.cl\/?p=9279&#038;t=Unidad%20Fast%20de%20la%20subsecretar%C3%ADa%20de%20econom%C3%ADa%20realizaron%20agenda%20de%20visitas%20a%20Mypes%20en%20la%20regi%C3%B3n' aria-hidden='false' data-av_icon='\ue8f3' data-av_iconfont='entypo-fontello' title='' data-avia-related-tooltip='Compartir en Facebook' rel=\"noopener\"><span class='avia_hidden_link_text'>Compartir en Facebook<\/span><\/a><\/li><li class='av-share-link av-social-link-twitter' ><a target=\"_blank\" aria-label=\"Compartir en Twitter\" href='https:\/\/twitter.com\/share?text=Unidad%20Fast%20de%20la%20subsecretar%C3%ADa%20de%20econom%C3%ADa%20realizaron%20agenda%20de%20visitas%20a%20Mypes%20en%20la%20regi%C3%B3n&#038;url=https:\/\/radiorevelacionfm.cl\/?p=9279' aria-hidden='false' data-av_icon='\ue8f1' data-av_iconfont='entypo-fontello' title='' data-avia-related-tooltip='Compartir en Twitter' rel=\"noopener\"><span class='avia_hidden_link_text'>Compartir en Twitter<\/span><\/a><\/li><li class='av-share-link av-social-link-whatsapp' ><a target=\"_blank\" aria-label=\"Compartir en Whatsapp\" href='https:\/\/api.whatsapp.com\/send?text=https:\/\/radiorevelacionfm.cl\/?p=9279' aria-hidden='false' data-av_icon='\uf232' data-av_iconfont='entypo-fontello' title='' data-avia-related-tooltip='Compartir en Whatsapp' rel=\"noopener\"><span class='avia_hidden_link_text'>Compartir en Whatsapp<\/span><\/a><\/li><li class='av-share-link av-social-link-linkedin' ><a target=\"_blank\" aria-label=\"Compartir en LinkedIn\" href='https:\/\/linkedin.com\/shareArticle?mini=true&#038;title=Unidad%20Fast%20de%20la%20subsecretar%C3%ADa%20de%20econom%C3%ADa%20realizaron%20agenda%20de%20visitas%20a%20Mypes%20en%20la%20regi%C3%B3n&#038;url=https:\/\/radiorevelacionfm.cl\/?p=9279' aria-hidden='false' data-av_icon='\ue8fc' data-av_iconfont='entypo-fontello' title='' data-avia-related-tooltip='Compartir en LinkedIn' rel=\"noopener\"><span class='avia_hidden_link_text'>Compartir en LinkedIn<\/span><\/a><\/li><li class='av-share-link av-social-link-mail' ><a  aria-label=\"Compartir por correo\" href='mailto:?subject=Unidad%20Fast%20de%20la%20subsecretar%C3%ADa%20de%20econom%C3%ADa%20realizaron%20agenda%20de%20visitas%20a%20Mypes%20en%20la%20regi%C3%B3n&#038;body=https:\/\/radiorevelacionfm.cl\/?p=9279' aria-hidden='false' data-av_icon='\ue805' data-av_iconfont='entypo-fontello' title='' data-avia-related-tooltip='Compartir por correo'><span class='avia_hidden_link_text'>Compartir por correo<\/span><\/a><\/li><\/ul><\/div><\/div>\n<div  style='height:50px' class='hr hr-invisible   avia-builder-el-8  el_after_av_social_share  el_before_av_comments_list '><span class='hr-inner ' ><span class='hr-inner-style'><\/span><\/span><\/div>\n<div  class='av-buildercomment  av-blog-meta-html-info-disabled av-blog-meta-tag-disabled  '><\/div>\n","protected":false},"excerpt":{"rendered":"","protected":false},"author":1,"featured_media":9280,"comment_status":"open","ping_status":"open","sticky":false,"template":"","format":"standard","meta":{"footnotes":""},"categories":[37],"tags":[],"class_list":["post-9279","post","type-post","status-publish","format-standard","has-post-thumbnail","hentry","category-economia"],"jetpack_featured_media_url":"https:\/\/radiorevelacionfm.cl\/wp-content\/uploads\/2021\/10\/VISITA-UNIDAD-FAST-A-EMPRENDEDORES-1-1-1.jpeg","_links":{"self":[{"href":"https:\/\/radiorevelacionfm.cl\/index.php?rest_route=\/wp\/v2\/posts\/9279","targetHints":{"allow":["GET"]}}],"collection":[{"href":"https:\/\/radiorevelacionfm.cl\/index.php?rest_route=\/wp\/v2\/posts"}],"about":[{"href":"https:\/\/radiorevelacionfm.cl\/index.php?rest_route=\/wp\/v2\/types\/post"}],"author":[{"embeddable":true,"href":"https:\/\/radiorevelacionfm.cl\/index.php?rest_route=\/wp\/v2\/users\/1"}],"replies":[{"embeddable":true,"href":"https:\/\/radiorevelacionfm.cl\/index.php?rest_route=%2Fwp%2Fv2%2Fcomments&post=9279"}],"version-history":[{"count":1,"href":"https:\/\/radiorevelacionfm.cl\/index.php?rest_route=\/wp\/v2\/posts\/9279\/revisions"}],"predecessor-version":[{"id":9281,"href":"https:\/\/radiorevelacionfm.cl\/index.php?rest_route=\/wp\/v2\/posts\/9279\/revisions\/9281"}],"wp:featuredmedia":[{"embeddable":true,"href":"https:\/\/radiorevelacionfm.cl\/index.php?rest_route=\/wp\/v2\/media\/9280"}],"wp:attachment":[{"href":"https:\/\/radiorevelacionfm.cl\/index.php?rest_route=%2Fwp%2Fv2%2Fmedia&parent=9279"}],"wp:term":[{"taxonomy":"category","embeddable":true,"href":"https:\/\/radiorevelacionfm.cl\/index.php?rest_route=%2Fwp%2Fv2%2Fcategories&post=9279"},{"taxonomy":"post_tag","embeddable":true,"href":"https:\/\/radiorevelacionfm.cl\/index.php?rest_route=%2Fwp%2Fv2%2Ftags&post=9279"}],"curies":[{"name":"wp","href":"https:\/\/api.w.org\/{rel}","templated":true}]}}