{"id":9276,"date":"2021-10-04T11:02:23","date_gmt":"2021-10-04T14:02:23","guid":{"rendered":"https:\/\/radiorevelacionfm.cl\/?p=9276"},"modified":"2021-10-04T11:02:23","modified_gmt":"2021-10-04T14:02:23","slug":"lanzan-primera-publicacion-sobre-el-tejueleo-artesanal-de-la-region-de-aysen","status":"publish","type":"post","link":"https:\/\/radiorevelacionfm.cl\/?p=9276","title":{"rendered":"Lanzan primera publicaci\u00f3n sobre el tejueleo artesanal de la Regi\u00f3n de Ays\u00e9n"},"content":{"rendered":"<div class=\"flex_column av_one_full  flex_column_div av-zero-column-padding first  avia-builder-el-0  el_before_av_one_full  avia-builder-el-first  \" style='border-radius:0px; '><div  class='avia-image-container  av-styling-    avia-builder-el-1  avia-builder-el-no-sibling  avia-align-center '  itemprop=\"image\" itemscope=\"itemscope\" itemtype=\"https:\/\/schema.org\/ImageObject\"  ><div class='avia-image-container-inner'><div class='avia-image-overlay-wrap'><img decoding=\"async\" class='wp-image-9277 avia-img-lazy-loading-not-9277 avia_image' src=\"https:\/\/radiorevelacionfm.cl\/wp-content\/uploads\/2021\/10\/img_9756-1_optimized.jpg\" alt='' title='img_9756-(1)_optimized' height=\"600\" width=\"900\"  itemprop=\"thumbnailUrl\" srcset=\"https:\/\/radiorevelacionfm.cl\/wp-content\/uploads\/2021\/10\/img_9756-1_optimized.jpg 900w, https:\/\/radiorevelacionfm.cl\/wp-content\/uploads\/2021\/10\/img_9756-1_optimized-300x200.jpg 300w, https:\/\/radiorevelacionfm.cl\/wp-content\/uploads\/2021\/10\/img_9756-1_optimized-768x512.jpg 768w, https:\/\/radiorevelacionfm.cl\/wp-content\/uploads\/2021\/10\/img_9756-1_optimized-705x470.jpg 705w, https:\/\/radiorevelacionfm.cl\/wp-content\/uploads\/2021\/10\/img_9756-1_optimized-600x400.jpg 600w\" sizes=\"(max-width: 900px) 100vw, 900px\" \/><\/div><\/div><\/div><\/div><div class=\"flex_column av_one_full  flex_column_div av-zero-column-padding first  avia-builder-el-2  el_after_av_one_full  el_before_av_one_full  column-top-margin\" style='border-radius:0px; '><section class=\"av_textblock_section \"  itemscope=\"itemscope\" itemtype=\"https:\/\/schema.org\/BlogPosting\" itemprop=\"blogPost\" ><div class='avia_textblock  '   itemprop=\"text\" ><p style=\"text-align: center;\"><strong><span style=\"font-size: 18pt;\">Lanzan primera publicaci\u00f3n sobre el tejueleo artesanal de la Regi\u00f3n de Ays\u00e9n<\/span><\/strong><\/p>\n<div id=\"gtx-trans\" style=\"position: absolute; left: -50px; top: 4.31534px;\">\n<div class=\"gtx-trans-icon\"><\/div>\n<\/div>\n<\/div><\/section><\/div><div class=\"flex_column av_one_full  flex_column_div av-zero-column-padding first  avia-builder-el-4  el_after_av_one_full  el_before_av_hr  column-top-margin\" style='border-radius:0px; '><section class=\"av_textblock_section \"  itemscope=\"itemscope\" itemtype=\"https:\/\/schema.org\/BlogPosting\" itemprop=\"blogPost\" ><div class='avia_textblock  '   itemprop=\"text\" ><div style=\"text-align: justify;\">Memoria e identidad cultural del tejueleo artesanal en la Regi\u00f3n de Ays\u00e9n, se denomina la\u00a0publicaci\u00f3n que desarrolla el investigador, tejuelero e ingeniero forestal Carlos Castillo\u00a0Levicoy junto con la Corporaci\u00f3n Memoria Austral, mediante el Fondo Cultura 2021 del\u00a0Gobierno Regional.<\/div>\n<div style=\"text-align: justify;\">Se trata del primer texto dedicado al oficio del tejueleo artesanal y que se constituir\u00e1 como fuente de consulta acerca de la elaboraci\u00f3n de este material de revestimiento, que\u00a0marc\u00f3 la arquitectura vern\u00e1cula y el modo de habitar el territorio.<\/div>\n<div style=\"text-align: justify;\">\n<p>Para Castillo, es importante conocer y entender el proceso de llegada, establecimiento y\u00a0uso de los recursos naturales por parte de los pobladores y pobladoras, en particular, en\u00a0materia de oficios ligados a la explotaci\u00f3n de los bosques.<\/p>\n<\/div>\n<div style=\"text-align: justify;\">\u00abEl oficio de la elaboraci\u00f3n de tejuelas viene desde hace miles de a\u00f1os, sobre todo, en el\u00a0continente europeo; en Asia tambi\u00e9n se conoce la elaboraci\u00f3n de tejuelas con otro tipo de\u00a0especies, que no tenemos ac\u00e1 en la regi\u00f3n, posteriormente, la zona de Norteam\u00e9rica\u00a0tambi\u00e9n y el extremo sur de Sudam\u00e9rica\u00bb, indic\u00f3.<\/div>\n<div style=\"text-align: justify;\"><\/div>\n<div style=\"text-align: justify;\">En Chile, el oficio estuvo vinculado a las explotaciones de los bosques de alerce, traslad\u00e1ndose hacia el sur con el uso del cipr\u00e9s y, de forma m\u00e1s reciente, de la lenga. \u00abEstamos hablando de mediados del siglo 19, principios del siglo 20 y a mediados del siglo\u00a020 ya tenemos una expansi\u00f3n masiva del oficio dentro de la regi\u00f3n, con el asentamiento\u00a0de los primeros pobladores, que llegaban y ten\u00edan que buscar el recurso para construir sus\u00a0cobijos y la madera fue el material fue la madera y ah\u00ed tambi\u00e9n la tejuela\u00bb, sintetiz\u00f3.<\/div>\n<div style=\"text-align: justify;\">La Gobernadora Andrea Mac\u00edas Palma destac\u00f3 lo fundamental de apoyar el desarrollo de iniciativas de rescate de patrimonio local en la regi\u00f3n. \u00abPara nuestro Gobierno Regional es fundamental apoyar proyectos que muestren nuestra identidad, el patrimonio, poniendo en valor nuestras formas de vida tan t\u00edpicas de la Patagonia. Debemos reconocer nuestra historia y nuestras tradiciones para comprender el pasado y enfrentarnos ante las infinitas posibilidades del futuro\u00bb, afirm\u00f3.<\/div>\n<div style=\"text-align: justify;\">Por su parte, el presidente de la comisi\u00f3n Cultural del Consejo Regional, Gustavo Villarroel, valor\u00f3 el aporte de esta investigaci\u00f3n al mejor conocimiento de tradiciones y costumbres locales. \u00abEl hecho de que se vaya abordando un proceso hist\u00f3rico, primero con alerce, despu\u00e9s cipr\u00e9s de Las Guaitecas, posteriormente, lenga, hacen el recorrido de este oficio tan importante y qu\u00e9 buena oportunidad brinda el financiamiento del Gobierno Regional, Fondo Nacional de Desarrollo Regional, a trav\u00e9s del concurso 2% Cultura que abre este espacio para que cultores, investigadores, puedan plasmar su trabajo de a\u00f1os en una publicaci\u00f3n\u00bb, concluy\u00f3.<\/div>\n<div style=\"text-align: justify;\">De acuerdo a lo indicado por Carlos Castillo, el proceso de levantamiento de informaci\u00f3n\u00a0comenz\u00f3 hace diez a\u00f1os en las regiones de Los R\u00edos, Los Lagos y Ays\u00e9n, considerando\u00a0testimonios de familias ligadas a la elaboraci\u00f3n de tejuelas y a sistemas constructivos que\u00a0utilizaron la tejuela como material de revestimiento, adem\u00e1s del trabajo relacionado con\u00a0el bosque nativo.<\/div>\n<\/div><\/section><\/div><div  style='height:50px' class='hr hr-invisible   avia-builder-el-6  el_after_av_one_full  el_before_av_social_share '><span class='hr-inner ' ><span class='hr-inner-style'><\/span><\/span><\/div><\/p>\n<div  class='av-social-sharing-box  avia-builder-el-7  el_after_av_hr  el_before_av_hr  '><div class='av-share-box'><h5 class='av-share-link-description av-no-toc '>Compartir esta noticia<\/h5><ul class='av-share-box-list noLightbox'><li class='av-share-link av-social-link-facebook' ><a target=\"_blank\" aria-label=\"Compartir en Facebook\" href='https:\/\/www.facebook.com\/sharer.php?u=https:\/\/radiorevelacionfm.cl\/?p=9276&#038;t=Lanzan%20primera%20publicaci%C3%B3n%20sobre%20el%20tejueleo%20artesanal%20de%20la%20Regi%C3%B3n%20de%20Ays%C3%A9n' aria-hidden='false' data-av_icon='\ue8f3' data-av_iconfont='entypo-fontello' title='' data-avia-related-tooltip='Compartir en Facebook' rel=\"noopener\"><span class='avia_hidden_link_text'>Compartir en Facebook<\/span><\/a><\/li><li class='av-share-link av-social-link-twitter' ><a target=\"_blank\" aria-label=\"Compartir en Twitter\" href='https:\/\/twitter.com\/share?text=Lanzan%20primera%20publicaci%C3%B3n%20sobre%20el%20tejueleo%20artesanal%20de%20la%20Regi%C3%B3n%20de%20Ays%C3%A9n&#038;url=https:\/\/radiorevelacionfm.cl\/?p=9276' aria-hidden='false' data-av_icon='\ue8f1' data-av_iconfont='entypo-fontello' title='' data-avia-related-tooltip='Compartir en Twitter' rel=\"noopener\"><span class='avia_hidden_link_text'>Compartir en Twitter<\/span><\/a><\/li><li class='av-share-link av-social-link-whatsapp' ><a target=\"_blank\" aria-label=\"Compartir en Whatsapp\" href='https:\/\/api.whatsapp.com\/send?text=https:\/\/radiorevelacionfm.cl\/?p=9276' aria-hidden='false' data-av_icon='\uf232' data-av_iconfont='entypo-fontello' title='' data-avia-related-tooltip='Compartir en Whatsapp' rel=\"noopener\"><span class='avia_hidden_link_text'>Compartir en Whatsapp<\/span><\/a><\/li><li class='av-share-link av-social-link-linkedin' ><a target=\"_blank\" aria-label=\"Compartir en LinkedIn\" href='https:\/\/linkedin.com\/shareArticle?mini=true&#038;title=Lanzan%20primera%20publicaci%C3%B3n%20sobre%20el%20tejueleo%20artesanal%20de%20la%20Regi%C3%B3n%20de%20Ays%C3%A9n&#038;url=https:\/\/radiorevelacionfm.cl\/?p=9276' aria-hidden='false' data-av_icon='\ue8fc' data-av_iconfont='entypo-fontello' title='' data-avia-related-tooltip='Compartir en LinkedIn' rel=\"noopener\"><span class='avia_hidden_link_text'>Compartir en LinkedIn<\/span><\/a><\/li><li class='av-share-link av-social-link-mail' ><a  aria-label=\"Compartir por correo\" href='mailto:?subject=Lanzan%20primera%20publicaci%C3%B3n%20sobre%20el%20tejueleo%20artesanal%20de%20la%20Regi%C3%B3n%20de%20Ays%C3%A9n&#038;body=https:\/\/radiorevelacionfm.cl\/?p=9276' aria-hidden='false' data-av_icon='\ue805' data-av_iconfont='entypo-fontello' title='' data-avia-related-tooltip='Compartir por correo'><span class='avia_hidden_link_text'>Compartir por correo<\/span><\/a><\/li><\/ul><\/div><\/div>\n<div  style='height:50px' class='hr hr-invisible   avia-builder-el-8  el_after_av_social_share  el_before_av_comments_list '><span class='hr-inner ' ><span class='hr-inner-style'><\/span><\/span><\/div>\n<div  class='av-buildercomment  av-blog-meta-html-info-disabled av-blog-meta-tag-disabled  '><\/div>\n","protected":false},"excerpt":{"rendered":"","protected":false},"author":1,"featured_media":9277,"comment_status":"open","ping_status":"open","sticky":false,"template":"","format":"standard","meta":{"footnotes":""},"categories":[38],"tags":[],"class_list":["post-9276","post","type-post","status-publish","format-standard","has-post-thumbnail","hentry","category-regional"],"jetpack_featured_media_url":"https:\/\/radiorevelacionfm.cl\/wp-content\/uploads\/2021\/10\/img_9756-1_optimized.jpg","_links":{"self":[{"href":"https:\/\/radiorevelacionfm.cl\/index.php?rest_route=\/wp\/v2\/posts\/9276","targetHints":{"allow":["GET"]}}],"collection":[{"href":"https:\/\/radiorevelacionfm.cl\/index.php?rest_route=\/wp\/v2\/posts"}],"about":[{"href":"https:\/\/radiorevelacionfm.cl\/index.php?rest_route=\/wp\/v2\/types\/post"}],"author":[{"embeddable":true,"href":"https:\/\/radiorevelacionfm.cl\/index.php?rest_route=\/wp\/v2\/users\/1"}],"replies":[{"embeddable":true,"href":"https:\/\/radiorevelacionfm.cl\/index.php?rest_route=%2Fwp%2Fv2%2Fcomments&post=9276"}],"version-history":[{"count":1,"href":"https:\/\/radiorevelacionfm.cl\/index.php?rest_route=\/wp\/v2\/posts\/9276\/revisions"}],"predecessor-version":[{"id":9278,"href":"https:\/\/radiorevelacionfm.cl\/index.php?rest_route=\/wp\/v2\/posts\/9276\/revisions\/9278"}],"wp:featuredmedia":[{"embeddable":true,"href":"https:\/\/radiorevelacionfm.cl\/index.php?rest_route=\/wp\/v2\/media\/9277"}],"wp:attachment":[{"href":"https:\/\/radiorevelacionfm.cl\/index.php?rest_route=%2Fwp%2Fv2%2Fmedia&parent=9276"}],"wp:term":[{"taxonomy":"category","embeddable":true,"href":"https:\/\/radiorevelacionfm.cl\/index.php?rest_route=%2Fwp%2Fv2%2Fcategories&post=9276"},{"taxonomy":"post_tag","embeddable":true,"href":"https:\/\/radiorevelacionfm.cl\/index.php?rest_route=%2Fwp%2Fv2%2Ftags&post=9276"}],"curies":[{"name":"wp","href":"https:\/\/api.w.org\/{rel}","templated":true}]}}