{"id":9273,"date":"2021-10-04T12:33:27","date_gmt":"2021-10-04T15:33:27","guid":{"rendered":"https:\/\/radiorevelacionfm.cl\/?p=9273"},"modified":"2021-10-04T12:33:27","modified_gmt":"2021-10-04T15:33:27","slug":"con-gran-concurrencia-se-valido-alternativas-del-plan-maestro-quiero-mi-barrio-en-villa-manihuales","status":"publish","type":"post","link":"https:\/\/radiorevelacionfm.cl\/?p=9273","title":{"rendered":"Con gran concurrencia se valid\u00f3 alternativas del Plan Maestro Quiero mi Barrio en Villa Ma\u00f1ihuales"},"content":{"rendered":"<div class=\"flex_column av_one_full  flex_column_div av-zero-column-padding first  avia-builder-el-0  el_before_av_one_full  avia-builder-el-first  \" style='border-radius:0px; '><div  class='avia-image-container  av-styling-    avia-builder-el-1  avia-builder-el-no-sibling  avia-align-center '  itemprop=\"image\" itemscope=\"itemscope\" itemtype=\"https:\/\/schema.org\/ImageObject\"  ><div class='avia-image-container-inner'><div class='avia-image-overlay-wrap'><img decoding=\"async\" class='wp-image-9282 avia-img-lazy-loading-not-9282 avia_image' src=\"https:\/\/radiorevelacionfm.cl\/wp-content\/uploads\/2021\/10\/Quiero-Mi-Barrio4-1-1.jpeg\" alt='' title='Quiero Mi Barrio4 (1) (1)' height=\"600\" width=\"1067\"  itemprop=\"thumbnailUrl\" srcset=\"https:\/\/radiorevelacionfm.cl\/wp-content\/uploads\/2021\/10\/Quiero-Mi-Barrio4-1-1.jpeg 1067w, https:\/\/radiorevelacionfm.cl\/wp-content\/uploads\/2021\/10\/Quiero-Mi-Barrio4-1-1-300x169.jpeg 300w, https:\/\/radiorevelacionfm.cl\/wp-content\/uploads\/2021\/10\/Quiero-Mi-Barrio4-1-1-1030x579.jpeg 1030w, https:\/\/radiorevelacionfm.cl\/wp-content\/uploads\/2021\/10\/Quiero-Mi-Barrio4-1-1-768x432.jpeg 768w, https:\/\/radiorevelacionfm.cl\/wp-content\/uploads\/2021\/10\/Quiero-Mi-Barrio4-1-1-705x396.jpeg 705w, https:\/\/radiorevelacionfm.cl\/wp-content\/uploads\/2021\/10\/Quiero-Mi-Barrio4-1-1-600x337.jpeg 600w\" sizes=\"(max-width: 1067px) 100vw, 1067px\" \/><\/div><\/div><\/div><\/div><div class=\"flex_column av_one_full  flex_column_div av-zero-column-padding first  avia-builder-el-2  el_after_av_one_full  el_before_av_one_full  column-top-margin\" style='border-radius:0px; '><section class=\"av_textblock_section \"  itemscope=\"itemscope\" itemtype=\"https:\/\/schema.org\/BlogPosting\" itemprop=\"blogPost\" ><div class='avia_textblock  '   itemprop=\"text\" ><p style=\"text-align: center;\"><span style=\"font-size: 18pt;\"><b>Con gran concurrencia se valid\u00f3 alternativas del Plan Maestro Quiero mi Barrio en Villa Ma\u00f1ihuales<\/b><\/span><\/p>\n<div id=\"gtx-trans\" style=\"position: absolute; left: -50px; top: 4.31534px;\">\n<div class=\"gtx-trans-icon\"><\/div>\n<\/div>\n<\/div><\/section><\/div><div class=\"flex_column av_one_full  flex_column_div av-zero-column-padding first  avia-builder-el-4  el_after_av_one_full  el_before_av_hr  column-top-margin\" style='border-radius:0px; '><section class=\"av_textblock_section \"  itemscope=\"itemscope\" itemtype=\"https:\/\/schema.org\/BlogPosting\" itemprop=\"blogPost\" ><div class='avia_textblock  '   itemprop=\"text\" ><p style=\"font-weight: 400; text-align: justify;\">El llamado Plan Maestro del programa \u201cQuiero mi Barrio, barrio Los Ma\u00f1ios, consiste en acciones y obras a realizar en el sector del casco hist\u00f3rico de Villa Ma\u00f1ihuales.<\/p>\n<p style=\"font-weight: 400; text-align: justify;\">\u201cEl Barrio los Ma\u00f1ios se define como un barrio del casco hist\u00f3rico y las propuestas est\u00e1n abordadas desde la integraci\u00f3n de los vecinos, en conjunto con la habilitaci\u00f3n de espacios, para que sean usados como corresponde\u201d, explic\u00f3 el arquitecto\u00a0Gonzalo Reyes, que conforma la dupla barrial junto a la asistente social, Natalia Escudero.<\/p>\n<p style=\"font-weight: 400; text-align: justify;\">Sin embargo, lo que se valid\u00f3 en esta ocasi\u00f3n, fueron las nueve propuestas elaboradas de las cuales la propia comunidad deber\u00e1 seleccionar entre 4 y 5 proyectos.\u00a0Natalia Escudero explic\u00f3 de qu\u00e9 se tratan estos proyectos de gesti\u00f3n de obras y gesti\u00f3n social. \u201cPrincipalmente, se trata de mejoramiento de espacios p\u00fablicos y \u00e1reas verdes, la construcci\u00f3n de una sala m\u00faltiple, una cancha multiuso y la posibilidad de generar un t\u00f3tem hist\u00f3rico con se\u00f1al\u00e9tica\u201d detall\u00f3 la profesional.<\/p>\n<p style=\"font-weight: 400; text-align: justify;\">Jessica Ojeda, Secretaria T\u00e9cnica Programa Barrios del MINVU, destac\u00f3 la labor desarrollada por la dupla y el equipo Barrios de la Municipalidad de Ays\u00e9n en medio de la contingencia sanitaria. \u201cNosotros como ministerio, estamos muy felices por la participaci\u00f3n que ha habido en la presentaci\u00f3n del Plan Maestro, y esperamos ahora terminar con la priorizaci\u00f3n y poder ejecutar las obras que los vecinos elijan\u201d, detall\u00f3 la Secretaria T\u00e9cnica.<\/p>\n<p style=\"font-weight: 400; text-align: justify;\">En ese sentido, recalc\u00f3 que lo que sigue es la divulgaci\u00f3n masiva de estas propuestas en la comunidad ma\u00f1ihualina, ya que las obras que sean ejecutadas ser\u00e1n escogidas, mediante un proceso de votaci\u00f3n que se realizar\u00e1 en varios puntos de la localidad.<\/p>\n<p style=\"font-weight: 400; text-align: justify;\">\u201cUna vez que los vecinos hayan votado por las obras que quieren, es comenzar con los dise\u00f1os participativos mediante instancias de reuni\u00f3n para cada uno de ellos\u201d, comparti\u00f3 Juan Pablo Altamirano, coordinador del Programa Quiero Mi Barrio en la comuna de Ays\u00e9n.<\/p>\n<p style=\"font-weight: 400; text-align: justify;\">Para Jessi Rebolledo, vecina del sector, las alternativas de mejoramiento son muy buenas y rescatan las propuestas realizadas por los propios vecinos. \u201cAgradecer a la dupla por su trabajo y decir que este es un tema que hace tiempo esperamos que se haga para que Ma\u00f1ihuales se vea m\u00e1s atractivo\u201d, declar\u00f3 la vecina.<\/p>\n<p style=\"font-weight: 400; text-align: justify;\">A su vez, la presidenta del Consejo Vecinal de Desarrollo del Quiero Mi Barrio en Villa Ma\u00f1ihuales, Gabriela Barrientos, destac\u00f3 la participaci\u00f3n de los vecinos y vecinas y la importancia de poder construir un barrio y una nueva forma de relacionarse.<\/p>\n<p style=\"font-weight: 400; text-align: justify;\">\u201cEste es un trabajo que ha sido muy bien elaborado y estamos muy conformes con todo lo que se ha hecho hasta ahora\u201d, coment\u00f3.<\/p>\n<\/div><\/section><\/div><\/p>\n<div  style='height:50px' class='hr hr-invisible   avia-builder-el-6  el_after_av_one_full  el_before_av_social_share '><span class='hr-inner ' ><span class='hr-inner-style'><\/span><\/span><\/div>\n<div  class='av-social-sharing-box  avia-builder-el-7  el_after_av_hr  el_before_av_hr  '><div class='av-share-box'><h5 class='av-share-link-description av-no-toc '>Compartir esta noticia<\/h5><ul class='av-share-box-list noLightbox'><li class='av-share-link av-social-link-facebook' ><a target=\"_blank\" aria-label=\"Compartir en Facebook\" href='https:\/\/www.facebook.com\/sharer.php?u=https:\/\/radiorevelacionfm.cl\/?p=9273&#038;t=Con%20gran%20concurrencia%20se%20valid%C3%B3%20alternativas%20del%20Plan%20Maestro%20Quiero%20mi%20Barrio%20en%20Villa%20Ma%C3%B1ihuales' aria-hidden='false' data-av_icon='\ue8f3' data-av_iconfont='entypo-fontello' title='' data-avia-related-tooltip='Compartir en Facebook' rel=\"noopener\"><span class='avia_hidden_link_text'>Compartir en Facebook<\/span><\/a><\/li><li class='av-share-link av-social-link-twitter' ><a target=\"_blank\" aria-label=\"Compartir en Twitter\" href='https:\/\/twitter.com\/share?text=Con%20gran%20concurrencia%20se%20valid%C3%B3%20alternativas%20del%20Plan%20Maestro%20Quiero%20mi%20Barrio%20en%20Villa%20Ma%C3%B1ihuales&#038;url=https:\/\/radiorevelacionfm.cl\/?p=9273' aria-hidden='false' data-av_icon='\ue8f1' data-av_iconfont='entypo-fontello' title='' data-avia-related-tooltip='Compartir en Twitter' rel=\"noopener\"><span class='avia_hidden_link_text'>Compartir en Twitter<\/span><\/a><\/li><li class='av-share-link av-social-link-whatsapp' ><a target=\"_blank\" aria-label=\"Compartir en Whatsapp\" href='https:\/\/api.whatsapp.com\/send?text=https:\/\/radiorevelacionfm.cl\/?p=9273' aria-hidden='false' data-av_icon='\uf232' data-av_iconfont='entypo-fontello' title='' data-avia-related-tooltip='Compartir en Whatsapp' rel=\"noopener\"><span class='avia_hidden_link_text'>Compartir en Whatsapp<\/span><\/a><\/li><li class='av-share-link av-social-link-linkedin' ><a target=\"_blank\" aria-label=\"Compartir en LinkedIn\" href='https:\/\/linkedin.com\/shareArticle?mini=true&#038;title=Con%20gran%20concurrencia%20se%20valid%C3%B3%20alternativas%20del%20Plan%20Maestro%20Quiero%20mi%20Barrio%20en%20Villa%20Ma%C3%B1ihuales&#038;url=https:\/\/radiorevelacionfm.cl\/?p=9273' aria-hidden='false' data-av_icon='\ue8fc' data-av_iconfont='entypo-fontello' title='' data-avia-related-tooltip='Compartir en LinkedIn' rel=\"noopener\"><span class='avia_hidden_link_text'>Compartir en LinkedIn<\/span><\/a><\/li><li class='av-share-link av-social-link-mail' ><a  aria-label=\"Compartir por correo\" href='mailto:?subject=Con%20gran%20concurrencia%20se%20valid%C3%B3%20alternativas%20del%20Plan%20Maestro%20Quiero%20mi%20Barrio%20en%20Villa%20Ma%C3%B1ihuales&#038;body=https:\/\/radiorevelacionfm.cl\/?p=9273' aria-hidden='false' data-av_icon='\ue805' data-av_iconfont='entypo-fontello' title='' data-avia-related-tooltip='Compartir por correo'><span class='avia_hidden_link_text'>Compartir por correo<\/span><\/a><\/li><\/ul><\/div><\/div>\n<div  style='height:50px' class='hr hr-invisible   avia-builder-el-8  el_after_av_social_share  el_before_av_comments_list '><span class='hr-inner ' ><span class='hr-inner-style'><\/span><\/span><\/div>\n<div  class='av-buildercomment  av-blog-meta-html-info-disabled av-blog-meta-tag-disabled  '><\/div>\n","protected":false},"excerpt":{"rendered":"","protected":false},"author":1,"featured_media":9282,"comment_status":"open","ping_status":"open","sticky":false,"template":"","format":"standard","meta":{"footnotes":""},"categories":[38],"tags":[],"class_list":["post-9273","post","type-post","status-publish","format-standard","has-post-thumbnail","hentry","category-regional"],"jetpack_featured_media_url":"https:\/\/radiorevelacionfm.cl\/wp-content\/uploads\/2021\/10\/Quiero-Mi-Barrio4-1-1.jpeg","_links":{"self":[{"href":"https:\/\/radiorevelacionfm.cl\/index.php?rest_route=\/wp\/v2\/posts\/9273","targetHints":{"allow":["GET"]}}],"collection":[{"href":"https:\/\/radiorevelacionfm.cl\/index.php?rest_route=\/wp\/v2\/posts"}],"about":[{"href":"https:\/\/radiorevelacionfm.cl\/index.php?rest_route=\/wp\/v2\/types\/post"}],"author":[{"embeddable":true,"href":"https:\/\/radiorevelacionfm.cl\/index.php?rest_route=\/wp\/v2\/users\/1"}],"replies":[{"embeddable":true,"href":"https:\/\/radiorevelacionfm.cl\/index.php?rest_route=%2Fwp%2Fv2%2Fcomments&post=9273"}],"version-history":[{"count":2,"href":"https:\/\/radiorevelacionfm.cl\/index.php?rest_route=\/wp\/v2\/posts\/9273\/revisions"}],"predecessor-version":[{"id":9283,"href":"https:\/\/radiorevelacionfm.cl\/index.php?rest_route=\/wp\/v2\/posts\/9273\/revisions\/9283"}],"wp:featuredmedia":[{"embeddable":true,"href":"https:\/\/radiorevelacionfm.cl\/index.php?rest_route=\/wp\/v2\/media\/9282"}],"wp:attachment":[{"href":"https:\/\/radiorevelacionfm.cl\/index.php?rest_route=%2Fwp%2Fv2%2Fmedia&parent=9273"}],"wp:term":[{"taxonomy":"category","embeddable":true,"href":"https:\/\/radiorevelacionfm.cl\/index.php?rest_route=%2Fwp%2Fv2%2Fcategories&post=9273"},{"taxonomy":"post_tag","embeddable":true,"href":"https:\/\/radiorevelacionfm.cl\/index.php?rest_route=%2Fwp%2Fv2%2Ftags&post=9273"}],"curies":[{"name":"wp","href":"https:\/\/api.w.org\/{rel}","templated":true}]}}