{"id":9270,"date":"2021-10-04T10:25:36","date_gmt":"2021-10-04T13:25:36","guid":{"rendered":"https:\/\/radiorevelacionfm.cl\/?p=9270"},"modified":"2021-10-04T10:25:36","modified_gmt":"2021-10-04T13:25:36","slug":"gobernadora-regional-y-alcaldes-comprometen-trabajo-conjunto-para-el-nuevo-centro-de-gestion-de-residuos-cochrane-y-tortel","status":"publish","type":"post","link":"https:\/\/radiorevelacionfm.cl\/?p=9270","title":{"rendered":"Gobernadora Regional y alcaldes comprometen trabajo conjunto para el nuevo Centro de Gesti\u00f3n de Residuos Cochrane y Tortel"},"content":{"rendered":"<div class=\"flex_column av_one_full  flex_column_div av-zero-column-padding first  avia-builder-el-0  el_before_av_one_full  avia-builder-el-first  \" style='border-radius:0px; '><div  class='avia-image-container  av-styling-    avia-builder-el-1  avia-builder-el-no-sibling  avia-align-center '  itemprop=\"image\" itemscope=\"itemscope\" itemtype=\"https:\/\/schema.org\/ImageObject\"  ><div class='avia-image-container-inner'><div class='avia-image-overlay-wrap'><img decoding=\"async\" class='wp-image-9271 avia-img-lazy-loading-not-9271 avia_image' src=\"https:\/\/radiorevelacionfm.cl\/wp-content\/uploads\/2021\/10\/Foto-2-2-1-1.jpeg\" alt='' title='Foto 2 (2) (1) (1)' height=\"600\" width=\"800\"  itemprop=\"thumbnailUrl\" srcset=\"https:\/\/radiorevelacionfm.cl\/wp-content\/uploads\/2021\/10\/Foto-2-2-1-1.jpeg 800w, https:\/\/radiorevelacionfm.cl\/wp-content\/uploads\/2021\/10\/Foto-2-2-1-1-300x225.jpeg 300w, https:\/\/radiorevelacionfm.cl\/wp-content\/uploads\/2021\/10\/Foto-2-2-1-1-768x576.jpeg 768w, https:\/\/radiorevelacionfm.cl\/wp-content\/uploads\/2021\/10\/Foto-2-2-1-1-705x529.jpeg 705w, https:\/\/radiorevelacionfm.cl\/wp-content\/uploads\/2021\/10\/Foto-2-2-1-1-600x450.jpeg 600w\" sizes=\"(max-width: 800px) 100vw, 800px\" \/><\/div><\/div><\/div><\/div><div class=\"flex_column av_one_full  flex_column_div av-zero-column-padding first  avia-builder-el-2  el_after_av_one_full  el_before_av_one_full  column-top-margin\" style='border-radius:0px; '><section class=\"av_textblock_section \"  itemscope=\"itemscope\" itemtype=\"https:\/\/schema.org\/BlogPosting\" itemprop=\"blogPost\" ><div class='avia_textblock  '   itemprop=\"text\" ><p style=\"text-align: center;\"><span style=\"font-size: 18pt;\"><b>Gobernadora Regional y alcaldes comprometen trabajo conjunto para el nuevo Centro de Gesti\u00f3n de Residuos Cochrane y Tortel<\/b><\/span><\/p>\n<div id=\"gtx-trans\" style=\"position: absolute; left: -50px; top: 4.31534px;\">\n<div class=\"gtx-trans-icon\"><\/div>\n<\/div>\n<\/div><\/section><\/div><div class=\"flex_column av_one_full  flex_column_div av-zero-column-padding first  avia-builder-el-4  el_after_av_one_full  el_before_av_hr  column-top-margin\" style='border-radius:0px; '><section class=\"av_textblock_section \"  itemscope=\"itemscope\" itemtype=\"https:\/\/schema.org\/BlogPosting\" itemprop=\"blogPost\" ><div class='avia_textblock  '   itemprop=\"text\" ><p style=\"text-align: justify;\">A 13 kil\u00f3metros de la ciudad de Cochrane, se reunieron el viernes pasado los alcaldes Abel Becerra de Tortel y Jorge Calder\u00f3n de Cochrane para visitar el lugar donde se emplazar\u00e1 el nuevo centro de gesti\u00f3n de residuos s\u00f3lidos Cochrane-Tortel.<\/p>\n<p style=\"text-align: justify;\">Junto a ellos estuvieron presentes concejales de ambas comunas, la Gobernadora Regional Andrea Mac\u00edas Palma y los consejeros regionales de la Provincia, Carlos Campos y Jorge Abello. La reuni\u00f3n en terreno trat\u00f3 sobre las caracter\u00edsticas t\u00e9cnicas que tendr\u00e1 el proyecto y la innovaci\u00f3n que traer\u00e1 en materia de gesti\u00f3n de residuos para la regi\u00f3n de Ays\u00e9n.<\/p>\n<p style=\"text-align: justify;\">\u00abComo comunidad de Caleta Tortel es un hito muy importante. Desde la experiencia que tuvimos en 2016, donde nuestro vertedero lleg\u00f3 a estar lleno y no supimos d\u00f3nde seguir botando basura, dijimos tenemos que dar un gran paso y ese paso es este. Como comuna nos hemos hecho responsables de nuestra conducta, teniendo campa\u00f1as y alianzas con distintas fundaciones. Para nosotros esto nos va a significar cambiar nuestra forma de hacer las cosas, siendo responsables de lo que uno desecha\u00bb, afirm\u00f3 el alcalde Becerra.<\/p>\n<p style=\"text-align: justify;\">Para la m\u00e1xima autoridad de la regi\u00f3n, este centro viene a dar un ejemplo para la gesti\u00f3n de residuos en todo el territorio. \u00abEs una nueva forma de gestionar residuos, amigable con el medioambiente y cambiando el paradigma de c\u00f3mo se trabaja la basura. Hoy se busca gestionar reduciendo al m\u00e1ximo aquellas fracciones que se puedan ir trabajando. El centro contar\u00e1 con una planta de recuperaci\u00f3n de materiales y de compost tratando la mayor parte de la materia org\u00e1nica, adem\u00e1s se incluir\u00e1 una zona para disposici\u00f3n de chatarra y materiales para la construcci\u00f3n\u00bb, afirm\u00f3 la Gobernadora Regional Andrea Mac\u00edas.<\/p>\n<p style=\"text-align: justify;\"><b>Prioridad para el Consejo Regional<\/b><\/p>\n<p style=\"text-align: justify;\">Dar inicio al proceso de instalaci\u00f3n del centro, es necesario el financiamiento desde el Gobierno Regional como esperan los consejeros Campos y Abello.<\/p>\n<p style=\"text-align: justify;\">\u00abHemos obtenido el compromiso de la Gobernadora y los alcaldes trabajando juntos. Eso significa que podemos ser un referente para el resto de la regi\u00f3n, para ver c\u00f3mo se trabajan los residuos s\u00f3lidos de manera colaborativa\u00bb, afirm\u00f3 Carlos Campos.<\/p>\n<p style=\"text-align: justify;\">Por su parte, el consejero Abello agradeci\u00f3 la visita en terreno de las autoridades. \u00abEstar visitando donde se emplazar\u00e1 el centro de residuos s\u00f3lidos Cochrane-Tortel junto a la Gobernadora Regional, conociendo adem\u00e1s todo el detalle t\u00e9cnico de lo que significa y la necesidad de avanzar prontamente con este proyecto\u00bb, dijo.<\/p>\n<p style=\"text-align: justify;\">Se espera que el proyecto sea presentado en detalle para la discusi\u00f3n presupuestaria en el pr\u00f3ximo Consejo Regional y que marque un precedente para el trabajo de las distintas comunas en la regi\u00f3n. \u00abLo m\u00e1s importante: a problemas colectivos, soluciones colaborativas. Aqu\u00ed tenemos el trabajo de los municipios de Cochrane y Tortel, quienes van a trabajar de manera conjunta solucionando el problema para vecinos de ambas comunas\u00bb, finaliz\u00f3 la Gobernadora Mac\u00edas.<\/p>\n<div><\/div>\n<\/div><\/section><\/div><div  style='height:50px' class='hr hr-invisible   avia-builder-el-6  el_after_av_one_full  el_before_av_social_share '><span class='hr-inner ' ><span class='hr-inner-style'><\/span><\/span><\/div><\/p>\n<div  class='av-social-sharing-box  avia-builder-el-7  el_after_av_hr  el_before_av_hr  '><div class='av-share-box'><h5 class='av-share-link-description av-no-toc '>Compartir esta noticia<\/h5><ul class='av-share-box-list noLightbox'><li class='av-share-link av-social-link-facebook' ><a target=\"_blank\" aria-label=\"Compartir en Facebook\" href='https:\/\/www.facebook.com\/sharer.php?u=https:\/\/radiorevelacionfm.cl\/?p=9270&#038;t=Gobernadora%20Regional%20y%20alcaldes%20comprometen%20trabajo%20conjunto%20para%20el%20nuevo%20Centro%20de%20Gesti%C3%B3n%20de%20Residuos%20Cochrane%20y%20Tortel' aria-hidden='false' data-av_icon='\ue8f3' data-av_iconfont='entypo-fontello' title='' data-avia-related-tooltip='Compartir en Facebook' rel=\"noopener\"><span class='avia_hidden_link_text'>Compartir en Facebook<\/span><\/a><\/li><li class='av-share-link av-social-link-twitter' ><a target=\"_blank\" aria-label=\"Compartir en Twitter\" href='https:\/\/twitter.com\/share?text=Gobernadora%20Regional%20y%20alcaldes%20comprometen%20trabajo%20conjunto%20para%20el%20nuevo%20Centro%20de%20Gesti%C3%B3n%20de%20Residuos%20Cochrane%20y%20Tortel&#038;url=https:\/\/radiorevelacionfm.cl\/?p=9270' aria-hidden='false' data-av_icon='\ue8f1' data-av_iconfont='entypo-fontello' title='' data-avia-related-tooltip='Compartir en Twitter' rel=\"noopener\"><span class='avia_hidden_link_text'>Compartir en Twitter<\/span><\/a><\/li><li class='av-share-link av-social-link-whatsapp' ><a target=\"_blank\" aria-label=\"Compartir en Whatsapp\" href='https:\/\/api.whatsapp.com\/send?text=https:\/\/radiorevelacionfm.cl\/?p=9270' aria-hidden='false' data-av_icon='\uf232' data-av_iconfont='entypo-fontello' title='' data-avia-related-tooltip='Compartir en Whatsapp' rel=\"noopener\"><span class='avia_hidden_link_text'>Compartir en Whatsapp<\/span><\/a><\/li><li class='av-share-link av-social-link-linkedin' ><a target=\"_blank\" aria-label=\"Compartir en LinkedIn\" href='https:\/\/linkedin.com\/shareArticle?mini=true&#038;title=Gobernadora%20Regional%20y%20alcaldes%20comprometen%20trabajo%20conjunto%20para%20el%20nuevo%20Centro%20de%20Gesti%C3%B3n%20de%20Residuos%20Cochrane%20y%20Tortel&#038;url=https:\/\/radiorevelacionfm.cl\/?p=9270' aria-hidden='false' data-av_icon='\ue8fc' data-av_iconfont='entypo-fontello' title='' data-avia-related-tooltip='Compartir en LinkedIn' rel=\"noopener\"><span class='avia_hidden_link_text'>Compartir en LinkedIn<\/span><\/a><\/li><li class='av-share-link av-social-link-mail' ><a  aria-label=\"Compartir por correo\" href='mailto:?subject=Gobernadora%20Regional%20y%20alcaldes%20comprometen%20trabajo%20conjunto%20para%20el%20nuevo%20Centro%20de%20Gesti%C3%B3n%20de%20Residuos%20Cochrane%20y%20Tortel&#038;body=https:\/\/radiorevelacionfm.cl\/?p=9270' aria-hidden='false' data-av_icon='\ue805' data-av_iconfont='entypo-fontello' title='' data-avia-related-tooltip='Compartir por correo'><span class='avia_hidden_link_text'>Compartir por correo<\/span><\/a><\/li><\/ul><\/div><\/div>\n<div  style='height:50px' class='hr hr-invisible   avia-builder-el-8  el_after_av_social_share  el_before_av_comments_list '><span class='hr-inner ' ><span class='hr-inner-style'><\/span><\/span><\/div>\n<div  class='av-buildercomment  av-blog-meta-html-info-disabled av-blog-meta-tag-disabled  '><\/div>\n","protected":false},"excerpt":{"rendered":"","protected":false},"author":1,"featured_media":9271,"comment_status":"open","ping_status":"open","sticky":false,"template":"","format":"standard","meta":{"footnotes":""},"categories":[38],"tags":[],"class_list":["post-9270","post","type-post","status-publish","format-standard","has-post-thumbnail","hentry","category-regional"],"jetpack_featured_media_url":"https:\/\/radiorevelacionfm.cl\/wp-content\/uploads\/2021\/10\/Foto-2-2-1-1.jpeg","_links":{"self":[{"href":"https:\/\/radiorevelacionfm.cl\/index.php?rest_route=\/wp\/v2\/posts\/9270","targetHints":{"allow":["GET"]}}],"collection":[{"href":"https:\/\/radiorevelacionfm.cl\/index.php?rest_route=\/wp\/v2\/posts"}],"about":[{"href":"https:\/\/radiorevelacionfm.cl\/index.php?rest_route=\/wp\/v2\/types\/post"}],"author":[{"embeddable":true,"href":"https:\/\/radiorevelacionfm.cl\/index.php?rest_route=\/wp\/v2\/users\/1"}],"replies":[{"embeddable":true,"href":"https:\/\/radiorevelacionfm.cl\/index.php?rest_route=%2Fwp%2Fv2%2Fcomments&post=9270"}],"version-history":[{"count":1,"href":"https:\/\/radiorevelacionfm.cl\/index.php?rest_route=\/wp\/v2\/posts\/9270\/revisions"}],"predecessor-version":[{"id":9272,"href":"https:\/\/radiorevelacionfm.cl\/index.php?rest_route=\/wp\/v2\/posts\/9270\/revisions\/9272"}],"wp:featuredmedia":[{"embeddable":true,"href":"https:\/\/radiorevelacionfm.cl\/index.php?rest_route=\/wp\/v2\/media\/9271"}],"wp:attachment":[{"href":"https:\/\/radiorevelacionfm.cl\/index.php?rest_route=%2Fwp%2Fv2%2Fmedia&parent=9270"}],"wp:term":[{"taxonomy":"category","embeddable":true,"href":"https:\/\/radiorevelacionfm.cl\/index.php?rest_route=%2Fwp%2Fv2%2Fcategories&post=9270"},{"taxonomy":"post_tag","embeddable":true,"href":"https:\/\/radiorevelacionfm.cl\/index.php?rest_route=%2Fwp%2Fv2%2Ftags&post=9270"}],"curies":[{"name":"wp","href":"https:\/\/api.w.org\/{rel}","templated":true}]}}