{"id":9258,"date":"2021-10-03T17:25:57","date_gmt":"2021-10-03T20:25:57","guid":{"rendered":"https:\/\/radiorevelacionfm.cl\/?p=9258"},"modified":"2021-10-03T17:25:57","modified_gmt":"2021-10-03T20:25:57","slug":"accion-entre-municipio-de-lago-verde-y-ejercito-permiten-instalar-radio-vhf-a-vecinos-de-zonas-apartadas","status":"publish","type":"post","link":"https:\/\/radiorevelacionfm.cl\/?p=9258","title":{"rendered":"Acci\u00f3n entre municipio de Lago Verde y Ej\u00e9rcito permiten instalar radio VHF a vecinos de zonas apartadas"},"content":{"rendered":"<div class=\"flex_column av_one_full  flex_column_div av-zero-column-padding first  avia-builder-el-0  el_before_av_one_full  avia-builder-el-first  \" style='border-radius:0px; '><div  class='avia-image-container  av-styling-    avia-builder-el-1  avia-builder-el-no-sibling  avia-align-center '  itemprop=\"image\" itemscope=\"itemscope\" itemtype=\"https:\/\/schema.org\/ImageObject\"  ><div class='avia-image-container-inner'><div class='avia-image-overlay-wrap'><img decoding=\"async\" class='wp-image-9259 avia-img-lazy-loading-not-9259 avia_image' src=\"https:\/\/radiorevelacionfm.cl\/wp-content\/uploads\/2021\/10\/VHF-4-1-1.jpg\" alt='' title='VHF 4 (1) (1)' height=\"600\" width=\"800\"  itemprop=\"thumbnailUrl\" srcset=\"https:\/\/radiorevelacionfm.cl\/wp-content\/uploads\/2021\/10\/VHF-4-1-1.jpg 800w, https:\/\/radiorevelacionfm.cl\/wp-content\/uploads\/2021\/10\/VHF-4-1-1-300x225.jpg 300w, https:\/\/radiorevelacionfm.cl\/wp-content\/uploads\/2021\/10\/VHF-4-1-1-768x576.jpg 768w, https:\/\/radiorevelacionfm.cl\/wp-content\/uploads\/2021\/10\/VHF-4-1-1-705x529.jpg 705w, https:\/\/radiorevelacionfm.cl\/wp-content\/uploads\/2021\/10\/VHF-4-1-1-600x450.jpg 600w\" sizes=\"(max-width: 800px) 100vw, 800px\" \/><\/div><\/div><\/div><\/div><div class=\"flex_column av_one_full  flex_column_div av-zero-column-padding first  avia-builder-el-2  el_after_av_one_full  el_before_av_one_full  column-top-margin\" style='border-radius:0px; '><section class=\"av_textblock_section \"  itemscope=\"itemscope\" itemtype=\"https:\/\/schema.org\/BlogPosting\" itemprop=\"blogPost\" ><div class='avia_textblock  '   itemprop=\"text\" ><p style=\"text-align: center;\"><strong><span style=\"font-size: 18pt;\">Acci\u00f3n entre municipio de Lago Verde y Ej\u00e9rcito permiten instalar radio VHF a vecinos de zonas apartadas<\/span><\/strong><\/p>\n<div id=\"gtx-trans\" style=\"position: absolute; left: -50px; top: 4.31534px;\">\n<div class=\"gtx-trans-icon\"><\/div>\n<\/div>\n<\/div><\/section><\/div><div class=\"flex_column av_one_full  flex_column_div av-zero-column-padding first  avia-builder-el-4  el_after_av_one_full  el_before_av_hr  column-top-margin\" style='border-radius:0px; '><section class=\"av_textblock_section \"  itemscope=\"itemscope\" itemtype=\"https:\/\/schema.org\/BlogPosting\" itemprop=\"blogPost\" ><div class='avia_textblock  '   itemprop=\"text\" ><p style=\"text-align: justify;\">Proyecto postulado por el Municipio al Fondo Nacional de Seguridad P\u00fablica por un monto que bordea los 38 millones de pesos, siendo la \u00fanica comuna en la regi\u00f3n que logr\u00f3 obtener este financiamiento en particular.<\/p>\n<p style=\"text-align: justify;\">Existen sectores en la regi\u00f3n de Ays\u00e9n que son de muy dif\u00edcil acceso y que por su apartada ubicaci\u00f3n, no tienen acceso a la tecnolog\u00eda que entrega un tel\u00e9fono m\u00f3vil. Es en ese sentido que a trav\u00e9s de la gesti\u00f3n del Alcalde Nelson Opazo y el equipo t\u00e9cnico de la Municipalidad de Lago Verde, se han levantado iniciativas tendientes a entregar una alternativa de comunicaci\u00f3n para los habitantes.<\/p>\n<p style=\"text-align: justify;\">Es de esta forma que, gracias a fondos del nivel central se ha podido por estos d\u00edas realizar instalaci\u00f3n de radios VHF junto a toda la implementaci\u00f3n y de igual forma se han mejorado o renovado otras que ya hab\u00edan cumplido su vida \u00fatil. Acci\u00f3n que se ha podido llevar a cabo de manera conjunto entre el Municipio y el Ej\u00e9rcito de Chile.<\/p>\n<p style=\"text-align: justify;\">El Alcalde Nelson Opazo, relev\u00f3 que en este tipo de iniciativa haya beneficiado a varios vecinos de zonas rurales de la comuna, siendo el Municipio de Lago Verde, el \u00fanico en la regi\u00f3n en adjudicarse un proyecto de esta naturaleza.<\/p>\n<p style=\"text-align: justify;\">\u201cEn el contexto que significa trabajar permanentemente en mejorar los sistemas de comunicaci\u00f3n al interior de la comuna, estamos materializando este proyecto en torno a la instalaci\u00f3n de equipos de radio en los diferentes sectores m\u00e1s apartados de la comuna. Recordar a los vecinos que, este es un proyecto que postul\u00f3 el Municipio hace alg\u00fan tiempo y que en definitiva se adjudic\u00f3 a nivel nacional, \u00fanico Municipio en la regi\u00f3n favorecido con recursos para poder generar estos sistemas de comunicaci\u00f3n m\u00e1s eficientes para sus habitantes en el territorio\u201d.<\/p>\n<p style=\"text-align: justify;\">La m\u00e1xima autoridad de la comuna de Lago Verde, remarc\u00f3 el agradecimiento al Ej\u00e9rcito de Chile, por la importante colaboraci\u00f3n para entregar un medio de comunicaci\u00f3n a pobladores de distintos puntos del territorio comunal.<\/p>\n<p style=\"text-align: justify;\">\u201cUna vez m\u00e1s reconocer y agradecer el trabajo que se ha desarrollado en estos d\u00edas con el Ej\u00e9rcito de Chile, que cumpliendo un rol absolutamente preponderante en el quehacer comunal, est\u00e1 colabor\u00e1ndonos en toda la comuna, generando este proceso de instalaci\u00f3n de los equipos y renovaci\u00f3n de algunos de lo que ya estaban instalados. As\u00ed es que, esta es una iniciativa que mejora las condiciones de vida de nuestros vecinos y obviamente debemos destacar y reconocer el rol que juega el Ejercito, en t\u00e9rminos de apoyar a nuestros pobladores de los sectores m\u00e1s apartados\u201d.<\/p>\n<p style=\"text-align: justify;\">Esta es una alternativa de comunicaci\u00f3n gestionada por el Municipio, de igual forma se sigue trabajando para concretar al m\u00e1s breve plazo, la conexi\u00f3n de Villa La Tapera y Lago Verde a la fibra \u00f3ptica, como as\u00ed tambi\u00e9n, existen proyectos de antenas que conectar\u00e1n en el futuro pr\u00f3ximo a algunas zonas de la comuna al sistema de telefon\u00eda celular y transmisi\u00f3n de datos.<\/p>\n<\/div><\/section><\/div><div  style='height:50px' class='hr hr-invisible   avia-builder-el-6  el_after_av_one_full  el_before_av_social_share '><span class='hr-inner ' ><span class='hr-inner-style'><\/span><\/span><\/div><\/p>\n<div  class='av-social-sharing-box  avia-builder-el-7  el_after_av_hr  el_before_av_hr  '><div class='av-share-box'><h5 class='av-share-link-description av-no-toc '>Compartir esta noticia<\/h5><ul class='av-share-box-list noLightbox'><li class='av-share-link av-social-link-facebook' ><a target=\"_blank\" aria-label=\"Compartir en Facebook\" href='https:\/\/www.facebook.com\/sharer.php?u=https:\/\/radiorevelacionfm.cl\/?p=9258&#038;t=Acci%C3%B3n%20entre%20municipio%20de%20Lago%20Verde%20y%20Ej%C3%A9rcito%20permiten%20instalar%20radio%20VHF%20a%20vecinos%20de%20zonas%20apartadas' aria-hidden='false' data-av_icon='\ue8f3' data-av_iconfont='entypo-fontello' title='' data-avia-related-tooltip='Compartir en Facebook' rel=\"noopener\"><span class='avia_hidden_link_text'>Compartir en Facebook<\/span><\/a><\/li><li class='av-share-link av-social-link-twitter' ><a target=\"_blank\" aria-label=\"Compartir en Twitter\" href='https:\/\/twitter.com\/share?text=Acci%C3%B3n%20entre%20municipio%20de%20Lago%20Verde%20y%20Ej%C3%A9rcito%20permiten%20instalar%20radio%20VHF%20a%20vecinos%20de%20zonas%20apartadas&#038;url=https:\/\/radiorevelacionfm.cl\/?p=9258' aria-hidden='false' data-av_icon='\ue8f1' data-av_iconfont='entypo-fontello' title='' data-avia-related-tooltip='Compartir en Twitter' rel=\"noopener\"><span class='avia_hidden_link_text'>Compartir en Twitter<\/span><\/a><\/li><li class='av-share-link av-social-link-whatsapp' ><a target=\"_blank\" aria-label=\"Compartir en Whatsapp\" href='https:\/\/api.whatsapp.com\/send?text=https:\/\/radiorevelacionfm.cl\/?p=9258' aria-hidden='false' data-av_icon='\uf232' data-av_iconfont='entypo-fontello' title='' data-avia-related-tooltip='Compartir en Whatsapp' rel=\"noopener\"><span class='avia_hidden_link_text'>Compartir en Whatsapp<\/span><\/a><\/li><li class='av-share-link av-social-link-linkedin' ><a target=\"_blank\" aria-label=\"Compartir en LinkedIn\" href='https:\/\/linkedin.com\/shareArticle?mini=true&#038;title=Acci%C3%B3n%20entre%20municipio%20de%20Lago%20Verde%20y%20Ej%C3%A9rcito%20permiten%20instalar%20radio%20VHF%20a%20vecinos%20de%20zonas%20apartadas&#038;url=https:\/\/radiorevelacionfm.cl\/?p=9258' aria-hidden='false' data-av_icon='\ue8fc' data-av_iconfont='entypo-fontello' title='' data-avia-related-tooltip='Compartir en LinkedIn' rel=\"noopener\"><span class='avia_hidden_link_text'>Compartir en LinkedIn<\/span><\/a><\/li><li class='av-share-link av-social-link-mail' ><a  aria-label=\"Compartir por correo\" href='mailto:?subject=Acci%C3%B3n%20entre%20municipio%20de%20Lago%20Verde%20y%20Ej%C3%A9rcito%20permiten%20instalar%20radio%20VHF%20a%20vecinos%20de%20zonas%20apartadas&#038;body=https:\/\/radiorevelacionfm.cl\/?p=9258' aria-hidden='false' data-av_icon='\ue805' data-av_iconfont='entypo-fontello' title='' data-avia-related-tooltip='Compartir por correo'><span class='avia_hidden_link_text'>Compartir por correo<\/span><\/a><\/li><\/ul><\/div><\/div>\n<div  style='height:50px' class='hr hr-invisible   avia-builder-el-8  el_after_av_social_share  el_before_av_comments_list '><span class='hr-inner ' ><span class='hr-inner-style'><\/span><\/span><\/div>\n<div  class='av-buildercomment  av-blog-meta-html-info-disabled av-blog-meta-tag-disabled  '><\/div>\n","protected":false},"excerpt":{"rendered":"","protected":false},"author":1,"featured_media":9259,"comment_status":"open","ping_status":"open","sticky":false,"template":"","format":"standard","meta":{"footnotes":""},"categories":[38],"tags":[],"class_list":["post-9258","post","type-post","status-publish","format-standard","has-post-thumbnail","hentry","category-regional"],"jetpack_featured_media_url":"https:\/\/radiorevelacionfm.cl\/wp-content\/uploads\/2021\/10\/VHF-4-1-1.jpg","_links":{"self":[{"href":"https:\/\/radiorevelacionfm.cl\/index.php?rest_route=\/wp\/v2\/posts\/9258","targetHints":{"allow":["GET"]}}],"collection":[{"href":"https:\/\/radiorevelacionfm.cl\/index.php?rest_route=\/wp\/v2\/posts"}],"about":[{"href":"https:\/\/radiorevelacionfm.cl\/index.php?rest_route=\/wp\/v2\/types\/post"}],"author":[{"embeddable":true,"href":"https:\/\/radiorevelacionfm.cl\/index.php?rest_route=\/wp\/v2\/users\/1"}],"replies":[{"embeddable":true,"href":"https:\/\/radiorevelacionfm.cl\/index.php?rest_route=%2Fwp%2Fv2%2Fcomments&post=9258"}],"version-history":[{"count":1,"href":"https:\/\/radiorevelacionfm.cl\/index.php?rest_route=\/wp\/v2\/posts\/9258\/revisions"}],"predecessor-version":[{"id":9260,"href":"https:\/\/radiorevelacionfm.cl\/index.php?rest_route=\/wp\/v2\/posts\/9258\/revisions\/9260"}],"wp:featuredmedia":[{"embeddable":true,"href":"https:\/\/radiorevelacionfm.cl\/index.php?rest_route=\/wp\/v2\/media\/9259"}],"wp:attachment":[{"href":"https:\/\/radiorevelacionfm.cl\/index.php?rest_route=%2Fwp%2Fv2%2Fmedia&parent=9258"}],"wp:term":[{"taxonomy":"category","embeddable":true,"href":"https:\/\/radiorevelacionfm.cl\/index.php?rest_route=%2Fwp%2Fv2%2Fcategories&post=9258"},{"taxonomy":"post_tag","embeddable":true,"href":"https:\/\/radiorevelacionfm.cl\/index.php?rest_route=%2Fwp%2Fv2%2Ftags&post=9258"}],"curies":[{"name":"wp","href":"https:\/\/api.w.org\/{rel}","templated":true}]}}