{"id":9255,"date":"2021-10-03T16:36:46","date_gmt":"2021-10-03T19:36:46","guid":{"rendered":"https:\/\/radiorevelacionfm.cl\/?p=9255"},"modified":"2021-10-03T16:36:46","modified_gmt":"2021-10-03T19:36:46","slug":"destacan-y-citan-como-ejemplo-para-el-resto-de-la-region-multicancha-techada-de-cisnes","status":"publish","type":"post","link":"https:\/\/radiorevelacionfm.cl\/?p=9255","title":{"rendered":"Destacan y citan como ejemplo para el resto de la regi\u00f3n multicancha techada de Cisnes"},"content":{"rendered":"<div class=\"flex_column av_one_full  flex_column_div av-zero-column-padding first  avia-builder-el-0  el_before_av_one_full  avia-builder-el-first  \" style='border-radius:0px; '><div  class='avia-image-container  av-styling-    avia-builder-el-1  avia-builder-el-no-sibling  avia-align-center '  itemprop=\"image\" itemscope=\"itemscope\" itemtype=\"https:\/\/schema.org\/ImageObject\"  ><div class='avia-image-container-inner'><div class='avia-image-overlay-wrap'><img decoding=\"async\" class='wp-image-9256 avia-img-lazy-loading-not-9256 avia_image' src=\"https:\/\/radiorevelacionfm.cl\/wp-content\/uploads\/2021\/10\/MULTICANCHA-CISNES-1-1.jpg\" alt='' title='MULTICANCHA CISNES (1) (1)' height=\"600\" width=\"800\"  itemprop=\"thumbnailUrl\" srcset=\"https:\/\/radiorevelacionfm.cl\/wp-content\/uploads\/2021\/10\/MULTICANCHA-CISNES-1-1.jpg 800w, https:\/\/radiorevelacionfm.cl\/wp-content\/uploads\/2021\/10\/MULTICANCHA-CISNES-1-1-300x225.jpg 300w, https:\/\/radiorevelacionfm.cl\/wp-content\/uploads\/2021\/10\/MULTICANCHA-CISNES-1-1-768x576.jpg 768w, https:\/\/radiorevelacionfm.cl\/wp-content\/uploads\/2021\/10\/MULTICANCHA-CISNES-1-1-705x529.jpg 705w, https:\/\/radiorevelacionfm.cl\/wp-content\/uploads\/2021\/10\/MULTICANCHA-CISNES-1-1-600x450.jpg 600w\" sizes=\"(max-width: 800px) 100vw, 800px\" \/><\/div><\/div><\/div><\/div><div class=\"flex_column av_one_full  flex_column_div av-zero-column-padding first  avia-builder-el-2  el_after_av_one_full  el_before_av_one_full  column-top-margin\" style='border-radius:0px; '><section class=\"av_textblock_section \"  itemscope=\"itemscope\" itemtype=\"https:\/\/schema.org\/BlogPosting\" itemprop=\"blogPost\" ><div class='avia_textblock  '   itemprop=\"text\" ><p style=\"text-align: center;\"><strong><span style=\"font-size: 18pt;\">Destacan y citan como ejemplo para el resto de la regi\u00f3n multicancha techada de Cisnes<\/span><\/strong><\/p>\n<div id=\"gtx-trans\" style=\"position: absolute; left: -50px; top: 4.31534px;\">\n<div class=\"gtx-trans-icon\"><\/div>\n<\/div>\n<\/div><\/section><\/div><div class=\"flex_column av_one_full  flex_column_div av-zero-column-padding first  avia-builder-el-4  el_after_av_one_full  el_before_av_hr  column-top-margin\" style='border-radius:0px; '><section class=\"av_textblock_section \"  itemscope=\"itemscope\" itemtype=\"https:\/\/schema.org\/BlogPosting\" itemprop=\"blogPost\" ><div class='avia_textblock  '   itemprop=\"text\" ><p style=\"text-align: justify;\">En su reciente visita a Puerto Cisnes, el Consejero Regional de la Provincia de Ays\u00e9n, Sergio Gonz\u00e1lez B\u00f3rquez, pudo visitar algunas de las obras que se han ejecutado con recursos del Gobierno Regional, una de ellas es la multicancha del sector \u201cColonos\u201d en la tambi\u00e9n denominada \u201cperla del litoral\u201d.<\/p>\n<p style=\"text-align: justify;\">Lo particular del espacio deportivo es que cuenta con techo, considerando las condiciones clim\u00e1ticas que predominan en el territorio y que la lluvia impide practicar algunas disciplinas. Por ello, la Municipalidad de Cisnes desarroll\u00f3 un proyecto que hoy tiene a disposici\u00f3n de la comunidad, un espacio totalmente techado.<\/p>\n<p style=\"text-align: justify;\">Este tipo de infraestructuras es un reclamo constante de quienes realizan deporte en la regi\u00f3n, por ello, el Consejero Gonz\u00e1lez, cit\u00f3 al Municipio de Cisnes como ejemplo a seguir por otras comunas en base a iniciativas tan necesarias y \u00fatiles como la antes se\u00f1alada.<\/p>\n<p style=\"text-align: justify;\">\u201cGenera preocupaci\u00f3n de los deportistas en que varias multicanchas que existen en la regi\u00f3n, no cuentan con un recinto techado, por ello, creo que es importante destacar la iniciativa que se tuvo a trav\u00e9s del mejoramiento de multicancha en el sector Colonos en Puerto Cisnes. Esto lo hizo el Municipio, presentando un proyecto sobre 200 millones de pesos y que permiti\u00f3 el techado de esta multicancha. Hoy gratamente uno puede visitarlo y darse cuenta que quedo un proyecto muy pertinente al clima que tenemos en esta localidad. Creo que es importante destacar esto y hacer el llamado al resto de los municipios de la regi\u00f3n a poder copiar, porque lo que se hace bien se copia y esta es una buena idea\u201d.<\/p>\n<p style=\"text-align: justify;\">En tanto, el Alcalde de la comuna de Cisnes, Francisco Roncagliolo Lepio, agradeci\u00f3 el reconocimiento que hace el Consejero Gonz\u00e1lez, ante la iniciativa y agreg\u00f3 que la idea es ir adaptando o creando nuevos espacios que respondan a las necesidades de la comunidad y sus localidades que han ido creciendo.<\/p>\n<p style=\"text-align: justify;\">\u201cTenemos que ir avanzando en techar varios espacios p\u00fablicos como multicanchas, pero tambi\u00e9n tenemos que ir pensando en crear infraestructura que se acomode, no solamente a una condici\u00f3n clim\u00e1tica sino que a las necesidades de hoy de nuestras comunidades que han ido creciendo, que se han ido desarrollando y obviamente a medida que va aumentando la poblaci\u00f3n, se va necesitando nuevos espacios donde poder realizar actividades. Y como Municipio agradecemos el gesto del Consejero Sergio Gonz\u00e1lez, por mencionar este avance que vamos desarrollando y nuestra infraestructura que se va adaptando a las condiciones clim\u00e1ticas y necesidades nuestra poblaci\u00f3n, m\u00e1s aun cuando son proyectos que han sido financiados por Gobierno Regional de Ays\u00e9n y que han sido apoyados \u00edntegramente por todos nuestros Consejeros y Consejeras Regionales\u201d.<\/p>\n<p style=\"text-align: justify;\">La Municipalidad de Cisnes, continua el trabajo en base a un desarrollo integral de la comuna, donde la recuperaci\u00f3n y mejoramiento de espacios p\u00fablicos son parte fundamental.<\/p>\n<\/div><\/section><\/div><div  style='height:50px' class='hr hr-invisible   avia-builder-el-6  el_after_av_one_full  el_before_av_social_share '><span class='hr-inner ' ><span class='hr-inner-style'><\/span><\/span><\/div><\/p>\n<div  class='av-social-sharing-box  avia-builder-el-7  el_after_av_hr  el_before_av_hr  '><div class='av-share-box'><h5 class='av-share-link-description av-no-toc '>Compartir esta noticia<\/h5><ul class='av-share-box-list noLightbox'><li class='av-share-link av-social-link-facebook' ><a target=\"_blank\" aria-label=\"Compartir en Facebook\" href='https:\/\/www.facebook.com\/sharer.php?u=https:\/\/radiorevelacionfm.cl\/?p=9255&#038;t=Destacan%20y%20citan%20como%20ejemplo%20para%20el%20resto%20de%20la%20regi%C3%B3n%20multicancha%20techada%20de%20Cisnes' aria-hidden='false' data-av_icon='\ue8f3' data-av_iconfont='entypo-fontello' title='' data-avia-related-tooltip='Compartir en Facebook' rel=\"noopener\"><span class='avia_hidden_link_text'>Compartir en Facebook<\/span><\/a><\/li><li class='av-share-link av-social-link-twitter' ><a target=\"_blank\" aria-label=\"Compartir en Twitter\" href='https:\/\/twitter.com\/share?text=Destacan%20y%20citan%20como%20ejemplo%20para%20el%20resto%20de%20la%20regi%C3%B3n%20multicancha%20techada%20de%20Cisnes&#038;url=https:\/\/radiorevelacionfm.cl\/?p=9255' aria-hidden='false' data-av_icon='\ue8f1' data-av_iconfont='entypo-fontello' title='' data-avia-related-tooltip='Compartir en Twitter' rel=\"noopener\"><span class='avia_hidden_link_text'>Compartir en Twitter<\/span><\/a><\/li><li class='av-share-link av-social-link-whatsapp' ><a target=\"_blank\" aria-label=\"Compartir en Whatsapp\" href='https:\/\/api.whatsapp.com\/send?text=https:\/\/radiorevelacionfm.cl\/?p=9255' aria-hidden='false' data-av_icon='\uf232' data-av_iconfont='entypo-fontello' title='' data-avia-related-tooltip='Compartir en Whatsapp' rel=\"noopener\"><span class='avia_hidden_link_text'>Compartir en Whatsapp<\/span><\/a><\/li><li class='av-share-link av-social-link-linkedin' ><a target=\"_blank\" aria-label=\"Compartir en LinkedIn\" href='https:\/\/linkedin.com\/shareArticle?mini=true&#038;title=Destacan%20y%20citan%20como%20ejemplo%20para%20el%20resto%20de%20la%20regi%C3%B3n%20multicancha%20techada%20de%20Cisnes&#038;url=https:\/\/radiorevelacionfm.cl\/?p=9255' aria-hidden='false' data-av_icon='\ue8fc' data-av_iconfont='entypo-fontello' title='' data-avia-related-tooltip='Compartir en LinkedIn' rel=\"noopener\"><span class='avia_hidden_link_text'>Compartir en LinkedIn<\/span><\/a><\/li><li class='av-share-link av-social-link-mail' ><a  aria-label=\"Compartir por correo\" href='mailto:?subject=Destacan%20y%20citan%20como%20ejemplo%20para%20el%20resto%20de%20la%20regi%C3%B3n%20multicancha%20techada%20de%20Cisnes&#038;body=https:\/\/radiorevelacionfm.cl\/?p=9255' aria-hidden='false' data-av_icon='\ue805' data-av_iconfont='entypo-fontello' title='' data-avia-related-tooltip='Compartir por correo'><span class='avia_hidden_link_text'>Compartir por correo<\/span><\/a><\/li><\/ul><\/div><\/div>\n<div  style='height:50px' class='hr hr-invisible   avia-builder-el-8  el_after_av_social_share  el_before_av_comments_list '><span class='hr-inner ' ><span class='hr-inner-style'><\/span><\/span><\/div>\n<div  class='av-buildercomment  av-blog-meta-html-info-disabled av-blog-meta-tag-disabled  '><\/div>\n","protected":false},"excerpt":{"rendered":"","protected":false},"author":1,"featured_media":9256,"comment_status":"open","ping_status":"open","sticky":false,"template":"","format":"standard","meta":{"footnotes":""},"categories":[38],"tags":[],"class_list":["post-9255","post","type-post","status-publish","format-standard","has-post-thumbnail","hentry","category-regional"],"jetpack_featured_media_url":"https:\/\/radiorevelacionfm.cl\/wp-content\/uploads\/2021\/10\/MULTICANCHA-CISNES-1-1.jpg","_links":{"self":[{"href":"https:\/\/radiorevelacionfm.cl\/index.php?rest_route=\/wp\/v2\/posts\/9255","targetHints":{"allow":["GET"]}}],"collection":[{"href":"https:\/\/radiorevelacionfm.cl\/index.php?rest_route=\/wp\/v2\/posts"}],"about":[{"href":"https:\/\/radiorevelacionfm.cl\/index.php?rest_route=\/wp\/v2\/types\/post"}],"author":[{"embeddable":true,"href":"https:\/\/radiorevelacionfm.cl\/index.php?rest_route=\/wp\/v2\/users\/1"}],"replies":[{"embeddable":true,"href":"https:\/\/radiorevelacionfm.cl\/index.php?rest_route=%2Fwp%2Fv2%2Fcomments&post=9255"}],"version-history":[{"count":1,"href":"https:\/\/radiorevelacionfm.cl\/index.php?rest_route=\/wp\/v2\/posts\/9255\/revisions"}],"predecessor-version":[{"id":9257,"href":"https:\/\/radiorevelacionfm.cl\/index.php?rest_route=\/wp\/v2\/posts\/9255\/revisions\/9257"}],"wp:featuredmedia":[{"embeddable":true,"href":"https:\/\/radiorevelacionfm.cl\/index.php?rest_route=\/wp\/v2\/media\/9256"}],"wp:attachment":[{"href":"https:\/\/radiorevelacionfm.cl\/index.php?rest_route=%2Fwp%2Fv2%2Fmedia&parent=9255"}],"wp:term":[{"taxonomy":"category","embeddable":true,"href":"https:\/\/radiorevelacionfm.cl\/index.php?rest_route=%2Fwp%2Fv2%2Fcategories&post=9255"},{"taxonomy":"post_tag","embeddable":true,"href":"https:\/\/radiorevelacionfm.cl\/index.php?rest_route=%2Fwp%2Fv2%2Ftags&post=9255"}],"curies":[{"name":"wp","href":"https:\/\/api.w.org\/{rel}","templated":true}]}}