{"id":9249,"date":"2021-10-03T16:02:13","date_gmt":"2021-10-03T19:02:13","guid":{"rendered":"https:\/\/radiorevelacionfm.cl\/?p=9249"},"modified":"2021-10-03T16:02:13","modified_gmt":"2021-10-03T19:02:13","slug":"estan-abiertas-las-convocatorias-para-los-programas-semilla-inicia-y-escalamiento-de-corfo","status":"publish","type":"post","link":"https:\/\/radiorevelacionfm.cl\/?p=9249","title":{"rendered":"Est\u00e1n abiertas las convocatorias para los programas Semilla Inicia y Escalamiento de Corfo"},"content":{"rendered":"<div class=\"flex_column av_one_full  flex_column_div av-zero-column-padding first  avia-builder-el-0  el_before_av_one_full  avia-builder-el-first  \" style='border-radius:0px; '><div  class='avia-image-container  av-styling-    avia-builder-el-1  avia-builder-el-no-sibling  avia-align-center '  itemprop=\"image\" itemscope=\"itemscope\" itemtype=\"https:\/\/schema.org\/ImageObject\"  ><div class='avia-image-container-inner'><div class='avia-image-overlay-wrap'><img decoding=\"async\" class='wp-image-9251 avia-img-lazy-loading-not-9251 avia_image' src=\"https:\/\/radiorevelacionfm.cl\/wp-content\/uploads\/2021\/10\/211003-SE-Corfo-03-1-1.jpg\" alt='' title='211003 SE Corfo 03 (1) (1)' height=\"600\" width=\"900\"  itemprop=\"thumbnailUrl\" srcset=\"https:\/\/radiorevelacionfm.cl\/wp-content\/uploads\/2021\/10\/211003-SE-Corfo-03-1-1.jpg 900w, https:\/\/radiorevelacionfm.cl\/wp-content\/uploads\/2021\/10\/211003-SE-Corfo-03-1-1-300x200.jpg 300w, https:\/\/radiorevelacionfm.cl\/wp-content\/uploads\/2021\/10\/211003-SE-Corfo-03-1-1-768x512.jpg 768w, https:\/\/radiorevelacionfm.cl\/wp-content\/uploads\/2021\/10\/211003-SE-Corfo-03-1-1-705x470.jpg 705w, https:\/\/radiorevelacionfm.cl\/wp-content\/uploads\/2021\/10\/211003-SE-Corfo-03-1-1-600x400.jpg 600w\" sizes=\"(max-width: 900px) 100vw, 900px\" \/><\/div><\/div><\/div><\/div><div class=\"flex_column av_one_full  flex_column_div av-zero-column-padding first  avia-builder-el-2  el_after_av_one_full  el_before_av_one_full  column-top-margin\" style='border-radius:0px; '><section class=\"av_textblock_section \"  itemscope=\"itemscope\" itemtype=\"https:\/\/schema.org\/BlogPosting\" itemprop=\"blogPost\" ><div class='avia_textblock  '   itemprop=\"text\" ><p style=\"text-align: center;\"><strong><span style=\"font-size: 18pt;\">Est\u00e1n abiertas las convocatorias para los programas Semilla Inicia y Escalamiento de Corfo<\/span><\/strong><\/p>\n<div id=\"gtx-trans\" style=\"position: absolute; left: -50px; top: 4.31534px;\">\n<div class=\"gtx-trans-icon\"><\/div>\n<\/div>\n<\/div><\/section><\/div><div class=\"flex_column av_one_full  flex_column_div av-zero-column-padding first  avia-builder-el-4  el_after_av_one_full  el_before_av_hr  column-top-margin\" style='border-radius:0px; '><section class=\"av_textblock_section \"  itemscope=\"itemscope\" itemtype=\"https:\/\/schema.org\/BlogPosting\" itemprop=\"blogPost\" ><div class='avia_textblock  '   itemprop=\"text\" ><p style=\"font-weight: 400; text-align: justify;\">Hasta el 20 de octubre estar\u00e1n abiertas las \u00faltimas convocatorias del a\u00f1o de dos programas de emprendimiento de\u00a0<a href=\"https:\/\/www.corfo.cl\/sites\/cpp\/homecorfo\" data-saferedirecturl=\"https:\/\/www.google.com\/url?q=https:\/\/www.corfo.cl\/sites\/cpp\/homecorfo&amp;source=gmail&amp;ust=1633372973785000&amp;usg=AFQjCNGhuwQEZrR0ZlTUDvj4bif3IevFIw\">Corfo<\/a>. Se trata de\u00a0<a href=\"https:\/\/www.corfo.cl\/sites\/cpp\/convocatorias\/semilla_inicia\" data-saferedirecturl=\"https:\/\/www.google.com\/url?q=https:\/\/www.corfo.cl\/sites\/cpp\/convocatorias\/semilla_inicia&amp;source=gmail&amp;ust=1633372973786000&amp;usg=AFQjCNFsGCBMLcQWzF5UH9Vvm_Xe_RWvkA\">Semilla Inicia<\/a>\u00a0y\u00a0<a href=\"https:\/\/www.corfo.cl\/sites\/cpp\/convocatorias\/escalamiento\" data-saferedirecturl=\"https:\/\/www.google.com\/url?q=https:\/\/www.corfo.cl\/sites\/cpp\/convocatorias\/escalamiento&amp;source=gmail&amp;ust=1633372973786000&amp;usg=AFQjCNEa45Hjguz_nXK9I97OvES8u9OyFQ\">Escalamiento<\/a>, que entregan apoyo con focos diferenciados seg\u00fan tipo de beneficiarios y nivel de desarrollo de sus negocios. Adem\u00e1s, este llamado incluye un mayor porcentaje de cofinanciamiento para proyectos liderados por mujeres.<\/p>\n<p style=\"font-weight: 400; text-align: justify;\">As\u00ed lo inform\u00f3 Omar Mu\u00f1oz Sierra, director de Corfo Ays\u00e9n, quien detall\u00f3 que \u201cel emprendimiento cumple un rol clave en la reactivaci\u00f3n econ\u00f3mica y sostenible, para nuestro pa\u00eds. Por ello, como Corfo buscamos seguir impulsando la competitividad, a fin de seguir abriendo el camino a nuevos mercados.\u00a0A trav\u00e9s de estos llamados, como Corporaci\u00f3n buscamos entregar cofinanciamiento y servicios de apoyo emprendedores y emprendedoras, seg\u00fan las etapas de desarrollo en las que se encuentren sus negocios\u201d.<\/p>\n<p style=\"font-weight: 400; text-align: justify;\">Los detalles de los programas abiertos, cuyo llamado es a nivel nacional, son:<\/p>\n<p style=\"font-weight: 400; text-align: justify;\"><a href=\"https:\/\/www.corfo.cl\/sites\/cpp\/convocatorias\/semilla_inicia\" data-saferedirecturl=\"https:\/\/www.google.com\/url?q=https:\/\/www.corfo.cl\/sites\/cpp\/convocatorias\/semilla_inicia&amp;source=gmail&amp;ust=1633372973786000&amp;usg=AFQjCNFsGCBMLcQWzF5UH9Vvm_Xe_RWvkA\"><strong>Semilla Inicia:<\/strong><\/a> destinado a aquellos emprendimientos en fase de idea, que se puedan implementar r\u00e1pidamente, cofinanciando actividades para que logren su validaci\u00f3n t\u00e9cnica y comercial. En este caso, Corfo cofinanciar\u00e1 el 75% del costo total del proyecto, con un tope de hasta $15.000.000. En el caso de aquellos emprendimientos que sean liderado por mujeres, el cofinanciamiento alcanzar\u00e1 hasta un 85%.<\/p>\n<p style=\"font-weight: 400; text-align: justify;\"><a href=\"https:\/\/www.corfo.cl\/sites\/cpp\/convocatorias\/escalamiento\" data-saferedirecturl=\"https:\/\/www.google.com\/url?q=https:\/\/www.corfo.cl\/sites\/cpp\/convocatorias\/escalamiento&amp;source=gmail&amp;ust=1633372973786000&amp;usg=AFQjCNEa45Hjguz_nXK9I97OvES8u9OyFQ\"><strong>Programa Escalamiento:<\/strong><\/a> destinado a aquellos emprendimientos que ya hayan finalizado sus etapas de creaci\u00f3n y puesta en marcha, y actualmente est\u00e9n enfocados en fomentar su expansi\u00f3n comercial, internacionalizaci\u00f3n y levantamiento de inversi\u00f3n privada. El apoyo Corfo para estos proyectos es de hasta el 70% de su costo total, con un tope de hasta\u00a0$60.000.000. Y si son liderados por mujeres, el cofinanciamiento alcanzar\u00e1 hasta un 80%.<\/p>\n<p style=\"font-weight: 400; text-align: justify;\">Las postulaciones de ambos programas estar\u00e1n disponibles hasta el\u00a0<strong>mi\u00e9rcoles 20 de octubre de 2021,\u00a0<\/strong>a trav\u00e9s de<strong>\u00a0<\/strong><a href=\"http:\/\/www.corfo.cl\/\" data-saferedirecturl=\"https:\/\/www.google.com\/url?q=http:\/\/www.corfo.cl&amp;source=gmail&amp;ust=1633372973786000&amp;usg=AFQjCNGqFp44Nh197fJ7_Dmhk84PUK2XIQ\">www.corfo.cl<\/a>, secci\u00f3n \u2018Programas y convocatorias\u2019.\u00a0M\u00e1s informaci\u00f3n 67-2451250 o al correo\u00a0<a href=\"mailto:hsotomayor@corfo.cl\">hsotomayor@corfo.cl<\/a><\/p>\n<p style=\"text-align: justify;\"><strong>\u00a0<\/strong><\/p>\n<\/div><\/section><\/div><div  style='height:50px' class='hr hr-invisible   avia-builder-el-6  el_after_av_one_full  el_before_av_social_share '><span class='hr-inner ' ><span class='hr-inner-style'><\/span><\/span><\/div><\/p>\n<div  class='av-social-sharing-box  avia-builder-el-7  el_after_av_hr  el_before_av_hr  '><div class='av-share-box'><h5 class='av-share-link-description av-no-toc '>Compartir esta noticia<\/h5><ul class='av-share-box-list noLightbox'><li class='av-share-link av-social-link-facebook' ><a target=\"_blank\" aria-label=\"Compartir en Facebook\" href='https:\/\/www.facebook.com\/sharer.php?u=https:\/\/radiorevelacionfm.cl\/?p=9249&#038;t=Est%C3%A1n%20abiertas%20las%20convocatorias%20para%20los%20programas%20Semilla%20Inicia%20y%20Escalamiento%20de%20Corfo' aria-hidden='false' data-av_icon='\ue8f3' data-av_iconfont='entypo-fontello' title='' data-avia-related-tooltip='Compartir en Facebook' rel=\"noopener\"><span class='avia_hidden_link_text'>Compartir en Facebook<\/span><\/a><\/li><li class='av-share-link av-social-link-twitter' ><a target=\"_blank\" aria-label=\"Compartir en Twitter\" href='https:\/\/twitter.com\/share?text=Est%C3%A1n%20abiertas%20las%20convocatorias%20para%20los%20programas%20Semilla%20Inicia%20y%20Escalamiento%20de%20Corfo&#038;url=https:\/\/radiorevelacionfm.cl\/?p=9249' aria-hidden='false' data-av_icon='\ue8f1' data-av_iconfont='entypo-fontello' title='' data-avia-related-tooltip='Compartir en Twitter' rel=\"noopener\"><span class='avia_hidden_link_text'>Compartir en Twitter<\/span><\/a><\/li><li class='av-share-link av-social-link-whatsapp' ><a target=\"_blank\" aria-label=\"Compartir en Whatsapp\" href='https:\/\/api.whatsapp.com\/send?text=https:\/\/radiorevelacionfm.cl\/?p=9249' aria-hidden='false' data-av_icon='\uf232' data-av_iconfont='entypo-fontello' title='' data-avia-related-tooltip='Compartir en Whatsapp' rel=\"noopener\"><span class='avia_hidden_link_text'>Compartir en Whatsapp<\/span><\/a><\/li><li class='av-share-link av-social-link-linkedin' ><a target=\"_blank\" aria-label=\"Compartir en LinkedIn\" href='https:\/\/linkedin.com\/shareArticle?mini=true&#038;title=Est%C3%A1n%20abiertas%20las%20convocatorias%20para%20los%20programas%20Semilla%20Inicia%20y%20Escalamiento%20de%20Corfo&#038;url=https:\/\/radiorevelacionfm.cl\/?p=9249' aria-hidden='false' data-av_icon='\ue8fc' data-av_iconfont='entypo-fontello' title='' data-avia-related-tooltip='Compartir en LinkedIn' rel=\"noopener\"><span class='avia_hidden_link_text'>Compartir en LinkedIn<\/span><\/a><\/li><li class='av-share-link av-social-link-mail' ><a  aria-label=\"Compartir por correo\" href='mailto:?subject=Est%C3%A1n%20abiertas%20las%20convocatorias%20para%20los%20programas%20Semilla%20Inicia%20y%20Escalamiento%20de%20Corfo&#038;body=https:\/\/radiorevelacionfm.cl\/?p=9249' aria-hidden='false' data-av_icon='\ue805' data-av_iconfont='entypo-fontello' title='' data-avia-related-tooltip='Compartir por correo'><span class='avia_hidden_link_text'>Compartir por correo<\/span><\/a><\/li><\/ul><\/div><\/div>\n<div  style='height:50px' class='hr hr-invisible   avia-builder-el-8  el_after_av_social_share  el_before_av_comments_list '><span class='hr-inner ' ><span class='hr-inner-style'><\/span><\/span><\/div>\n<div  class='av-buildercomment  av-blog-meta-html-info-disabled av-blog-meta-tag-disabled  '><\/div>\n","protected":false},"excerpt":{"rendered":"","protected":false},"author":1,"featured_media":9251,"comment_status":"open","ping_status":"open","sticky":false,"template":"","format":"standard","meta":{"footnotes":""},"categories":[37],"tags":[],"class_list":["post-9249","post","type-post","status-publish","format-standard","has-post-thumbnail","hentry","category-economia"],"jetpack_featured_media_url":"https:\/\/radiorevelacionfm.cl\/wp-content\/uploads\/2021\/10\/211003-SE-Corfo-03-1-1.jpg","_links":{"self":[{"href":"https:\/\/radiorevelacionfm.cl\/index.php?rest_route=\/wp\/v2\/posts\/9249","targetHints":{"allow":["GET"]}}],"collection":[{"href":"https:\/\/radiorevelacionfm.cl\/index.php?rest_route=\/wp\/v2\/posts"}],"about":[{"href":"https:\/\/radiorevelacionfm.cl\/index.php?rest_route=\/wp\/v2\/types\/post"}],"author":[{"embeddable":true,"href":"https:\/\/radiorevelacionfm.cl\/index.php?rest_route=\/wp\/v2\/users\/1"}],"replies":[{"embeddable":true,"href":"https:\/\/radiorevelacionfm.cl\/index.php?rest_route=%2Fwp%2Fv2%2Fcomments&post=9249"}],"version-history":[{"count":1,"href":"https:\/\/radiorevelacionfm.cl\/index.php?rest_route=\/wp\/v2\/posts\/9249\/revisions"}],"predecessor-version":[{"id":9252,"href":"https:\/\/radiorevelacionfm.cl\/index.php?rest_route=\/wp\/v2\/posts\/9249\/revisions\/9252"}],"wp:featuredmedia":[{"embeddable":true,"href":"https:\/\/radiorevelacionfm.cl\/index.php?rest_route=\/wp\/v2\/media\/9251"}],"wp:attachment":[{"href":"https:\/\/radiorevelacionfm.cl\/index.php?rest_route=%2Fwp%2Fv2%2Fmedia&parent=9249"}],"wp:term":[{"taxonomy":"category","embeddable":true,"href":"https:\/\/radiorevelacionfm.cl\/index.php?rest_route=%2Fwp%2Fv2%2Fcategories&post=9249"},{"taxonomy":"post_tag","embeddable":true,"href":"https:\/\/radiorevelacionfm.cl\/index.php?rest_route=%2Fwp%2Fv2%2Ftags&post=9249"}],"curies":[{"name":"wp","href":"https:\/\/api.w.org\/{rel}","templated":true}]}}