{"id":9243,"date":"2021-10-04T10:43:32","date_gmt":"2021-10-04T13:43:32","guid":{"rendered":"https:\/\/radiorevelacionfm.cl\/?p=9243"},"modified":"2021-10-04T10:43:32","modified_gmt":"2021-10-04T13:43:32","slug":"un-cuarto-de-los-gases-de-efecto-invernadero-de-chile-lo-generan-cuatro-empresas-electricas","status":"publish","type":"post","link":"https:\/\/radiorevelacionfm.cl\/?p=9243","title":{"rendered":"Un cuarto de los gases de efecto invernadero de Chile lo generan cuatro empresas el\u00e9ctricas"},"content":{"rendered":"<div class=\"flex_column av_one_full  flex_column_div av-zero-column-padding first  avia-builder-el-0  el_before_av_one_full  avia-builder-el-first  \" style='border-radius:0px; '><div  class='avia-image-container  av-styling-    avia-builder-el-1  avia-builder-el-no-sibling  avia-align-center '  itemprop=\"image\" itemscope=\"itemscope\" itemtype=\"https:\/\/schema.org\/ImageObject\"  ><div class='avia-image-container-inner'><div class='avia-image-overlay-wrap'><img decoding=\"async\" class='wp-image-9244 avia-img-lazy-loading-not-9244 avia_image' src=\"https:\/\/radiorevelacionfm.cl\/wp-content\/uploads\/2021\/10\/gases-efecto-invernadero1-1-1.jpg\" alt='' title='gases-efecto-invernadero1 (1) (1)' height=\"600\" width=\"909\"  itemprop=\"thumbnailUrl\" srcset=\"https:\/\/radiorevelacionfm.cl\/wp-content\/uploads\/2021\/10\/gases-efecto-invernadero1-1-1.jpg 909w, https:\/\/radiorevelacionfm.cl\/wp-content\/uploads\/2021\/10\/gases-efecto-invernadero1-1-1-300x198.jpg 300w, https:\/\/radiorevelacionfm.cl\/wp-content\/uploads\/2021\/10\/gases-efecto-invernadero1-1-1-768x507.jpg 768w, https:\/\/radiorevelacionfm.cl\/wp-content\/uploads\/2021\/10\/gases-efecto-invernadero1-1-1-705x465.jpg 705w, https:\/\/radiorevelacionfm.cl\/wp-content\/uploads\/2021\/10\/gases-efecto-invernadero1-1-1-600x396.jpg 600w\" sizes=\"(max-width: 909px) 100vw, 909px\" \/><\/div><\/div><\/div><\/div><div class=\"flex_column av_one_full  flex_column_div av-zero-column-padding first  avia-builder-el-2  el_after_av_one_full  el_before_av_one_full  column-top-margin\" style='border-radius:0px; '><section class=\"av_textblock_section \"  itemscope=\"itemscope\" itemtype=\"https:\/\/schema.org\/BlogPosting\" itemprop=\"blogPost\" ><div class='avia_textblock  '   itemprop=\"text\" ><p style=\"text-align: center;\"><span style=\"font-size: 18pt;\"><b><span lang=\"ES\">Un cuarto de los gases de efecto invernadero de Chile lo generan <\/span><\/b><b><span lang=\"X-NONE\">cuatro empresas el\u00e9ctricas<\/span><\/b><\/span><\/p>\n<div id=\"gtx-trans\" style=\"position: absolute; left: -50px; top: 4.31534px;\">\n<div class=\"gtx-trans-icon\"><\/div>\n<\/div>\n<\/div><\/section><\/div><div class=\"flex_column av_one_full  flex_column_div av-zero-column-padding first  avia-builder-el-4  el_after_av_one_full  el_before_av_hr  column-top-margin\" style='border-radius:0px; '><section class=\"av_textblock_section \"  itemscope=\"itemscope\" itemtype=\"https:\/\/schema.org\/BlogPosting\" itemprop=\"blogPost\" ><div class='avia_textblock  '   itemprop=\"text\" ><p class=\"v1MsoNormal\" style=\"text-align: justify;\"><span lang=\"ES\">La Comisi<\/span><span lang=\"X-NONE\">\u00f3n de Miner\u00eda y Energ\u00eda del Senado continu\u00f3 esta semana el an\u00e1lisis del\u00a0<a href=\"https:\/\/www.senado.cl\/appsenado\/templates\/tramitacion\/index.php?boletin_ini=13196-12\" target=\"_blank\" rel=\"noopener noreferrer\">proyecto de ley<\/a> que proh\u00edbe la instalaci\u00f3n y funcionamiento de centrales termoel\u00e9ctricas a carb\u00f3n en todo el pa\u00eds, a partir de 2025. La iniciativa fue ingresada en enero de 2020 en la C\u00e1mara de Diputados, que la aprob\u00f3 el 22 de junio de este a\u00f1o y encontr\u00e1ndose hoy en segundo tr\u00e1mite constitucional.<\/span><\/p>\n<p class=\"v1MsoNormal\" style=\"text-align: justify;\"><span lang=\"X-NONE\">En la\u00a0<a href=\"https:\/\/www.senado.cl\/appsenado\/index.php?mo=comisiones&amp;ac=sesiones_celebradas&amp;idcomision=196&amp;tipo=3&amp;legi=0&amp;ano=2021&amp;desde=0&amp;hasta=0&amp;comi_nombre=de%20Miner%C3%ADa%20y%20Energ%C3%ADa&amp;idsesion=17086&amp;idpunto=nada&amp;fecha=29\/09\/2021&amp;inicio=11:00&amp;termino=&amp;lugar=&amp;listado=2\" target=\"_blank\" rel=\"noopener noreferrer\">ocasi\u00f3n<\/a>\u00a0expusieron la directora ejecutiva del Programa Chile Sustentable Sara Larra\u00edn Ruiz-Tagle, y el director ejecutivo de la Asociaci\u00f3n Chilena de Energ\u00edas Renovables Alternativas (ACERA) Carlos Finat D\u00edaz, junto al presidente de la organizaci\u00f3n Jos\u00e9 Ignacio Escobar.<\/span><\/p>\n<p class=\"v1MsoNormal\" style=\"text-align: justify;\"><span lang=\"X-NONE\">En su presentaci\u00f3n, Larra\u00edn record\u00f3 a los legisladores que un 78 % de los gases de efecto invernadero provienen del sector energ\u00eda, seg\u00fan el inventario\u00a0\u00a0de emisiones elaborado en conjunto por los ministerios de Medio Ambiente y Energ\u00eda. Porcentaje dentro del cual el 32 % es electricidad, siendo el 25 % del total global de las emisiones generado por las carboneras. \u00abEs decir, un cuarto de la emisiones de nuestro pa\u00eds implican generaci\u00f3n a carb\u00f3n, operada por cuatro actores importantes con capacidad t\u00e9cnica y econ\u00f3mica para hacer las transformaciones en el corto plazo\u00bb se\u00f1al\u00f3, apuntando directamente a Enel (Italia), Engie (Francia), AES Gener (Estados Unidos) y Colb\u00fan (Chile).<\/span><\/p>\n<p class=\"v1MsoNormal\" style=\"text-align: justify;\"><span lang=\"X-NONE\">Puntualiz\u00f3 que, luego de los consecutivos anuncios y compromisos realizados por el gobierno y las empresas, a diciembre de 2025 un total de 18 centrales de las que operan en la actualidad habr\u00e1n dejado de funcionar o ser\u00e1n reconvertidas a otras tecnolog\u00edas.\u00a0\u00a0Esto significa que \u00ablo que queda sin compromiso de cierre es un total de 1.675 MW correspondiente a 10 centrales, cuya fecha l\u00edmite ser\u00eda el a\u00f1o 2040\u00bb. \u00c9stas pertenecen a AES Gener, Colb\u00fan y Capital Advisors (que adquiri\u00f3 Guacolda a AES Gener).<\/span><\/p>\n<p class=\"v1MsoNormal\" style=\"text-align: justify;\"><span lang=\"X-NONE\">Por ello, considera Sara Larra\u00edn, cerrar esta decena de generadoras es una meta acotada posible de cumplir y que \u00abs\u00ed se puede terminar con el parque carbonero al a\u00f1o 2025, 2026 o 2027, porque no se proyectan problemas de suministro el\u00e9ctrico en el corto plazo\u00bb. Esto, en sinton\u00eda con los estudios prospectivos realizados por <a href=\"https:\/\/radio.uchile.cl\/2021\/09\/19\/fuerte-impulso-a-las-energias-renovables-no-convencionales-permitiria-adelantar-la-descarbonizacion-total-al-2030\/\" target=\"_blank\" rel=\"noopener noreferrer\">Chile Sustentable<\/a>\u00a0y sectores acad\u00e9micos, que dejan en evidencia que todas las termoel\u00e9ctricas a carb\u00f3n pueden ser cerradas al 2030.<\/span><\/p>\n<p class=\"v1MsoNormal\" style=\"text-align: justify;\"><span lang=\"X-NONE\">A su vez Finat puntualiz\u00f3 que para ir desplazando la termoelectricidad \u00abse pueden hacer cambios normativos y de mercado para que las centrales de ERNC participen activamente en proveer servicios, estabilidad y servicios complementarios, y se instalen sistemas de almacenamiento\u00bb.<\/span><\/p>\n<\/div><\/section><\/div><div  style='height:50px' class='hr hr-invisible   avia-builder-el-6  el_after_av_one_full  el_before_av_social_share '><span class='hr-inner ' ><span class='hr-inner-style'><\/span><\/span><\/div><\/p>\n<div  class='av-social-sharing-box  avia-builder-el-7  el_after_av_hr  el_before_av_hr  '><div class='av-share-box'><h5 class='av-share-link-description av-no-toc '>Compartir esta noticia<\/h5><ul class='av-share-box-list noLightbox'><li class='av-share-link av-social-link-facebook' ><a target=\"_blank\" aria-label=\"Compartir en Facebook\" href='https:\/\/www.facebook.com\/sharer.php?u=https:\/\/radiorevelacionfm.cl\/?p=9243&#038;t=Un%20cuarto%20de%20los%20gases%20de%20efecto%20invernadero%20de%20Chile%20lo%20generan%20cuatro%20empresas%20el%C3%A9ctricas' aria-hidden='false' data-av_icon='\ue8f3' data-av_iconfont='entypo-fontello' title='' data-avia-related-tooltip='Compartir en Facebook' rel=\"noopener\"><span class='avia_hidden_link_text'>Compartir en Facebook<\/span><\/a><\/li><li class='av-share-link av-social-link-twitter' ><a target=\"_blank\" aria-label=\"Compartir en Twitter\" href='https:\/\/twitter.com\/share?text=Un%20cuarto%20de%20los%20gases%20de%20efecto%20invernadero%20de%20Chile%20lo%20generan%20cuatro%20empresas%20el%C3%A9ctricas&#038;url=https:\/\/radiorevelacionfm.cl\/?p=9243' aria-hidden='false' data-av_icon='\ue8f1' data-av_iconfont='entypo-fontello' title='' data-avia-related-tooltip='Compartir en Twitter' rel=\"noopener\"><span class='avia_hidden_link_text'>Compartir en Twitter<\/span><\/a><\/li><li class='av-share-link av-social-link-whatsapp' ><a target=\"_blank\" aria-label=\"Compartir en Whatsapp\" href='https:\/\/api.whatsapp.com\/send?text=https:\/\/radiorevelacionfm.cl\/?p=9243' aria-hidden='false' data-av_icon='\uf232' data-av_iconfont='entypo-fontello' title='' data-avia-related-tooltip='Compartir en Whatsapp' rel=\"noopener\"><span class='avia_hidden_link_text'>Compartir en Whatsapp<\/span><\/a><\/li><li class='av-share-link av-social-link-linkedin' ><a target=\"_blank\" aria-label=\"Compartir en LinkedIn\" href='https:\/\/linkedin.com\/shareArticle?mini=true&#038;title=Un%20cuarto%20de%20los%20gases%20de%20efecto%20invernadero%20de%20Chile%20lo%20generan%20cuatro%20empresas%20el%C3%A9ctricas&#038;url=https:\/\/radiorevelacionfm.cl\/?p=9243' aria-hidden='false' data-av_icon='\ue8fc' data-av_iconfont='entypo-fontello' title='' data-avia-related-tooltip='Compartir en LinkedIn' rel=\"noopener\"><span class='avia_hidden_link_text'>Compartir en LinkedIn<\/span><\/a><\/li><li class='av-share-link av-social-link-mail' ><a  aria-label=\"Compartir por correo\" href='mailto:?subject=Un%20cuarto%20de%20los%20gases%20de%20efecto%20invernadero%20de%20Chile%20lo%20generan%20cuatro%20empresas%20el%C3%A9ctricas&#038;body=https:\/\/radiorevelacionfm.cl\/?p=9243' aria-hidden='false' data-av_icon='\ue805' data-av_iconfont='entypo-fontello' title='' data-avia-related-tooltip='Compartir por correo'><span class='avia_hidden_link_text'>Compartir por correo<\/span><\/a><\/li><\/ul><\/div><\/div>\n<div  style='height:50px' class='hr hr-invisible   avia-builder-el-8  el_after_av_social_share  el_before_av_comments_list '><span class='hr-inner ' ><span class='hr-inner-style'><\/span><\/span><\/div>\n<div  class='av-buildercomment  av-blog-meta-html-info-disabled av-blog-meta-tag-disabled  '><\/div>\n","protected":false},"excerpt":{"rendered":"","protected":false},"author":1,"featured_media":9244,"comment_status":"open","ping_status":"open","sticky":false,"template":"","format":"standard","meta":{"footnotes":""},"categories":[39],"tags":[],"class_list":["post-9243","post","type-post","status-publish","format-standard","has-post-thumbnail","hentry","category-medio-ambiente"],"jetpack_featured_media_url":"https:\/\/radiorevelacionfm.cl\/wp-content\/uploads\/2021\/10\/gases-efecto-invernadero1-1-1.jpg","_links":{"self":[{"href":"https:\/\/radiorevelacionfm.cl\/index.php?rest_route=\/wp\/v2\/posts\/9243","targetHints":{"allow":["GET"]}}],"collection":[{"href":"https:\/\/radiorevelacionfm.cl\/index.php?rest_route=\/wp\/v2\/posts"}],"about":[{"href":"https:\/\/radiorevelacionfm.cl\/index.php?rest_route=\/wp\/v2\/types\/post"}],"author":[{"embeddable":true,"href":"https:\/\/radiorevelacionfm.cl\/index.php?rest_route=\/wp\/v2\/users\/1"}],"replies":[{"embeddable":true,"href":"https:\/\/radiorevelacionfm.cl\/index.php?rest_route=%2Fwp%2Fv2%2Fcomments&post=9243"}],"version-history":[{"count":1,"href":"https:\/\/radiorevelacionfm.cl\/index.php?rest_route=\/wp\/v2\/posts\/9243\/revisions"}],"predecessor-version":[{"id":9245,"href":"https:\/\/radiorevelacionfm.cl\/index.php?rest_route=\/wp\/v2\/posts\/9243\/revisions\/9245"}],"wp:featuredmedia":[{"embeddable":true,"href":"https:\/\/radiorevelacionfm.cl\/index.php?rest_route=\/wp\/v2\/media\/9244"}],"wp:attachment":[{"href":"https:\/\/radiorevelacionfm.cl\/index.php?rest_route=%2Fwp%2Fv2%2Fmedia&parent=9243"}],"wp:term":[{"taxonomy":"category","embeddable":true,"href":"https:\/\/radiorevelacionfm.cl\/index.php?rest_route=%2Fwp%2Fv2%2Fcategories&post=9243"},{"taxonomy":"post_tag","embeddable":true,"href":"https:\/\/radiorevelacionfm.cl\/index.php?rest_route=%2Fwp%2Fv2%2Ftags&post=9243"}],"curies":[{"name":"wp","href":"https:\/\/api.w.org\/{rel}","templated":true}]}}