{"id":9234,"date":"2021-10-02T21:28:38","date_gmt":"2021-10-03T00:28:38","guid":{"rendered":"https:\/\/radiorevelacionfm.cl\/?p=9234"},"modified":"2021-10-02T21:28:38","modified_gmt":"2021-10-03T00:28:38","slug":"proyecto-explora-aysen-invita-a-conversatorio-sobre-ciencia-y-naturaleza-en-la-nueva-constitucion","status":"publish","type":"post","link":"https:\/\/radiorevelacionfm.cl\/?p=9234","title":{"rendered":"Proyecto Explora Ays\u00e9n invita a conversatorio sobre Ciencia y Naturaleza en la Nueva Constituci\u00f3n"},"content":{"rendered":"<div class=\"flex_column av_one_full  flex_column_div av-zero-column-padding first  avia-builder-el-0  el_before_av_one_full  avia-builder-el-first  \" style='border-radius:0px; '><div  class='avia-image-container  av-styling-    avia-builder-el-1  avia-builder-el-no-sibling  avia-align-center '  itemprop=\"image\" itemscope=\"itemscope\" itemtype=\"https:\/\/schema.org\/ImageObject\"  ><div class='avia-image-container-inner'><div class='avia-image-overlay-wrap'><img decoding=\"async\" class='wp-image-9235 avia-img-lazy-loading-not-9235 avia_image' src=\"https:\/\/radiorevelacionfm.cl\/wp-content\/uploads\/2021\/10\/Ciencia-Abierta-1-1.jpg\" alt='' title='Ciencia Abierta (1) (1)' height=\"600\" width=\"1192\"  itemprop=\"thumbnailUrl\" srcset=\"https:\/\/radiorevelacionfm.cl\/wp-content\/uploads\/2021\/10\/Ciencia-Abierta-1-1.jpg 1192w, https:\/\/radiorevelacionfm.cl\/wp-content\/uploads\/2021\/10\/Ciencia-Abierta-1-1-300x151.jpg 300w, https:\/\/radiorevelacionfm.cl\/wp-content\/uploads\/2021\/10\/Ciencia-Abierta-1-1-1030x518.jpg 1030w, https:\/\/radiorevelacionfm.cl\/wp-content\/uploads\/2021\/10\/Ciencia-Abierta-1-1-768x387.jpg 768w, https:\/\/radiorevelacionfm.cl\/wp-content\/uploads\/2021\/10\/Ciencia-Abierta-1-1-705x355.jpg 705w, https:\/\/radiorevelacionfm.cl\/wp-content\/uploads\/2021\/10\/Ciencia-Abierta-1-1-600x302.jpg 600w\" sizes=\"(max-width: 1192px) 100vw, 1192px\" \/><\/div><\/div><\/div><\/div><div class=\"flex_column av_one_full  flex_column_div av-zero-column-padding first  avia-builder-el-2  el_after_av_one_full  el_before_av_one_full  column-top-margin\" style='border-radius:0px; '><section class=\"av_textblock_section \"  itemscope=\"itemscope\" itemtype=\"https:\/\/schema.org\/BlogPosting\" itemprop=\"blogPost\" ><div class='avia_textblock  '   itemprop=\"text\" ><p style=\"text-align: center;\"><span style=\"font-size: 18pt;\"><strong>Proyecto Explora Ays\u00e9n invita a conversatorio sobre Ciencia y Naturaleza en la Nueva Constituci\u00f3n<\/strong><\/span><\/p>\n<div id=\"gtx-trans\" style=\"position: absolute; left: -50px; top: 4.31534px;\">\n<div class=\"gtx-trans-icon\"><\/div>\n<\/div>\n<\/div><\/section><\/div><div class=\"flex_column av_one_full  flex_column_div av-zero-column-padding first  avia-builder-el-4  el_after_av_one_full  el_before_av_hr  column-top-margin\" style='border-radius:0px; '><section class=\"av_textblock_section \"  itemscope=\"itemscope\" itemtype=\"https:\/\/schema.org\/BlogPosting\" itemprop=\"blogPost\" ><div class='avia_textblock  '   itemprop=\"text\" ><p style=\"text-align: justify;\">La actividad se realizar\u00e1 el martes 5 de octubre a las 18:00 horas y contar\u00e1 con la participaci\u00f3n de la cient\u00edfica y constituyente electa Cristina Dorador, el m\u00fasico y poeta Leonel Lienlaf y el abogado Felipe Guerra.<\/p>\n<p style=\"text-align: justify;\">Se estima que para el a\u00f1o 2050 muchos ecosistemas que hoy conocemos sufrir\u00e1n un impacto tan grande a causa del cambio clim\u00e1tico y la acci\u00f3n humana que casi no ser\u00e1n reconocibles. La degradaci\u00f3n de la naturaleza avanza muy r\u00e1pido en Chile y muchas comunidades se ven afectadas.<\/p>\n<p style=\"text-align: justify;\">En el marco del proceso constituyente para redacci\u00f3n de una nueva carta magna para Chile, esta situaci\u00f3n adquiere una urgencia diferente, en el sentido de existir una posibilidad concreta de establecer nuevos derechos y deberes que permitan la protecci\u00f3n del ecosistema y las personas y seres que lo habitan.<\/p>\n<p style=\"text-align: justify;\">Atendiendo esta responsabilidad social, el Proyecto Explora Ays\u00e9n del Ministerio de Ciencia, ejecutado por la Universidad Austral de Chile invita a todos y todas a participar del conversatorio \u201cCiencia y Naturaleza en la Nueva Constituci\u00f3n\u201d, un espacio necesario de reflexi\u00f3n que permite el di\u00e1logo entre personas de diversas edades y territorios y expertos\/as de \u00e1reas atingentes a la tem\u00e1tica que se aborda.<\/p>\n<p style=\"text-align: justify;\">El panel de expertos\/as estar\u00e1 conformado por el abogado Felipe Guerra, especialista en justicia constitucional y derecho p\u00fablico del Observatorio Ciudadano, Leonel Lienlaf, escritor, m\u00fasico y poeta y Cristina Dorador, doctora en ciencias naturales y constituyente electa del distrito 3.<\/p>\n<p style=\"text-align: justify;\">Celeste Skewes, periodista del Proyecto Explora Ays\u00e9n y encargada de la iniciativa Ciencia Abierta en la regi\u00f3n se refiere a la decisi\u00f3n de dedicar este nuevo conversatorio al rol de la ciencia en la nueva Constituci\u00f3n: \u201cBuscamos generar un espacio de di\u00e1logo para abordar desde diversas miradas, el rol de la ciencia y naturaleza en la nueva Constituci\u00f3n. Debido al momento hist\u00f3rico de redactar una nueva Carta Magna, creemos fundamental reflexionar sobre el lugar de la ciencia y el ambiente en ella. La contingencia local y global demuestra que es necesario incluir ambas tem\u00e1ticas en la toma de decisiones para proteger el bienestar de las comunidades y de la vida en todas sus formas.\u201d<\/p>\n<p style=\"text-align: justify;\"><strong>\u00a0<\/strong><strong>\u00bfQuieres ser parte de esta conversaci\u00f3n? <\/strong><\/p>\n<p style=\"text-align: justify;\">En Ciencia Abierta siempre hay un espacio para ti. Solo debes ingresar tus datos en el siguiente formulario de inscripci\u00f3n:<\/p>\n<p style=\"text-align: justify;\">\u00a0<a href=\"https:\/\/bit.ly\/3CVXa6b\">Accede al formulario de inscripci\u00f3n<\/a><\/p>\n<\/div><\/section><\/div><div  style='height:50px' class='hr hr-invisible   avia-builder-el-6  el_after_av_one_full  el_before_av_social_share '><span class='hr-inner ' ><span class='hr-inner-style'><\/span><\/span><\/div><\/p>\n<div  class='av-social-sharing-box  avia-builder-el-7  el_after_av_hr  el_before_av_hr  '><div class='av-share-box'><h5 class='av-share-link-description av-no-toc '>Compartir esta noticia<\/h5><ul class='av-share-box-list noLightbox'><li class='av-share-link av-social-link-facebook' ><a target=\"_blank\" aria-label=\"Compartir en Facebook\" href='https:\/\/www.facebook.com\/sharer.php?u=https:\/\/radiorevelacionfm.cl\/?p=9234&#038;t=Proyecto%20Explora%20Ays%C3%A9n%20invita%20a%20conversatorio%20sobre%20Ciencia%20y%20Naturaleza%20en%20la%20Nueva%20Constituci%C3%B3n' aria-hidden='false' data-av_icon='\ue8f3' data-av_iconfont='entypo-fontello' title='' data-avia-related-tooltip='Compartir en Facebook' rel=\"noopener\"><span class='avia_hidden_link_text'>Compartir en Facebook<\/span><\/a><\/li><li class='av-share-link av-social-link-twitter' ><a target=\"_blank\" aria-label=\"Compartir en Twitter\" href='https:\/\/twitter.com\/share?text=Proyecto%20Explora%20Ays%C3%A9n%20invita%20a%20conversatorio%20sobre%20Ciencia%20y%20Naturaleza%20en%20la%20Nueva%20Constituci%C3%B3n&#038;url=https:\/\/radiorevelacionfm.cl\/?p=9234' aria-hidden='false' data-av_icon='\ue8f1' data-av_iconfont='entypo-fontello' title='' data-avia-related-tooltip='Compartir en Twitter' rel=\"noopener\"><span class='avia_hidden_link_text'>Compartir en Twitter<\/span><\/a><\/li><li class='av-share-link av-social-link-whatsapp' ><a target=\"_blank\" aria-label=\"Compartir en Whatsapp\" href='https:\/\/api.whatsapp.com\/send?text=https:\/\/radiorevelacionfm.cl\/?p=9234' aria-hidden='false' data-av_icon='\uf232' data-av_iconfont='entypo-fontello' title='' data-avia-related-tooltip='Compartir en Whatsapp' rel=\"noopener\"><span class='avia_hidden_link_text'>Compartir en Whatsapp<\/span><\/a><\/li><li class='av-share-link av-social-link-linkedin' ><a target=\"_blank\" aria-label=\"Compartir en LinkedIn\" href='https:\/\/linkedin.com\/shareArticle?mini=true&#038;title=Proyecto%20Explora%20Ays%C3%A9n%20invita%20a%20conversatorio%20sobre%20Ciencia%20y%20Naturaleza%20en%20la%20Nueva%20Constituci%C3%B3n&#038;url=https:\/\/radiorevelacionfm.cl\/?p=9234' aria-hidden='false' data-av_icon='\ue8fc' data-av_iconfont='entypo-fontello' title='' data-avia-related-tooltip='Compartir en LinkedIn' rel=\"noopener\"><span class='avia_hidden_link_text'>Compartir en LinkedIn<\/span><\/a><\/li><li class='av-share-link av-social-link-mail' ><a  aria-label=\"Compartir por correo\" href='mailto:?subject=Proyecto%20Explora%20Ays%C3%A9n%20invita%20a%20conversatorio%20sobre%20Ciencia%20y%20Naturaleza%20en%20la%20Nueva%20Constituci%C3%B3n&#038;body=https:\/\/radiorevelacionfm.cl\/?p=9234' aria-hidden='false' data-av_icon='\ue805' data-av_iconfont='entypo-fontello' title='' data-avia-related-tooltip='Compartir por correo'><span class='avia_hidden_link_text'>Compartir por correo<\/span><\/a><\/li><\/ul><\/div><\/div>\n<div  style='height:50px' class='hr hr-invisible   avia-builder-el-8  el_after_av_social_share  el_before_av_comments_list '><span class='hr-inner ' ><span class='hr-inner-style'><\/span><\/span><\/div>\n<div  class='av-buildercomment  av-blog-meta-html-info-disabled av-blog-meta-tag-disabled  '><\/div>\n","protected":false},"excerpt":{"rendered":"","protected":false},"author":1,"featured_media":9235,"comment_status":"open","ping_status":"open","sticky":false,"template":"","format":"standard","meta":{"footnotes":""},"categories":[53],"tags":[],"class_list":["post-9234","post","type-post","status-publish","format-standard","has-post-thumbnail","hentry","category-ciencia"],"jetpack_featured_media_url":"https:\/\/radiorevelacionfm.cl\/wp-content\/uploads\/2021\/10\/Ciencia-Abierta-1-1.jpg","_links":{"self":[{"href":"https:\/\/radiorevelacionfm.cl\/index.php?rest_route=\/wp\/v2\/posts\/9234","targetHints":{"allow":["GET"]}}],"collection":[{"href":"https:\/\/radiorevelacionfm.cl\/index.php?rest_route=\/wp\/v2\/posts"}],"about":[{"href":"https:\/\/radiorevelacionfm.cl\/index.php?rest_route=\/wp\/v2\/types\/post"}],"author":[{"embeddable":true,"href":"https:\/\/radiorevelacionfm.cl\/index.php?rest_route=\/wp\/v2\/users\/1"}],"replies":[{"embeddable":true,"href":"https:\/\/radiorevelacionfm.cl\/index.php?rest_route=%2Fwp%2Fv2%2Fcomments&post=9234"}],"version-history":[{"count":1,"href":"https:\/\/radiorevelacionfm.cl\/index.php?rest_route=\/wp\/v2\/posts\/9234\/revisions"}],"predecessor-version":[{"id":9236,"href":"https:\/\/radiorevelacionfm.cl\/index.php?rest_route=\/wp\/v2\/posts\/9234\/revisions\/9236"}],"wp:featuredmedia":[{"embeddable":true,"href":"https:\/\/radiorevelacionfm.cl\/index.php?rest_route=\/wp\/v2\/media\/9235"}],"wp:attachment":[{"href":"https:\/\/radiorevelacionfm.cl\/index.php?rest_route=%2Fwp%2Fv2%2Fmedia&parent=9234"}],"wp:term":[{"taxonomy":"category","embeddable":true,"href":"https:\/\/radiorevelacionfm.cl\/index.php?rest_route=%2Fwp%2Fv2%2Fcategories&post=9234"},{"taxonomy":"post_tag","embeddable":true,"href":"https:\/\/radiorevelacionfm.cl\/index.php?rest_route=%2Fwp%2Fv2%2Ftags&post=9234"}],"curies":[{"name":"wp","href":"https:\/\/api.w.org\/{rel}","templated":true}]}}