{"id":9232,"date":"2021-10-01T17:44:48","date_gmt":"2021-10-01T20:44:48","guid":{"rendered":"https:\/\/radiorevelacionfm.cl\/?p=9232"},"modified":"2021-10-01T17:44:48","modified_gmt":"2021-10-01T20:44:48","slug":"durante-septiembre-pdi-detuvo-a-28-personas-con-ordenes-de-arresto-y-detencion-emanadas-por-tribunales-de-la-region","status":"publish","type":"post","link":"https:\/\/radiorevelacionfm.cl\/?p=9232","title":{"rendered":"Durante septiembre PDI detuvo a 28 personas con \u00f3rdenes de arresto y detenci\u00f3n emanadas por Tribunales de la regi\u00f3n"},"content":{"rendered":"<div class=\"flex_column av_one_full  flex_column_div av-zero-column-padding first  avia-builder-el-0  el_before_av_one_full  avia-builder-el-first  \" style='border-radius:0px; '><div  class='avia-image-container  av-styling-    avia-builder-el-1  avia-builder-el-no-sibling  avia-align-center '  itemprop=\"image\" itemscope=\"itemscope\" itemtype=\"https:\/\/schema.org\/ImageObject\"  ><div class='avia-image-container-inner'><div class='avia-image-overlay-wrap'><img decoding=\"async\" class='wp-image-6828 avia-img-lazy-loading-not-6828 avia_image' src=\"https:\/\/radiorevelacionfm.cl\/wp-content\/uploads\/2021\/07\/pdi2-1-1-1.jpg\" alt='' title='pdi2 (1) (1) (1)' height=\"600\" width=\"965\"  itemprop=\"thumbnailUrl\" srcset=\"https:\/\/radiorevelacionfm.cl\/wp-content\/uploads\/2021\/07\/pdi2-1-1-1.jpg 965w, https:\/\/radiorevelacionfm.cl\/wp-content\/uploads\/2021\/07\/pdi2-1-1-1-300x187.jpg 300w, https:\/\/radiorevelacionfm.cl\/wp-content\/uploads\/2021\/07\/pdi2-1-1-1-768x478.jpg 768w, https:\/\/radiorevelacionfm.cl\/wp-content\/uploads\/2021\/07\/pdi2-1-1-1-705x438.jpg 705w, https:\/\/radiorevelacionfm.cl\/wp-content\/uploads\/2021\/07\/pdi2-1-1-1-600x373.jpg 600w\" sizes=\"(max-width: 965px) 100vw, 965px\" \/><\/div><\/div><\/div><\/div><div class=\"flex_column av_one_full  flex_column_div av-zero-column-padding first  avia-builder-el-2  el_after_av_one_full  el_before_av_one_full  column-top-margin\" style='border-radius:0px; '><section class=\"av_textblock_section \"  itemscope=\"itemscope\" itemtype=\"https:\/\/schema.org\/BlogPosting\" itemprop=\"blogPost\" ><div class='avia_textblock  '   itemprop=\"text\" ><p style=\"text-align: center;\"><strong><span style=\"font-size: 18pt;\"> Durante septiembre PDI detuvo a 28 personas con \u00f3rdenes de arresto y detenci\u00f3n emanadas por Tribunales de la regi\u00f3n<\/span><\/strong><\/p>\n<div id=\"gtx-trans\" style=\"position: absolute; left: -50px; top: 4.31534px;\">\n<div class=\"gtx-trans-icon\"><\/div>\n<\/div>\n<\/div><\/section><\/div><div class=\"flex_column av_one_full  flex_column_div av-zero-column-padding first  avia-builder-el-4  el_after_av_one_full  el_before_av_hr  column-top-margin\" style='border-radius:0px; '><section class=\"av_textblock_section \"  itemscope=\"itemscope\" itemtype=\"https:\/\/schema.org\/BlogPosting\" itemprop=\"blogPost\" ><div class='avia_textblock  '   itemprop=\"text\" ><p style=\"text-align: justify;\">Durante el mes de septiembre de 2021, detectives de la Regi\u00f3n Policial de Ays\u00e9n de la Polic\u00eda de Investigaciones de Chile dieron cumplimiento a un total de 28 \u00f3rdenes de detenci\u00f3n y arresto pendientes emanadas por los Tribunales de la regi\u00f3n.<\/p>\n<p style=\"text-align: justify;\">Este trabajo responde a detenciones clave de personas con \u00f3rdenes de aprehensi\u00f3n pendientes, reduciendo as\u00ed la cantidad de pr\u00f3fugos de la justicia, poniendo a disposici\u00f3n de los Juzgados de Garant\u00eda a quienes deben continuar con su proceso judicial.<\/p>\n<p style=\"text-align: justify;\">Gracias a estas diligencias durante el mes de septiembre de 2021, \u201clas unidades dependientes de la Prefectura Provincial Coyhaique dieron cumplimiento a de 17 \u00f3rdenes de detenci\u00f3n y arresto por los delitos de lesiones menos graves, da\u00f1os simples, tr\u00e1fico de drogas, contra la salud p\u00fablica, violaci\u00f3n y otros delitos de tr\u00e1nsito y relativos al pago de pensiones. Del mismo modo, las unidades dependientes de la Prefectura Provincial Ays\u00e9n dieron cumplimiento a nueve \u00f3rdenes de detenci\u00f3n y arresto por los delitos de infringir normas higi\u00e9nicas y de salubridad, amenazas simples y otros\u201d, se\u00f1al\u00f3 el jefe de la Brigada de Investigaci\u00f3n Criminal Coyhaique, subprefecto Christian Mora.<\/p>\n<p style=\"text-align: justify;\">Sobre los procedimientos policiales orientados a dar cumplimiento a este tipo de requisitorias, el subprefecto Christian Mora, destac\u00f3 el trabajo operativo durante cada una de estas detenciones, se\u00f1alando que \u201ccabe destacar que, a trav\u00e9s de un trabajo profesional con esfuerzo y compromiso, utilizando el an\u00e1lisis de la informaci\u00f3n se pudieron concretar dichos requerimientos los cuales arrojaron resultados positivos, pudiendo poner a disposici\u00f3n de Tribunales a todas estas personas que eran requeridas por diversas circunstancias, logrando dar cumplimiento a lo ordenado\u201d.<\/p>\n<p style=\"text-align: justify;\">Finalmente, desde la PDI destacaron la jurisdicci\u00f3n en todo el territorio regional para dar cumplimiento a las \u00f3rdenes emanadas de los Tribunales de Justicia, realizando el trabajo de an\u00e1lisis criminal e inteligencia operativa para ubicar a las personas requeridas.<\/p>\n<\/div><\/section><\/div><div  style='height:50px' class='hr hr-invisible   avia-builder-el-6  el_after_av_one_full  el_before_av_social_share '><span class='hr-inner ' ><span class='hr-inner-style'><\/span><\/span><\/div><\/p>\n<div  class='av-social-sharing-box  avia-builder-el-7  el_after_av_hr  el_before_av_hr  '><div class='av-share-box'><h5 class='av-share-link-description av-no-toc '>Compartir esta noticia<\/h5><ul class='av-share-box-list noLightbox'><li class='av-share-link av-social-link-facebook' ><a target=\"_blank\" aria-label=\"Compartir en Facebook\" href='https:\/\/www.facebook.com\/sharer.php?u=https:\/\/radiorevelacionfm.cl\/?p=9232&#038;t=Durante%20septiembre%20PDI%20detuvo%20a%2028%20personas%20con%20%C3%B3rdenes%20de%20arresto%20y%20detenci%C3%B3n%20emanadas%20por%20Tribunales%20de%20la%20regi%C3%B3n' aria-hidden='false' data-av_icon='\ue8f3' data-av_iconfont='entypo-fontello' title='' data-avia-related-tooltip='Compartir en Facebook' rel=\"noopener\"><span class='avia_hidden_link_text'>Compartir en Facebook<\/span><\/a><\/li><li class='av-share-link av-social-link-twitter' ><a target=\"_blank\" aria-label=\"Compartir en Twitter\" href='https:\/\/twitter.com\/share?text=Durante%20septiembre%20PDI%20detuvo%20a%2028%20personas%20con%20%C3%B3rdenes%20de%20arresto%20y%20detenci%C3%B3n%20emanadas%20por%20Tribunales%20de%20la%20regi%C3%B3n&#038;url=https:\/\/radiorevelacionfm.cl\/?p=9232' aria-hidden='false' data-av_icon='\ue8f1' data-av_iconfont='entypo-fontello' title='' data-avia-related-tooltip='Compartir en Twitter' rel=\"noopener\"><span class='avia_hidden_link_text'>Compartir en Twitter<\/span><\/a><\/li><li class='av-share-link av-social-link-whatsapp' ><a target=\"_blank\" aria-label=\"Compartir en Whatsapp\" href='https:\/\/api.whatsapp.com\/send?text=https:\/\/radiorevelacionfm.cl\/?p=9232' aria-hidden='false' data-av_icon='\uf232' data-av_iconfont='entypo-fontello' title='' data-avia-related-tooltip='Compartir en Whatsapp' rel=\"noopener\"><span class='avia_hidden_link_text'>Compartir en Whatsapp<\/span><\/a><\/li><li class='av-share-link av-social-link-linkedin' ><a target=\"_blank\" aria-label=\"Compartir en LinkedIn\" href='https:\/\/linkedin.com\/shareArticle?mini=true&#038;title=Durante%20septiembre%20PDI%20detuvo%20a%2028%20personas%20con%20%C3%B3rdenes%20de%20arresto%20y%20detenci%C3%B3n%20emanadas%20por%20Tribunales%20de%20la%20regi%C3%B3n&#038;url=https:\/\/radiorevelacionfm.cl\/?p=9232' aria-hidden='false' data-av_icon='\ue8fc' data-av_iconfont='entypo-fontello' title='' data-avia-related-tooltip='Compartir en LinkedIn' rel=\"noopener\"><span class='avia_hidden_link_text'>Compartir en LinkedIn<\/span><\/a><\/li><li class='av-share-link av-social-link-mail' ><a  aria-label=\"Compartir por correo\" href='mailto:?subject=Durante%20septiembre%20PDI%20detuvo%20a%2028%20personas%20con%20%C3%B3rdenes%20de%20arresto%20y%20detenci%C3%B3n%20emanadas%20por%20Tribunales%20de%20la%20regi%C3%B3n&#038;body=https:\/\/radiorevelacionfm.cl\/?p=9232' aria-hidden='false' data-av_icon='\ue805' data-av_iconfont='entypo-fontello' title='' data-avia-related-tooltip='Compartir por correo'><span class='avia_hidden_link_text'>Compartir por correo<\/span><\/a><\/li><\/ul><\/div><\/div>\n<div  style='height:50px' class='hr hr-invisible   avia-builder-el-8  el_after_av_social_share  el_before_av_comments_list '><span class='hr-inner ' ><span class='hr-inner-style'><\/span><\/span><\/div>\n<div  class='av-buildercomment  av-blog-meta-html-info-disabled av-blog-meta-tag-disabled  '><\/div>\n","protected":false},"excerpt":{"rendered":"","protected":false},"author":1,"featured_media":6828,"comment_status":"open","ping_status":"open","sticky":false,"template":"","format":"standard","meta":{"footnotes":""},"categories":[36],"tags":[],"class_list":["post-9232","post","type-post","status-publish","format-standard","has-post-thumbnail","hentry","category-policial"],"jetpack_featured_media_url":"https:\/\/radiorevelacionfm.cl\/wp-content\/uploads\/2021\/07\/pdi2-1-1-1.jpg","_links":{"self":[{"href":"https:\/\/radiorevelacionfm.cl\/index.php?rest_route=\/wp\/v2\/posts\/9232","targetHints":{"allow":["GET"]}}],"collection":[{"href":"https:\/\/radiorevelacionfm.cl\/index.php?rest_route=\/wp\/v2\/posts"}],"about":[{"href":"https:\/\/radiorevelacionfm.cl\/index.php?rest_route=\/wp\/v2\/types\/post"}],"author":[{"embeddable":true,"href":"https:\/\/radiorevelacionfm.cl\/index.php?rest_route=\/wp\/v2\/users\/1"}],"replies":[{"embeddable":true,"href":"https:\/\/radiorevelacionfm.cl\/index.php?rest_route=%2Fwp%2Fv2%2Fcomments&post=9232"}],"version-history":[{"count":1,"href":"https:\/\/radiorevelacionfm.cl\/index.php?rest_route=\/wp\/v2\/posts\/9232\/revisions"}],"predecessor-version":[{"id":9233,"href":"https:\/\/radiorevelacionfm.cl\/index.php?rest_route=\/wp\/v2\/posts\/9232\/revisions\/9233"}],"wp:featuredmedia":[{"embeddable":true,"href":"https:\/\/radiorevelacionfm.cl\/index.php?rest_route=\/wp\/v2\/media\/6828"}],"wp:attachment":[{"href":"https:\/\/radiorevelacionfm.cl\/index.php?rest_route=%2Fwp%2Fv2%2Fmedia&parent=9232"}],"wp:term":[{"taxonomy":"category","embeddable":true,"href":"https:\/\/radiorevelacionfm.cl\/index.php?rest_route=%2Fwp%2Fv2%2Fcategories&post=9232"},{"taxonomy":"post_tag","embeddable":true,"href":"https:\/\/radiorevelacionfm.cl\/index.php?rest_route=%2Fwp%2Fv2%2Ftags&post=9232"}],"curies":[{"name":"wp","href":"https:\/\/api.w.org\/{rel}","templated":true}]}}