{"id":9229,"date":"2021-10-01T18:04:27","date_gmt":"2021-10-01T21:04:27","guid":{"rendered":"https:\/\/radiorevelacionfm.cl\/?p=9229"},"modified":"2021-10-01T18:04:27","modified_gmt":"2021-10-01T21:04:27","slug":"gobierno-propone-un-alza-de-62-en-el-presupuesto-para-la-region-de-aysen","status":"publish","type":"post","link":"https:\/\/radiorevelacionfm.cl\/?p=9229","title":{"rendered":"Gobierno propone un alza de 6,2% en el presupuesto para la regi\u00f3n de Ays\u00e9n"},"content":{"rendered":"<div class=\"flex_column av_one_full  flex_column_div av-zero-column-padding first  avia-builder-el-0  el_before_av_one_full  avia-builder-el-first  \" style='border-radius:0px; '><div  class='avia-image-container  av-styling-    avia-builder-el-1  avia-builder-el-no-sibling  avia-align-center '  itemprop=\"image\" itemscope=\"itemscope\" itemtype=\"https:\/\/schema.org\/ImageObject\"  ><div class='avia-image-container-inner'><div class='avia-image-overlay-wrap'><img decoding=\"async\" class='wp-image-9230 avia-img-lazy-loading-not-9230 avia_image' src=\"https:\/\/radiorevelacionfm.cl\/wp-content\/uploads\/2021\/10\/Delegada-y-Seremis-2021-10-01-1.jpeg\" alt='' title='Delegada y Seremis 2021-10-01 (1)' height=\"600\" width=\"1067\"  itemprop=\"thumbnailUrl\" srcset=\"https:\/\/radiorevelacionfm.cl\/wp-content\/uploads\/2021\/10\/Delegada-y-Seremis-2021-10-01-1.jpeg 1067w, https:\/\/radiorevelacionfm.cl\/wp-content\/uploads\/2021\/10\/Delegada-y-Seremis-2021-10-01-1-300x169.jpeg 300w, https:\/\/radiorevelacionfm.cl\/wp-content\/uploads\/2021\/10\/Delegada-y-Seremis-2021-10-01-1-1030x579.jpeg 1030w, https:\/\/radiorevelacionfm.cl\/wp-content\/uploads\/2021\/10\/Delegada-y-Seremis-2021-10-01-1-768x432.jpeg 768w, https:\/\/radiorevelacionfm.cl\/wp-content\/uploads\/2021\/10\/Delegada-y-Seremis-2021-10-01-1-705x396.jpeg 705w, https:\/\/radiorevelacionfm.cl\/wp-content\/uploads\/2021\/10\/Delegada-y-Seremis-2021-10-01-1-600x337.jpeg 600w\" sizes=\"(max-width: 1067px) 100vw, 1067px\" \/><\/div><\/div><\/div><\/div><div class=\"flex_column av_one_full  flex_column_div av-zero-column-padding first  avia-builder-el-2  el_after_av_one_full  el_before_av_one_full  column-top-margin\" style='border-radius:0px; '><section class=\"av_textblock_section \"  itemscope=\"itemscope\" itemtype=\"https:\/\/schema.org\/BlogPosting\" itemprop=\"blogPost\" ><div class='avia_textblock  '   itemprop=\"text\" ><p style=\"text-align: center;\"><strong><span style=\"font-size: 18pt;\">Gobierno propone un alza de 6,2% en el presupuesto para la regi\u00f3n de Ays\u00e9n<\/span><\/strong><\/p>\n<div id=\"gtx-trans\" style=\"position: absolute; left: -50px; top: 4.31534px;\">\n<div class=\"gtx-trans-icon\"><\/div>\n<\/div>\n<\/div><\/section><\/div><div class=\"flex_column av_one_full  flex_column_div av-zero-column-padding first  avia-builder-el-4  el_after_av_one_full  el_before_av_hr  column-top-margin\" style='border-radius:0px; '><section class=\"av_textblock_section \"  itemscope=\"itemscope\" itemtype=\"https:\/\/schema.org\/BlogPosting\" itemprop=\"blogPost\" ><div class='avia_textblock  '   itemprop=\"text\" ><p style=\"text-align: justify;\">Seg\u00fan detall\u00f3 la Delegada Presidencial Regional, Margarita Ossa, junto a parte del gabinete, a nivel sectorial el presupuesto m\u00e1s ambicioso es para el MOP con $117 mil millones como propuesta.<\/p>\n<p style=\"text-align: justify;\">Este viernes, en dependencias de la Delegaci\u00f3n Presidencial Regional, Margarita Ossa, junto a los seremis Andrea Ponce, Carlos Pacheco y N\u00e9stor Mera, entregaron detalles del proyecto de Presupuesto 2022 en el que, se propone un alza del 6,2% que en dinero se traduce en $64 mil 463 millones.<\/p>\n<p style=\"text-align: justify;\">En ese sentido, la representante del Presidente Sebasti\u00e1n Pi\u00f1era se\u00f1al\u00f3 que \u201cse presenta como una ley inclusiva y sostenible, donde se prioriza las necesidades de la ciudadan\u00eda, en la l\u00f3gica de la salud, empleabilidad y reactivaci\u00f3n con un aumento presupuestario del 6,2% que equivalen a $64 mil 463 millones; adem\u00e1s de inversiones regionales que est\u00e1n dirigidas a dos ministerios como MOP y Vivienda \u2013 ambos tambi\u00e9n con aumento presupuestario \u2013 en una l\u00f3gica de reactivaci\u00f3n que ya hemos visto ac\u00e1 con la reducci\u00f3n del empleo\u201d, dijo.<\/p>\n<p style=\"text-align: justify;\">Una de las \u00e1reas que se ver\u00e1n fortalecidas en el proyecto ingresado al Congreso es el de trabajo, y que de acuerdo a la seremi Andrea Ponce, tendr\u00e1 objetivos claros y espec\u00edficos.<\/p>\n<p style=\"text-align: justify;\">\u201cEl Presidente anunci\u00f3 que el ministerio del Trabajo va tener una relevancia en el Presupuesto en tres \u00e1reas: Fortalecimiento del empleo, a trav\u00e9s de las herramientas que hoy tenemos vigentes como el IFE Laboral \u2013 que se va a mantener \u2013 porque nos ha tra\u00eddo muchos beneficios\u201d a\u00f1adiendo que la situaci\u00f3n regional en materia de empleabilidad \u201cson cifras que ten\u00edamos antes de la pandemia y de las manifestaciones de octubre\u201d.<\/p>\n<p style=\"text-align: justify;\">Precisamente sobre la serie de beneficios establecidas en la Red de Protecci\u00f3n Social, la seremi Ponce fue tajante al se\u00f1alar que \u201cninguno de estos beneficios hace que una persona vaya a perder el IFE Universal, ni ning\u00fan otro beneficio del Estado\u201d incentivando a las personas a que sigan postulando a los mismos.<\/p>\n<p style=\"text-align: justify;\"><strong>Sectorial<\/strong><\/p>\n<p style=\"text-align: justify;\">A nivel sectorial, la propuesta enviada por el Ejecutivo plantea una inyecci\u00f3n econ\u00f3mica desde el Ministerio de Obras P\u00fablicas en tanto, el seremi N\u00e9stor Mera explico que desde su cartera \u201cllevan un par de a\u00f1os creciendo de manera importante\u201d a\u00f1adiendo acto seguido que \u201ccrecimos en m\u00e1s de un 30% y este a\u00f1o tenemos un presupuesto en torno a los $109 mil millones y se prev\u00e9 para el pr\u00f3ximo a\u00f1o una expansi\u00f3n del 7% llegando a los $117 mil millones y esto est\u00e1 fuertemente incidido por el Plan de Recuperaci\u00f3n Econ\u00f3mica donde, lo que se busca, es la generaci\u00f3n de empleos, la reactivaci\u00f3n econ\u00f3mica y la generaci\u00f3n de proyectos de alto impacto\u201d, dijo.<\/p>\n<p style=\"text-align: justify;\">Acto seguido, la autoridad sectorial recalc\u00f3 que \u201cestamos trabajando fuertemente en la pavimentaci\u00f3n de la Carretera Austral, buena parte de los proyectos que se est\u00e1n dando a conocer tiene que ver con el trabajo en materia de pavimentaci\u00f3n y de agua potable rural. Sin embargo, todas las direcciones este a\u00f1o 2021, respecto del a\u00f1o pasado, generaron expansiones presupuestarias importantes\u201d, concluy\u00f3.<\/p>\n<\/div><\/section><\/div><div  style='height:50px' class='hr hr-invisible   avia-builder-el-6  el_after_av_one_full  el_before_av_social_share '><span class='hr-inner ' ><span class='hr-inner-style'><\/span><\/span><\/div><\/p>\n<div  class='av-social-sharing-box  avia-builder-el-7  el_after_av_hr  el_before_av_hr  '><div class='av-share-box'><h5 class='av-share-link-description av-no-toc '>Compartir esta noticia<\/h5><ul class='av-share-box-list noLightbox'><li class='av-share-link av-social-link-facebook' ><a target=\"_blank\" aria-label=\"Compartir en Facebook\" href='https:\/\/www.facebook.com\/sharer.php?u=https:\/\/radiorevelacionfm.cl\/?p=9229&#038;t=Gobierno%20propone%20un%20alza%20de%206%2C2%25%20en%20el%20presupuesto%20para%20la%20regi%C3%B3n%20de%20Ays%C3%A9n' aria-hidden='false' data-av_icon='\ue8f3' data-av_iconfont='entypo-fontello' title='' data-avia-related-tooltip='Compartir en Facebook' rel=\"noopener\"><span class='avia_hidden_link_text'>Compartir en Facebook<\/span><\/a><\/li><li class='av-share-link av-social-link-twitter' ><a target=\"_blank\" aria-label=\"Compartir en Twitter\" href='https:\/\/twitter.com\/share?text=Gobierno%20propone%20un%20alza%20de%206%2C2%25%20en%20el%20presupuesto%20para%20la%20regi%C3%B3n%20de%20Ays%C3%A9n&#038;url=https:\/\/radiorevelacionfm.cl\/?p=9229' aria-hidden='false' data-av_icon='\ue8f1' data-av_iconfont='entypo-fontello' title='' data-avia-related-tooltip='Compartir en Twitter' rel=\"noopener\"><span class='avia_hidden_link_text'>Compartir en Twitter<\/span><\/a><\/li><li class='av-share-link av-social-link-whatsapp' ><a target=\"_blank\" aria-label=\"Compartir en Whatsapp\" href='https:\/\/api.whatsapp.com\/send?text=https:\/\/radiorevelacionfm.cl\/?p=9229' aria-hidden='false' data-av_icon='\uf232' data-av_iconfont='entypo-fontello' title='' data-avia-related-tooltip='Compartir en Whatsapp' rel=\"noopener\"><span class='avia_hidden_link_text'>Compartir en Whatsapp<\/span><\/a><\/li><li class='av-share-link av-social-link-linkedin' ><a target=\"_blank\" aria-label=\"Compartir en LinkedIn\" href='https:\/\/linkedin.com\/shareArticle?mini=true&#038;title=Gobierno%20propone%20un%20alza%20de%206%2C2%25%20en%20el%20presupuesto%20para%20la%20regi%C3%B3n%20de%20Ays%C3%A9n&#038;url=https:\/\/radiorevelacionfm.cl\/?p=9229' aria-hidden='false' data-av_icon='\ue8fc' data-av_iconfont='entypo-fontello' title='' data-avia-related-tooltip='Compartir en LinkedIn' rel=\"noopener\"><span class='avia_hidden_link_text'>Compartir en LinkedIn<\/span><\/a><\/li><li class='av-share-link av-social-link-mail' ><a  aria-label=\"Compartir por correo\" href='mailto:?subject=Gobierno%20propone%20un%20alza%20de%206%2C2%25%20en%20el%20presupuesto%20para%20la%20regi%C3%B3n%20de%20Ays%C3%A9n&#038;body=https:\/\/radiorevelacionfm.cl\/?p=9229' aria-hidden='false' data-av_icon='\ue805' data-av_iconfont='entypo-fontello' title='' data-avia-related-tooltip='Compartir por correo'><span class='avia_hidden_link_text'>Compartir por correo<\/span><\/a><\/li><\/ul><\/div><\/div>\n<div  style='height:50px' class='hr hr-invisible   avia-builder-el-8  el_after_av_social_share  el_before_av_comments_list '><span class='hr-inner ' ><span class='hr-inner-style'><\/span><\/span><\/div>\n<div  class='av-buildercomment  av-blog-meta-html-info-disabled av-blog-meta-tag-disabled  '><\/div>\n","protected":false},"excerpt":{"rendered":"","protected":false},"author":1,"featured_media":9230,"comment_status":"open","ping_status":"open","sticky":false,"template":"","format":"standard","meta":{"footnotes":""},"categories":[38],"tags":[],"class_list":["post-9229","post","type-post","status-publish","format-standard","has-post-thumbnail","hentry","category-regional"],"jetpack_featured_media_url":"https:\/\/radiorevelacionfm.cl\/wp-content\/uploads\/2021\/10\/Delegada-y-Seremis-2021-10-01-1.jpeg","_links":{"self":[{"href":"https:\/\/radiorevelacionfm.cl\/index.php?rest_route=\/wp\/v2\/posts\/9229","targetHints":{"allow":["GET"]}}],"collection":[{"href":"https:\/\/radiorevelacionfm.cl\/index.php?rest_route=\/wp\/v2\/posts"}],"about":[{"href":"https:\/\/radiorevelacionfm.cl\/index.php?rest_route=\/wp\/v2\/types\/post"}],"author":[{"embeddable":true,"href":"https:\/\/radiorevelacionfm.cl\/index.php?rest_route=\/wp\/v2\/users\/1"}],"replies":[{"embeddable":true,"href":"https:\/\/radiorevelacionfm.cl\/index.php?rest_route=%2Fwp%2Fv2%2Fcomments&post=9229"}],"version-history":[{"count":1,"href":"https:\/\/radiorevelacionfm.cl\/index.php?rest_route=\/wp\/v2\/posts\/9229\/revisions"}],"predecessor-version":[{"id":9231,"href":"https:\/\/radiorevelacionfm.cl\/index.php?rest_route=\/wp\/v2\/posts\/9229\/revisions\/9231"}],"wp:featuredmedia":[{"embeddable":true,"href":"https:\/\/radiorevelacionfm.cl\/index.php?rest_route=\/wp\/v2\/media\/9230"}],"wp:attachment":[{"href":"https:\/\/radiorevelacionfm.cl\/index.php?rest_route=%2Fwp%2Fv2%2Fmedia&parent=9229"}],"wp:term":[{"taxonomy":"category","embeddable":true,"href":"https:\/\/radiorevelacionfm.cl\/index.php?rest_route=%2Fwp%2Fv2%2Fcategories&post=9229"},{"taxonomy":"post_tag","embeddable":true,"href":"https:\/\/radiorevelacionfm.cl\/index.php?rest_route=%2Fwp%2Fv2%2Ftags&post=9229"}],"curies":[{"name":"wp","href":"https:\/\/api.w.org\/{rel}","templated":true}]}}