{"id":9225,"date":"2021-10-01T16:08:17","date_gmt":"2021-10-01T19:08:17","guid":{"rendered":"https:\/\/radiorevelacionfm.cl\/?p=9225"},"modified":"2021-10-01T16:30:53","modified_gmt":"2021-10-01T19:30:53","slug":"ministra-de-las-culturas-se-reunio-con-tejedoras-de-puyuhuapi-para-abordar-proyecto-de-museo-comunitario","status":"publish","type":"post","link":"https:\/\/radiorevelacionfm.cl\/?p=9225","title":{"rendered":"Ministra de las Culturas se reuni\u00f3 con tejedoras de Puyuhuapi para abordar proyecto de Museo Comunitario"},"content":{"rendered":"<div class=\"flex_column av_one_full  flex_column_div av-zero-column-padding first  avia-builder-el-0  el_before_av_one_full  avia-builder-el-first  \" style='border-radius:0px; '><div  class='avia-image-container  av-styling-    avia-builder-el-1  avia-builder-el-no-sibling  avia-align-center '  itemprop=\"image\" itemscope=\"itemscope\" itemtype=\"https:\/\/schema.org\/ImageObject\"  ><div class='avia-image-container-inner'><div class='avia-image-overlay-wrap'><img decoding=\"async\" class='wp-image-9226 avia-img-lazy-loading-not-9226 avia_image' src=\"https:\/\/radiorevelacionfm.cl\/wp-content\/uploads\/2021\/10\/Visita-Puyuhuapi1-1-1.jpg\" alt='' title='Visita Puyuhuapi1 (1) (1)' height=\"600\" width=\"900\"  itemprop=\"thumbnailUrl\" srcset=\"https:\/\/radiorevelacionfm.cl\/wp-content\/uploads\/2021\/10\/Visita-Puyuhuapi1-1-1.jpg 900w, https:\/\/radiorevelacionfm.cl\/wp-content\/uploads\/2021\/10\/Visita-Puyuhuapi1-1-1-300x200.jpg 300w, https:\/\/radiorevelacionfm.cl\/wp-content\/uploads\/2021\/10\/Visita-Puyuhuapi1-1-1-768x512.jpg 768w, https:\/\/radiorevelacionfm.cl\/wp-content\/uploads\/2021\/10\/Visita-Puyuhuapi1-1-1-705x470.jpg 705w, https:\/\/radiorevelacionfm.cl\/wp-content\/uploads\/2021\/10\/Visita-Puyuhuapi1-1-1-600x400.jpg 600w\" sizes=\"(max-width: 900px) 100vw, 900px\" \/><\/div><\/div><\/div><\/div>\n<div class=\"flex_column av_one_full  flex_column_div av-zero-column-padding first  avia-builder-el-2  el_after_av_one_full  el_before_av_one_full  column-top-margin\" style='border-radius:0px; '><section class=\"av_textblock_section \"  itemscope=\"itemscope\" itemtype=\"https:\/\/schema.org\/BlogPosting\" itemprop=\"blogPost\" ><div class='avia_textblock  '   itemprop=\"text\" ><p style=\"text-align: center;\"><strong><span style=\"font-size: 18pt;\">Ministra de las Culturas se reuni\u00f3 con tejedoras de Puyuhuapi para abordar proyecto de Museo Comunitario<\/span><\/strong><\/p>\n<div id=\"gtx-trans\" style=\"position: absolute; left: -50px; top: 4.31534px;\">\n<div class=\"gtx-trans-icon\"><\/div>\n<\/div>\n<\/div><\/section><\/div><div class=\"flex_column av_one_full  flex_column_div av-zero-column-padding first  avia-builder-el-4  el_after_av_one_full  el_before_av_hr  column-top-margin\" style='border-radius:0px; '><section class=\"av_textblock_section \"  itemscope=\"itemscope\" itemtype=\"https:\/\/schema.org\/BlogPosting\" itemprop=\"blogPost\" ><div class='avia_textblock  '   itemprop=\"text\" ><p style=\"text-align: justify;\">Como parte de su visita a la Regi\u00f3n de Ays\u00e9n, la ministra de las Culturas, las Artes y el Patrimonio, Consuelo Vald\u00e9s, sostuvo un encuentro con un grupo de tejedoras de Puyuhuapi, para abordar los alcances del programa piloto Museo Comunitario, iniciativa que busca poner el valor a las comunidades y sus oficios en el territorio. En esta reuni\u00f3n participaron, tambi\u00e9n, la Delegada Presidencial, Margarita Ossa; la Seremi de las Culturas, Ver\u00f3nica D\u00edaz; y el alcalde de la comuna de Cisnes, Francisco Roncagliolo.<\/p>\n<div class=\"code-block code-block-6\" style=\"text-align: justify;\">\n<div id=\"sas_99435\">\u201cQueremos cambiar el paradigma de creaci\u00f3n de los museos, y que estos no nazcan de oficinas en Santiago, sino de las propias comunidades que entregan un testimonio de vida\u201d, dijo la ministra de las Culturas, Consuelo Vald\u00e9s, quien agreg\u00f3 que \u201cqueremos que el trabajo tras estas alfombras sea un sello de identidad\u201d. \u201cA Gabriela Mistral le preguntaron qu\u00e9 es Chile. Ella respondi\u00f3: Chile es una voluntad de ser. Esto que hacemos es justo lo que la poeta dijo; estamos juntos demostrando que el patrimonio es algo vivo, y que existe en la medida en que tiene sentido para alguien. Ojal\u00e1 los museos en Chile siempre tengan el sello de nacer de las comunidades\u201d, dijo la Secretaria de Estado.<\/div>\n<div><\/div>\n<div>En la ocasi\u00f3n, la comunidad asistente a la jornada conoci\u00f3 el documental \u201cManos de Mujer: artesanas de Puyuhuapi\u201d, pieza audiovisual creada por la seremi de las Culturas de Ays\u00e9n, que recoge el testimonio de 11 mujeres tejedoras que se desempe\u00f1aron en la hist\u00f3rica F\u00e1brica de Alfombras de Puyuhuapi y de otras mujeres que han ido aprendiendo el oficio, ayudando a que este no desaparezca.<\/div>\n<\/div>\n<div style=\"text-align: justify;\">\n<p>\u201cYo aprend\u00ed hace muchos a\u00f1os, cuando vine a trabajar a la f\u00e1brica de alfombras en el a\u00f1o 60. Me gust\u00f3 el tejido y las alfombras\u201d, record\u00f3 la tejedora Mar\u00eda Gertrudis Cumin, quien tambi\u00e9n dedic\u00f3 palabras a la importancia de esta labor. \u201cCuando tejo pienso en mi tierra, porque de ni\u00f1a los abuelos me ense\u00f1aron a hilar y eso me trae recuerdos de mi juventud en Quell\u00f3n, en la isla de Cail\u00edn. Hoy la juventud est\u00e1 tejiendo y ellos lo van a seguir haciendo. Eso es muy bueno, han hecho varias cosas, varias alfombritas y tienen el entusiasmo de seguir\u201d.<\/p>\n<p>Por su parte, el alcalde de la comuna de Cisnes, Francisco Roncagliolo Lep\u00edo, se refiri\u00f3 al programa piloto Museo Comunitario y lo que significa para su comuna. \u201cEsta noticia que nos ha dado la ministra de las Culturas es tremendamente importante, porque resalta algo que nosotros, como comunidad, hemos buscado hace mucho tiempo, y que es, precisamente, preservar nuestra historia y nuestra identidad. Partir por una comunidad que tiene fusi\u00f3n de culturas y que busca seguir vigente, es relevante\u201d.<\/p>\n<p>En su visita a la localidad de Puyuhuapi, la ministra firm\u00f3 un convenio de colaboraci\u00f3n entre el Servicio Nacional del Patrimonio y la Municipalidad de Cisnes, que permitir\u00e1 que el futuro Museo Comunitario se instale en la Casa Hopperdietzel.<\/p>\n<\/div>\n<div class=\"code-block code-block-4\" style=\"text-align: justify;\"><\/div>\n<\/div><\/section><\/div><\/p>\n<div  style='height:50px' class='hr hr-invisible   avia-builder-el-6  el_after_av_one_full  el_before_av_social_share '><span class='hr-inner ' ><span class='hr-inner-style'><\/span><\/span><\/div>\n<div  class='av-social-sharing-box  avia-builder-el-7  el_after_av_hr  el_before_av_hr  '><div class='av-share-box'><h5 class='av-share-link-description av-no-toc '>Compartir esta noticia<\/h5><ul class='av-share-box-list noLightbox'><li class='av-share-link av-social-link-facebook' ><a target=\"_blank\" aria-label=\"Compartir en Facebook\" href='https:\/\/www.facebook.com\/sharer.php?u=https:\/\/radiorevelacionfm.cl\/?p=9225&#038;t=Ministra%20de%20las%20Culturas%20se%20reuni%C3%B3%20con%20tejedoras%20de%20Puyuhuapi%20para%20abordar%20proyecto%20de%20Museo%20Comunitario' aria-hidden='false' data-av_icon='\ue8f3' data-av_iconfont='entypo-fontello' title='' data-avia-related-tooltip='Compartir en Facebook' rel=\"noopener\"><span class='avia_hidden_link_text'>Compartir en Facebook<\/span><\/a><\/li><li class='av-share-link av-social-link-twitter' ><a target=\"_blank\" aria-label=\"Compartir en Twitter\" href='https:\/\/twitter.com\/share?text=Ministra%20de%20las%20Culturas%20se%20reuni%C3%B3%20con%20tejedoras%20de%20Puyuhuapi%20para%20abordar%20proyecto%20de%20Museo%20Comunitario&#038;url=https:\/\/radiorevelacionfm.cl\/?p=9225' aria-hidden='false' data-av_icon='\ue8f1' data-av_iconfont='entypo-fontello' title='' data-avia-related-tooltip='Compartir en Twitter' rel=\"noopener\"><span class='avia_hidden_link_text'>Compartir en Twitter<\/span><\/a><\/li><li class='av-share-link av-social-link-whatsapp' ><a target=\"_blank\" aria-label=\"Compartir en Whatsapp\" href='https:\/\/api.whatsapp.com\/send?text=https:\/\/radiorevelacionfm.cl\/?p=9225' aria-hidden='false' data-av_icon='\uf232' data-av_iconfont='entypo-fontello' title='' data-avia-related-tooltip='Compartir en Whatsapp' rel=\"noopener\"><span class='avia_hidden_link_text'>Compartir en Whatsapp<\/span><\/a><\/li><li class='av-share-link av-social-link-linkedin' ><a target=\"_blank\" aria-label=\"Compartir en LinkedIn\" href='https:\/\/linkedin.com\/shareArticle?mini=true&#038;title=Ministra%20de%20las%20Culturas%20se%20reuni%C3%B3%20con%20tejedoras%20de%20Puyuhuapi%20para%20abordar%20proyecto%20de%20Museo%20Comunitario&#038;url=https:\/\/radiorevelacionfm.cl\/?p=9225' aria-hidden='false' data-av_icon='\ue8fc' data-av_iconfont='entypo-fontello' title='' data-avia-related-tooltip='Compartir en LinkedIn' rel=\"noopener\"><span class='avia_hidden_link_text'>Compartir en LinkedIn<\/span><\/a><\/li><li class='av-share-link av-social-link-mail' ><a  aria-label=\"Compartir por correo\" href='mailto:?subject=Ministra%20de%20las%20Culturas%20se%20reuni%C3%B3%20con%20tejedoras%20de%20Puyuhuapi%20para%20abordar%20proyecto%20de%20Museo%20Comunitario&#038;body=https:\/\/radiorevelacionfm.cl\/?p=9225' aria-hidden='false' data-av_icon='\ue805' data-av_iconfont='entypo-fontello' title='' data-avia-related-tooltip='Compartir por correo'><span class='avia_hidden_link_text'>Compartir por correo<\/span><\/a><\/li><\/ul><\/div><\/div>\n<div  style='height:50px' class='hr hr-invisible   avia-builder-el-8  el_after_av_social_share  el_before_av_comments_list '><span class='hr-inner ' ><span class='hr-inner-style'><\/span><\/span><\/div>\n<div  class='av-buildercomment  av-blog-meta-html-info-disabled av-blog-meta-tag-disabled  '><\/div>\n","protected":false},"excerpt":{"rendered":"","protected":false},"author":1,"featured_media":9226,"comment_status":"open","ping_status":"open","sticky":false,"template":"","format":"standard","meta":{"footnotes":""},"categories":[38],"tags":[],"class_list":["post-9225","post","type-post","status-publish","format-standard","has-post-thumbnail","hentry","category-regional"],"jetpack_featured_media_url":"https:\/\/radiorevelacionfm.cl\/wp-content\/uploads\/2021\/10\/Visita-Puyuhuapi1-1-1.jpg","_links":{"self":[{"href":"https:\/\/radiorevelacionfm.cl\/index.php?rest_route=\/wp\/v2\/posts\/9225","targetHints":{"allow":["GET"]}}],"collection":[{"href":"https:\/\/radiorevelacionfm.cl\/index.php?rest_route=\/wp\/v2\/posts"}],"about":[{"href":"https:\/\/radiorevelacionfm.cl\/index.php?rest_route=\/wp\/v2\/types\/post"}],"author":[{"embeddable":true,"href":"https:\/\/radiorevelacionfm.cl\/index.php?rest_route=\/wp\/v2\/users\/1"}],"replies":[{"embeddable":true,"href":"https:\/\/radiorevelacionfm.cl\/index.php?rest_route=%2Fwp%2Fv2%2Fcomments&post=9225"}],"version-history":[{"count":2,"href":"https:\/\/radiorevelacionfm.cl\/index.php?rest_route=\/wp\/v2\/posts\/9225\/revisions"}],"predecessor-version":[{"id":9228,"href":"https:\/\/radiorevelacionfm.cl\/index.php?rest_route=\/wp\/v2\/posts\/9225\/revisions\/9228"}],"wp:featuredmedia":[{"embeddable":true,"href":"https:\/\/radiorevelacionfm.cl\/index.php?rest_route=\/wp\/v2\/media\/9226"}],"wp:attachment":[{"href":"https:\/\/radiorevelacionfm.cl\/index.php?rest_route=%2Fwp%2Fv2%2Fmedia&parent=9225"}],"wp:term":[{"taxonomy":"category","embeddable":true,"href":"https:\/\/radiorevelacionfm.cl\/index.php?rest_route=%2Fwp%2Fv2%2Fcategories&post=9225"},{"taxonomy":"post_tag","embeddable":true,"href":"https:\/\/radiorevelacionfm.cl\/index.php?rest_route=%2Fwp%2Fv2%2Ftags&post=9225"}],"curies":[{"name":"wp","href":"https:\/\/api.w.org\/{rel}","templated":true}]}}