{"id":9222,"date":"2021-10-01T15:21:51","date_gmt":"2021-10-01T18:21:51","guid":{"rendered":"https:\/\/radiorevelacionfm.cl\/?p=9222"},"modified":"2021-10-01T15:21:51","modified_gmt":"2021-10-01T18:21:51","slug":"hasta-el-15-de-octubre-se-extiende-plazo-para-postular-al-programa-de-pavimentos-participativos","status":"publish","type":"post","link":"https:\/\/radiorevelacionfm.cl\/?p=9222","title":{"rendered":"Hasta el 15 de octubre se extiende plazo para postular al Programa de Pavimentos Participativos"},"content":{"rendered":"<div class=\"flex_column av_one_full  flex_column_div av-zero-column-padding first  avia-builder-el-0  el_before_av_one_full  avia-builder-el-first  \" style='border-radius:0px; '><div  class='avia-image-container  av-styling-    avia-builder-el-1  avia-builder-el-no-sibling  avia-align-center '  itemprop=\"image\" itemscope=\"itemscope\" itemtype=\"https:\/\/schema.org\/ImageObject\"  ><div class='avia-image-container-inner'><div class='avia-image-overlay-wrap'><img decoding=\"async\" class='wp-image-9223 avia-img-lazy-loading-not-9223 avia_image' src=\"https:\/\/radiorevelacionfm.cl\/wp-content\/uploads\/2021\/10\/Archivo-Fotos-trabajos-pavimentacion.jpg\" alt='' title='Archivo Fotos trabajos pavimentaci\u00f3n' height=\"600\" width=\"800\"  itemprop=\"thumbnailUrl\" srcset=\"https:\/\/radiorevelacionfm.cl\/wp-content\/uploads\/2021\/10\/Archivo-Fotos-trabajos-pavimentacion.jpg 800w, https:\/\/radiorevelacionfm.cl\/wp-content\/uploads\/2021\/10\/Archivo-Fotos-trabajos-pavimentacion-300x225.jpg 300w, https:\/\/radiorevelacionfm.cl\/wp-content\/uploads\/2021\/10\/Archivo-Fotos-trabajos-pavimentacion-768x576.jpg 768w, https:\/\/radiorevelacionfm.cl\/wp-content\/uploads\/2021\/10\/Archivo-Fotos-trabajos-pavimentacion-705x529.jpg 705w, https:\/\/radiorevelacionfm.cl\/wp-content\/uploads\/2021\/10\/Archivo-Fotos-trabajos-pavimentacion-600x450.jpg 600w\" sizes=\"(max-width: 800px) 100vw, 800px\" \/><\/div><\/div><\/div><\/div><div class=\"flex_column av_one_full  flex_column_div av-zero-column-padding first  avia-builder-el-2  el_after_av_one_full  el_before_av_one_full  column-top-margin\" style='border-radius:0px; '><section class=\"av_textblock_section \"  itemscope=\"itemscope\" itemtype=\"https:\/\/schema.org\/BlogPosting\" itemprop=\"blogPost\" ><div class='avia_textblock  '   itemprop=\"text\" ><p style=\"text-align: center;\"><strong><span style=\"font-size: 18pt;\">Hasta el 15 de octubre se extiende plazo para postular al Programa de Pavimentos Participativos<\/span><\/strong><\/p>\n<div id=\"gtx-trans\" style=\"position: absolute; left: -50px; top: 4.31534px;\">\n<div class=\"gtx-trans-icon\"><\/div>\n<\/div>\n<\/div><\/section><\/div><div class=\"flex_column av_one_full  flex_column_div av-zero-column-padding first  avia-builder-el-4  el_after_av_one_full  el_before_av_hr  column-top-margin\" style='border-radius:0px; '><section class=\"av_textblock_section \"  itemscope=\"itemscope\" itemtype=\"https:\/\/schema.org\/BlogPosting\" itemprop=\"blogPost\" ><div class='avia_textblock  '   itemprop=\"text\" ><p style=\"text-align: justify;\">El Ministerio de Vivienda y Urbanismo (Minvu) inform\u00f3 la extensi\u00f3n del plazo, hasta el 15 de octubre, para postular al 31\u00b0 Llamado del Programa Pavimentos Participativos, que permite la construcci\u00f3n y mejoramiento de calles, pasajes y veredas en comuna del pa\u00eds que presentan un d\u00e9ficit en esta materia.<\/p>\n<p style=\"text-align: justify;\">Al respecto el titular de la cartera, Felipe Ward, explic\u00f3 que si bien, en primera instancia el cierre estaba contemplado para el 30 de septiembre, producto de la pandemia es que el Minvu decidi\u00f3 extender el plazo hasta el 15 de octubre para que los vecinos y vecinas puedan ingresar sus proyectos al Serviu, donde se realiza su revisi\u00f3n y validaci\u00f3n t\u00e9cnica, y luego postular en la Seremi para participar del concurso de selecci\u00f3n.<\/p>\n<p style=\"text-align: justify;\">\u201cEn el Minvu estamos comprometidos con mejorar la calidad de vida de las familias del pa\u00eds con obras urbanas de calidad. Para eso, extendimos el plazo de postulaci\u00f3n del 31\u00b0 Llamado del programa de Pavimentos Participativos hasta el 15 de octubre, as\u00ed que invito a los vecinos y vecinas que quieran mejorar las calles, pasajes o veredas de su barrio a organizarse en Comit\u00e9s de Pavimentaci\u00f3n y junto con el apoyo y respaldo municipal, postulen al llamado vigente de nuestro Programa de Pavimentaci\u00f3n Participativa. Toda la informaci\u00f3n est\u00e1 disponible en <a href=\"http:\/\/www.minvu.cl\">www.minvu.cl<\/a>\u201d, indic\u00f3 el ministro Ward.<\/p>\n<p style=\"text-align: justify;\">De igual forma el Seremi de Vivienda, Diego Silva, valor\u00f3 el anuncio a la espera de que se puedan ingresar la mayor cantidad de postulaciones provenientes de toda la regi\u00f3n. \u201cLa ampliaci\u00f3n del plazo para postular los proyectos de pavimentaci\u00f3n es una muy buena medida, una decisi\u00f3n muy oportuna en el contexto de la realidad sanitaria que nos ha tocado vivir. Como en los procesos anteriores esperamos tener muchos proyectos ingresados a nivel de regi\u00f3n, ya que sabemos que es un programa participativo de alto impacto en la calidad de vida de nuestras familias. Adem\u00e1s son proyectos que generan empleo y movimiento a las econom\u00edas locales, que es lo que estamos impulsando con fuerza en materia de reactivaci\u00f3n, as\u00ed que ojal\u00e1 tengamos un proceso exitoso para seguir atendiendo las necesidades y sue\u00f1os de nuestra gente\u201d, manifest\u00f3.<\/p>\n<p style=\"text-align: justify;\">Cabe consignar que todos los a\u00f1os y de manera continua, el Ministerio de Vivienda y Urbanismo abre llamados del programa de Pavimentos Participativos, que hasta la fecha acumula proyectos por m\u00e1s de 8.570 kil\u00f3metros de calles y veredas en todo el pa\u00eds, que benefician directamente a m\u00e1s de 4 millones 600 mil chilenos y chilenas.<\/p>\n<p style=\"text-align: justify;\"><strong>\u00bfC\u00f3mo postular?<\/strong><\/p>\n<ol style=\"text-align: justify;\">\n<li>Los vecinos se organizan para pavimentar o repavimentar su calle, pasaje o vereda y se dirigen a la Secplac del municipio para consultar c\u00f3mo concretar su idea.<\/li>\n<li>Todos los vecinos de la calle, pasaje o vereda se constituyen como comit\u00e9 de pavimentaci\u00f3n con representaci\u00f3n jur\u00eddica (propia o apadrinado por su junta de vecinos).<\/li>\n<li>El comit\u00e9 re\u00fane el aporte m\u00ednimo requerido en una cuenta de ahorro.<\/li>\n<li>Con el apoyo de la municipalidad y el Serviu, los vecinos deben obtener un proyecto de ingenier\u00eda para la obra.<\/li>\n<li>Una vez que se re\u00fanen todos los antecedentes solicitados por el programa y se llena la ficha de postulaci\u00f3n, la documentaci\u00f3n debe ingresar a la Secplac del municipio.<\/li>\n<li>El Minvu posee una plataforma digital para que los municipios ingresen y validen las postulaciones en los Serviu y las seremis.<\/li>\n<\/ol>\n<\/div><\/section><\/div><div  style='height:50px' class='hr hr-invisible   avia-builder-el-6  el_after_av_one_full  el_before_av_social_share '><span class='hr-inner ' ><span class='hr-inner-style'><\/span><\/span><\/div><\/p>\n<div  class='av-social-sharing-box  avia-builder-el-7  el_after_av_hr  el_before_av_hr  '><div class='av-share-box'><h5 class='av-share-link-description av-no-toc '>Compartir esta noticia<\/h5><ul class='av-share-box-list noLightbox'><li class='av-share-link av-social-link-facebook' ><a target=\"_blank\" aria-label=\"Compartir en Facebook\" href='https:\/\/www.facebook.com\/sharer.php?u=https:\/\/radiorevelacionfm.cl\/?p=9222&#038;t=Hasta%20el%2015%20de%20octubre%20se%20extiende%20plazo%20para%20postular%20al%20Programa%20de%20Pavimentos%20Participativos' aria-hidden='false' data-av_icon='\ue8f3' data-av_iconfont='entypo-fontello' title='' data-avia-related-tooltip='Compartir en Facebook' rel=\"noopener\"><span class='avia_hidden_link_text'>Compartir en Facebook<\/span><\/a><\/li><li class='av-share-link av-social-link-twitter' ><a target=\"_blank\" aria-label=\"Compartir en Twitter\" href='https:\/\/twitter.com\/share?text=Hasta%20el%2015%20de%20octubre%20se%20extiende%20plazo%20para%20postular%20al%20Programa%20de%20Pavimentos%20Participativos&#038;url=https:\/\/radiorevelacionfm.cl\/?p=9222' aria-hidden='false' data-av_icon='\ue8f1' data-av_iconfont='entypo-fontello' title='' data-avia-related-tooltip='Compartir en Twitter' rel=\"noopener\"><span class='avia_hidden_link_text'>Compartir en Twitter<\/span><\/a><\/li><li class='av-share-link av-social-link-whatsapp' ><a target=\"_blank\" aria-label=\"Compartir en Whatsapp\" href='https:\/\/api.whatsapp.com\/send?text=https:\/\/radiorevelacionfm.cl\/?p=9222' aria-hidden='false' data-av_icon='\uf232' data-av_iconfont='entypo-fontello' title='' data-avia-related-tooltip='Compartir en Whatsapp' rel=\"noopener\"><span class='avia_hidden_link_text'>Compartir en Whatsapp<\/span><\/a><\/li><li class='av-share-link av-social-link-linkedin' ><a target=\"_blank\" aria-label=\"Compartir en LinkedIn\" href='https:\/\/linkedin.com\/shareArticle?mini=true&#038;title=Hasta%20el%2015%20de%20octubre%20se%20extiende%20plazo%20para%20postular%20al%20Programa%20de%20Pavimentos%20Participativos&#038;url=https:\/\/radiorevelacionfm.cl\/?p=9222' aria-hidden='false' data-av_icon='\ue8fc' data-av_iconfont='entypo-fontello' title='' data-avia-related-tooltip='Compartir en LinkedIn' rel=\"noopener\"><span class='avia_hidden_link_text'>Compartir en LinkedIn<\/span><\/a><\/li><li class='av-share-link av-social-link-mail' ><a  aria-label=\"Compartir por correo\" href='mailto:?subject=Hasta%20el%2015%20de%20octubre%20se%20extiende%20plazo%20para%20postular%20al%20Programa%20de%20Pavimentos%20Participativos&#038;body=https:\/\/radiorevelacionfm.cl\/?p=9222' aria-hidden='false' data-av_icon='\ue805' data-av_iconfont='entypo-fontello' title='' data-avia-related-tooltip='Compartir por correo'><span class='avia_hidden_link_text'>Compartir por correo<\/span><\/a><\/li><\/ul><\/div><\/div>\n<div  style='height:50px' class='hr hr-invisible   avia-builder-el-8  el_after_av_social_share  el_before_av_comments_list '><span class='hr-inner ' ><span class='hr-inner-style'><\/span><\/span><\/div>\n<div  class='av-buildercomment  av-blog-meta-html-info-disabled av-blog-meta-tag-disabled  '><\/div>\n","protected":false},"excerpt":{"rendered":"","protected":false},"author":1,"featured_media":9223,"comment_status":"open","ping_status":"open","sticky":false,"template":"","format":"standard","meta":{"footnotes":""},"categories":[38],"tags":[],"class_list":["post-9222","post","type-post","status-publish","format-standard","has-post-thumbnail","hentry","category-regional"],"jetpack_featured_media_url":"https:\/\/radiorevelacionfm.cl\/wp-content\/uploads\/2021\/10\/Archivo-Fotos-trabajos-pavimentacion.jpg","_links":{"self":[{"href":"https:\/\/radiorevelacionfm.cl\/index.php?rest_route=\/wp\/v2\/posts\/9222","targetHints":{"allow":["GET"]}}],"collection":[{"href":"https:\/\/radiorevelacionfm.cl\/index.php?rest_route=\/wp\/v2\/posts"}],"about":[{"href":"https:\/\/radiorevelacionfm.cl\/index.php?rest_route=\/wp\/v2\/types\/post"}],"author":[{"embeddable":true,"href":"https:\/\/radiorevelacionfm.cl\/index.php?rest_route=\/wp\/v2\/users\/1"}],"replies":[{"embeddable":true,"href":"https:\/\/radiorevelacionfm.cl\/index.php?rest_route=%2Fwp%2Fv2%2Fcomments&post=9222"}],"version-history":[{"count":1,"href":"https:\/\/radiorevelacionfm.cl\/index.php?rest_route=\/wp\/v2\/posts\/9222\/revisions"}],"predecessor-version":[{"id":9224,"href":"https:\/\/radiorevelacionfm.cl\/index.php?rest_route=\/wp\/v2\/posts\/9222\/revisions\/9224"}],"wp:featuredmedia":[{"embeddable":true,"href":"https:\/\/radiorevelacionfm.cl\/index.php?rest_route=\/wp\/v2\/media\/9223"}],"wp:attachment":[{"href":"https:\/\/radiorevelacionfm.cl\/index.php?rest_route=%2Fwp%2Fv2%2Fmedia&parent=9222"}],"wp:term":[{"taxonomy":"category","embeddable":true,"href":"https:\/\/radiorevelacionfm.cl\/index.php?rest_route=%2Fwp%2Fv2%2Fcategories&post=9222"},{"taxonomy":"post_tag","embeddable":true,"href":"https:\/\/radiorevelacionfm.cl\/index.php?rest_route=%2Fwp%2Fv2%2Ftags&post=9222"}],"curies":[{"name":"wp","href":"https:\/\/api.w.org\/{rel}","templated":true}]}}