{"id":9219,"date":"2021-10-01T12:52:57","date_gmt":"2021-10-01T15:52:57","guid":{"rendered":"https:\/\/radiorevelacionfm.cl\/?p=9219"},"modified":"2021-10-01T12:52:57","modified_gmt":"2021-10-01T15:52:57","slug":"escuela-basica-ribera-sur-reconocio-a-su-comunidad-educativa-a-traves-de-original-y-emotiva-ceremonia-cuadro-de-honor","status":"publish","type":"post","link":"https:\/\/radiorevelacionfm.cl\/?p=9219","title":{"rendered":"Escuela B\u00e1sica Ribera Sur reconoci\u00f3 a su comunidad educativa a trav\u00e9s de original y emotiva ceremonia Cuadro de Honor"},"content":{"rendered":"<div class=\"flex_column av_one_full  flex_column_div av-zero-column-padding first  avia-builder-el-0  el_before_av_one_full  avia-builder-el-first  \" style='border-radius:0px; '><div  class='avia-image-container  av-styling-    avia-builder-el-1  avia-builder-el-no-sibling  avia-align-center '  itemprop=\"image\" itemscope=\"itemscope\" itemtype=\"https:\/\/schema.org\/ImageObject\"  ><div class='avia-image-container-inner'><div class='avia-image-overlay-wrap'><img decoding=\"async\" class='wp-image-9220 avia-img-lazy-loading-not-9220 avia_image' src=\"https:\/\/radiorevelacionfm.cl\/wp-content\/uploads\/2021\/10\/Escuela-Rivera-Sur3-1-1.jpg\" alt='' title='Escuela Rivera Sur3 (1) (1)' height=\"600\" width=\"800\"  itemprop=\"thumbnailUrl\" srcset=\"https:\/\/radiorevelacionfm.cl\/wp-content\/uploads\/2021\/10\/Escuela-Rivera-Sur3-1-1.jpg 800w, https:\/\/radiorevelacionfm.cl\/wp-content\/uploads\/2021\/10\/Escuela-Rivera-Sur3-1-1-300x225.jpg 300w, https:\/\/radiorevelacionfm.cl\/wp-content\/uploads\/2021\/10\/Escuela-Rivera-Sur3-1-1-768x576.jpg 768w, https:\/\/radiorevelacionfm.cl\/wp-content\/uploads\/2021\/10\/Escuela-Rivera-Sur3-1-1-705x529.jpg 705w, https:\/\/radiorevelacionfm.cl\/wp-content\/uploads\/2021\/10\/Escuela-Rivera-Sur3-1-1-600x450.jpg 600w\" sizes=\"(max-width: 800px) 100vw, 800px\" \/><\/div><\/div><\/div><\/div><div class=\"flex_column av_one_full  flex_column_div av-zero-column-padding first  avia-builder-el-2  el_after_av_one_full  el_before_av_one_full  column-top-margin\" style='border-radius:0px; '><section class=\"av_textblock_section \"  itemscope=\"itemscope\" itemtype=\"https:\/\/schema.org\/BlogPosting\" itemprop=\"blogPost\" ><div class='avia_textblock  '   itemprop=\"text\" ><p style=\"text-align: center;\"><strong><span style=\"font-size: 18pt;\">Escuela B\u00e1sica Ribera Sur reconoci\u00f3 a su comunidad educativa a trav\u00e9s de original y emotiva ceremonia Cuadro de Honor <\/span><\/strong><\/p>\n<div id=\"gtx-trans\" style=\"position: absolute; left: -50px; top: 4.31534px;\">\n<div class=\"gtx-trans-icon\"><\/div>\n<\/div>\n<\/div><\/section><\/div><div class=\"flex_column av_one_full  flex_column_div av-zero-column-padding first  avia-builder-el-4  el_after_av_one_full  el_before_av_hr  column-top-margin\" style='border-radius:0px; '><section class=\"av_textblock_section \"  itemscope=\"itemscope\" itemtype=\"https:\/\/schema.org\/BlogPosting\" itemprop=\"blogPost\" ><div class='avia_textblock  '   itemprop=\"text\" ><p style=\"text-align: justify;\">Risas, nostalgia, an\u00e9cdotas y emoci\u00f3n fueron los ingredientes que marcaron la ceremonia Cuadro de Honor, que este jueves llev\u00f3 a cabo la escuela B\u00e1sica Ribera Sur de Puerto Ays\u00e9n, y que tuvo como objetivo relevar a todos aquellos protagonistas quienes, muchas veces de forma silenciosa, han sido los encargados de dar vida a este establecimiento educacional a lo largo de toda su historia.<\/p>\n<p style=\"text-align: justify;\">Alumnos, apoderados, asistentes de la educaci\u00f3n, profesores, ex docentes y ex directores fueron relevados en esta instancia, que tuvo lugar en dependencias del recinto Polideportivo 21 de Abril en la capital comunal, y que se convirti\u00f3 en broche de oro para culminar el 32 aniversario de este recinto estudiantil, desde que iniciara sus funciones con el nombre que hoy la conocemos.<\/p>\n<p style=\"text-align: justify;\">La actividad -a la que asistieron el alcalde de la comuna, Julio Uribe, junto a los concejales Rosa Gonz\u00e1lez, Silvia Klagges y Alejandro Soto; la directora de la Direcci\u00f3n de Educaci\u00f3n Municipal, Tamara Villegas; Coordinador de la Corporaci\u00f3n de Deportes, Jorge Villegas y la comunidad educativa, busc\u00f3 condensar durante sus dos horas de ceremonia la basta trayectoria de esta escuela, dando pinceladas a los hitos m\u00e1s importantes de su historia, destacando siempre a las personas que la conforman.<\/p>\n<p style=\"text-align: justify;\">Bajo la t\u00f3nica de superh\u00e9roes fueron reconocidos los alumnos y alumnas por sus diversas capacidades y talentos. Desde mejor rendimiento, aquellos que representan el esp\u00edritu Ribera Sur y las familias que encarnan los valores de escuela Ribera Sur, por la tarima recibieron su premio y reconocimiento Spiderman, Iron man, Mujer maravilla, Batman y Robin, entre muchos otros.<\/p>\n<p style=\"text-align: justify;\">Hasta la cita arribaron, adem\u00e1s, tres profesores quienes, en alg\u00fan momento de sus vidas, estuvieron a cargo de los destinos de este establecimiento en el rol de director. Se trat\u00f3 de Ang\u00e9lica Segura, Oscar Serpa y Juan Alocilla. Este \u00faltimo, quien liderara la escuela durante 21 a\u00f1os de su vida y que dio cuenta de su sentir tras esta importante actividad. \u201cFue muy hermoso reencontrarme con mis colegas. Siempre mantenemos relativo contacto, pero estos 18 meses de pandemia nos mantuvieron bastante aislados, as\u00ed que fue muy emocionante. Muchos ex alumnos que a algunos no los record\u00e9 de inmediato, aun as\u00ed, el abrazo es fraterno siempre. Esta escuela marc\u00f3 mi vida, y la llevo siempre en mi coraz\u00f3n, y como dije hace un rato, quien no valora su pasado, no proyecta su futuro. Creo que la escuela va por un buen rumbo y los procesos son lentos. Lo importante es que vayan por ese buen camino. Agradezco haber sido invitado a esta ceremonia y las sorpresas que tuve. Agradezco a su personal, los reconozco siempre por lo que son y lo que permanentemente est\u00e1n haciendo\u201d.<\/p>\n<p style=\"text-align: justify;\">Porque son muchas veces los docentes quienes motivan e inspiran a sus estudiantes, se reconoci\u00f3 tambi\u00e9n a aquellos profesores y profesoras, quienes con sus lecciones, estilos y sellos particulares dejaron huella en todos aquellos que formaron. Asimismo, se relev\u00f3 a todos aquellos funcionarios asistentes de la educaci\u00f3n, quienes se encuentran pr\u00f3ximos a acogerse a retiro, y quienes han sido esenciales en este recorrido y trayectoria de la escuela B\u00e1sica Ribera Sur.<\/p>\n<p style=\"text-align: justify;\">Uno de ellos fue Juan Cuyul, asistente de la educaci\u00f3n que ha formado parte desde el inicio de la Escuela como tal, y que fue reconocido como pieza clave de la historia institucional del recinto estudiantil, relevando su trayectoria, compromiso, dedicaci\u00f3n y amor por su trabajo y lo que hace.<\/p>\n<p style=\"text-align: justify;\">\u201cLa verdad es que fue m\u00e1s que sorpresivo para m\u00ed. Terminaba de conversar con algunas personas, y uno siempre est\u00e1 lleno de sorpresas, lo sorprenden a cada rato. A lo mejor es por la cantidad de a\u00f1os que uno lleva porque la escuela en s\u00ed la conozco como la palma de mi mano, y por ella han pasado muchas generaciones, muchos ni\u00f1os. A veces me encuentro con adultos que me saludan, me preguntan si me acuerdo de ellos, y aunque a muchos no los puedo reconocer en el momento, despu\u00e9s haciendo memoria, los recuerdo enseguida. Me sorprendieron, as\u00ed que muchas gracias a todos quienes se preocuparon de esto, estoy feliz y agradecido de todos\u201d.<\/p>\n<p style=\"text-align: justify;\">Por su parte, satisfecho se mostr\u00f3 el director del establecimiento, Edgar C\u00e1ceres, quien dio cuenta de esta importante instancia, que marcar\u00e1 un precedente y cuya realizaci\u00f3n se convierte en el broche de oro del mes de septiembre, en que prepararon un sinf\u00edn de actividades para conmemorar como corresponde su 32 aniversario. \u201cQuer\u00edamos no s\u00f3lo destacar la alegr\u00eda, lo heroico de nuestros ni\u00f1os, de nuestros estudiantes, de nuestras familias, sino recuperar la memoria y recuperar la memoria implica mirar hacia atr\u00e1s y destacar toda la labor que hicieron muchos docentes a\u00f1os anteriores. No s\u00f3lo docentes, sino que alumnos y ex directores que son parte de lo que uno hace hora. Todo lo que uno est\u00e1 haciendo fue pavimentado hacia atr\u00e1s y eso hay que agradecerlo de todas maneras\u201d.<\/p>\n<p style=\"text-align: justify;\">El directivo agreg\u00f3 que \u201cla idea era hacer un aniversario de manera distinta, por eso siempre hablamos de momentos de aniversario. Tuvimos actividades en el aula pintando mascarillas, yoga, payas, carreras de ensacado, almuerzo solidario, intervenci\u00f3n urbana y hoy culminando con este cuadro de honor que es un hito dentro de las actividades que se hab\u00edan destacado antes, esta es una de las dos ceremonias m\u00e1s relevantes despu\u00e9s de la despedida de los 6to y, obviamente, le agrega un punto de gala a todo lo que hemos estado haciendo\u201d.<\/p>\n<p style=\"text-align: justify;\">Finalmente, la directora DEM, Tamara Villegas, agradeci\u00f3 que se efect\u00faen instancias como \u00e9stas que vienen a entregar un b\u00e1lsamo a la comunidad educativa, especialmente para quienes conforman la familia de la escuela B\u00e1sica Ribera Sur. \u201cMuy honrada por la invitaci\u00f3n, agradecida del director, de todo el equipo directivo por esta oportunidad de poder acompa\u00f1ar a todos los estudiantes que fueron premiados. Superh\u00e9roes de ayer, superh\u00e9roes de hoy, trav\u00e9s del reconocimiento que se hizo a la trayectoria y todo el trabajo de a\u00f1os de docentes, de ex directores del establecimiento. Fue una instancia bastante bonita, bastante original, bastante emotiva y llena de sentimientos\u201d.<\/p>\n<\/div><\/section><\/div><div  style='height:50px' class='hr hr-invisible   avia-builder-el-6  el_after_av_one_full  el_before_av_social_share '><span class='hr-inner ' ><span class='hr-inner-style'><\/span><\/span><\/div><\/p>\n<div  class='av-social-sharing-box  avia-builder-el-7  el_after_av_hr  el_before_av_hr  '><div class='av-share-box'><h5 class='av-share-link-description av-no-toc '>Compartir esta noticia<\/h5><ul class='av-share-box-list noLightbox'><li class='av-share-link av-social-link-facebook' ><a target=\"_blank\" aria-label=\"Compartir en Facebook\" href='https:\/\/www.facebook.com\/sharer.php?u=https:\/\/radiorevelacionfm.cl\/?p=9219&#038;t=Escuela%20B%C3%A1sica%20Ribera%20Sur%20reconoci%C3%B3%20a%20su%20comunidad%20educativa%20a%20trav%C3%A9s%20de%20original%20y%20emotiva%20ceremonia%20Cuadro%20de%20Honor' aria-hidden='false' data-av_icon='\ue8f3' data-av_iconfont='entypo-fontello' title='' data-avia-related-tooltip='Compartir en Facebook' rel=\"noopener\"><span class='avia_hidden_link_text'>Compartir en Facebook<\/span><\/a><\/li><li class='av-share-link av-social-link-twitter' ><a target=\"_blank\" aria-label=\"Compartir en Twitter\" href='https:\/\/twitter.com\/share?text=Escuela%20B%C3%A1sica%20Ribera%20Sur%20reconoci%C3%B3%20a%20su%20comunidad%20educativa%20a%20trav%C3%A9s%20de%20original%20y%20emotiva%20ceremonia%20Cuadro%20de%20Honor&#038;url=https:\/\/radiorevelacionfm.cl\/?p=9219' aria-hidden='false' data-av_icon='\ue8f1' data-av_iconfont='entypo-fontello' title='' data-avia-related-tooltip='Compartir en Twitter' rel=\"noopener\"><span class='avia_hidden_link_text'>Compartir en Twitter<\/span><\/a><\/li><li class='av-share-link av-social-link-whatsapp' ><a target=\"_blank\" aria-label=\"Compartir en Whatsapp\" href='https:\/\/api.whatsapp.com\/send?text=https:\/\/radiorevelacionfm.cl\/?p=9219' aria-hidden='false' data-av_icon='\uf232' data-av_iconfont='entypo-fontello' title='' data-avia-related-tooltip='Compartir en Whatsapp' rel=\"noopener\"><span class='avia_hidden_link_text'>Compartir en Whatsapp<\/span><\/a><\/li><li class='av-share-link av-social-link-linkedin' ><a target=\"_blank\" aria-label=\"Compartir en LinkedIn\" href='https:\/\/linkedin.com\/shareArticle?mini=true&#038;title=Escuela%20B%C3%A1sica%20Ribera%20Sur%20reconoci%C3%B3%20a%20su%20comunidad%20educativa%20a%20trav%C3%A9s%20de%20original%20y%20emotiva%20ceremonia%20Cuadro%20de%20Honor&#038;url=https:\/\/radiorevelacionfm.cl\/?p=9219' aria-hidden='false' data-av_icon='\ue8fc' data-av_iconfont='entypo-fontello' title='' data-avia-related-tooltip='Compartir en LinkedIn' rel=\"noopener\"><span class='avia_hidden_link_text'>Compartir en LinkedIn<\/span><\/a><\/li><li class='av-share-link av-social-link-mail' ><a  aria-label=\"Compartir por correo\" href='mailto:?subject=Escuela%20B%C3%A1sica%20Ribera%20Sur%20reconoci%C3%B3%20a%20su%20comunidad%20educativa%20a%20trav%C3%A9s%20de%20original%20y%20emotiva%20ceremonia%20Cuadro%20de%20Honor&#038;body=https:\/\/radiorevelacionfm.cl\/?p=9219' aria-hidden='false' data-av_icon='\ue805' data-av_iconfont='entypo-fontello' title='' data-avia-related-tooltip='Compartir por correo'><span class='avia_hidden_link_text'>Compartir por correo<\/span><\/a><\/li><\/ul><\/div><\/div>\n<div  style='height:50px' class='hr hr-invisible   avia-builder-el-8  el_after_av_social_share  el_before_av_comments_list '><span class='hr-inner ' ><span class='hr-inner-style'><\/span><\/span><\/div>\n<div  class='av-buildercomment  av-blog-meta-html-info-disabled av-blog-meta-tag-disabled  '><\/div>\n","protected":false},"excerpt":{"rendered":"","protected":false},"author":1,"featured_media":9220,"comment_status":"open","ping_status":"open","sticky":false,"template":"","format":"standard","meta":{"footnotes":""},"categories":[38],"tags":[],"class_list":["post-9219","post","type-post","status-publish","format-standard","has-post-thumbnail","hentry","category-regional"],"jetpack_featured_media_url":"https:\/\/radiorevelacionfm.cl\/wp-content\/uploads\/2021\/10\/Escuela-Rivera-Sur3-1-1.jpg","_links":{"self":[{"href":"https:\/\/radiorevelacionfm.cl\/index.php?rest_route=\/wp\/v2\/posts\/9219","targetHints":{"allow":["GET"]}}],"collection":[{"href":"https:\/\/radiorevelacionfm.cl\/index.php?rest_route=\/wp\/v2\/posts"}],"about":[{"href":"https:\/\/radiorevelacionfm.cl\/index.php?rest_route=\/wp\/v2\/types\/post"}],"author":[{"embeddable":true,"href":"https:\/\/radiorevelacionfm.cl\/index.php?rest_route=\/wp\/v2\/users\/1"}],"replies":[{"embeddable":true,"href":"https:\/\/radiorevelacionfm.cl\/index.php?rest_route=%2Fwp%2Fv2%2Fcomments&post=9219"}],"version-history":[{"count":1,"href":"https:\/\/radiorevelacionfm.cl\/index.php?rest_route=\/wp\/v2\/posts\/9219\/revisions"}],"predecessor-version":[{"id":9221,"href":"https:\/\/radiorevelacionfm.cl\/index.php?rest_route=\/wp\/v2\/posts\/9219\/revisions\/9221"}],"wp:featuredmedia":[{"embeddable":true,"href":"https:\/\/radiorevelacionfm.cl\/index.php?rest_route=\/wp\/v2\/media\/9220"}],"wp:attachment":[{"href":"https:\/\/radiorevelacionfm.cl\/index.php?rest_route=%2Fwp%2Fv2%2Fmedia&parent=9219"}],"wp:term":[{"taxonomy":"category","embeddable":true,"href":"https:\/\/radiorevelacionfm.cl\/index.php?rest_route=%2Fwp%2Fv2%2Fcategories&post=9219"},{"taxonomy":"post_tag","embeddable":true,"href":"https:\/\/radiorevelacionfm.cl\/index.php?rest_route=%2Fwp%2Fv2%2Ftags&post=9219"}],"curies":[{"name":"wp","href":"https:\/\/api.w.org\/{rel}","templated":true}]}}