{"id":9216,"date":"2021-10-01T12:25:09","date_gmt":"2021-10-01T15:25:09","guid":{"rendered":"https:\/\/radiorevelacionfm.cl\/?p=9216"},"modified":"2021-10-01T12:25:09","modified_gmt":"2021-10-01T15:25:09","slug":"diputado-alinco-el-endoso-de-pasajes-aereos-sera-muy-beneficioso-para-los-habitantes-de-nuestra-region","status":"publish","type":"post","link":"https:\/\/radiorevelacionfm.cl\/?p=9216","title":{"rendered":"Diputado Alinco: \u201cEl endoso de pasajes a\u00e9reos ser\u00e1 muy beneficioso para los habitantes de nuestra regi\u00f3n\u201d"},"content":{"rendered":"<div class=\"flex_column av_one_full  flex_column_div av-zero-column-padding first  avia-builder-el-0  el_before_av_one_full  avia-builder-el-first  \" style='border-radius:0px; '><div  class='avia-image-container  av-styling-    avia-builder-el-1  avia-builder-el-no-sibling  avia-align-center '  itemprop=\"image\" itemscope=\"itemscope\" itemtype=\"https:\/\/schema.org\/ImageObject\"  ><div class='avia-image-container-inner'><div class='avia-image-overlay-wrap'><img decoding=\"async\" class='wp-image-9217 avia-img-lazy-loading-not-9217 avia_image' src=\"https:\/\/radiorevelacionfm.cl\/wp-content\/uploads\/2021\/10\/Diputado-Alinco_1-1-1.jpg\" alt='' title='Diputado Alinco_(1) (1) (1)' height=\"600\" width=\"800\"  itemprop=\"thumbnailUrl\" srcset=\"https:\/\/radiorevelacionfm.cl\/wp-content\/uploads\/2021\/10\/Diputado-Alinco_1-1-1.jpg 800w, https:\/\/radiorevelacionfm.cl\/wp-content\/uploads\/2021\/10\/Diputado-Alinco_1-1-1-300x225.jpg 300w, https:\/\/radiorevelacionfm.cl\/wp-content\/uploads\/2021\/10\/Diputado-Alinco_1-1-1-768x576.jpg 768w, https:\/\/radiorevelacionfm.cl\/wp-content\/uploads\/2021\/10\/Diputado-Alinco_1-1-1-705x529.jpg 705w, https:\/\/radiorevelacionfm.cl\/wp-content\/uploads\/2021\/10\/Diputado-Alinco_1-1-1-600x450.jpg 600w\" sizes=\"(max-width: 800px) 100vw, 800px\" \/><\/div><\/div><\/div><\/div><div class=\"flex_column av_one_full  flex_column_div av-zero-column-padding first  avia-builder-el-2  el_after_av_one_full  el_before_av_one_full  column-top-margin\" style='border-radius:0px; '><section class=\"av_textblock_section \"  itemscope=\"itemscope\" itemtype=\"https:\/\/schema.org\/BlogPosting\" itemprop=\"blogPost\" ><div class='avia_textblock  '   itemprop=\"text\" ><p style=\"text-align: center;\"><span style=\"font-size: 18pt;\"><strong>Diputado Alinco: \u201cEl endoso de pasajes a\u00e9reos ser\u00e1 muy beneficioso para los habitantes de nuestra regi\u00f3n\u201d<\/strong><\/span><\/p>\n<div id=\"gtx-trans\" style=\"position: absolute; left: -50px; top: 4.31534px;\">\n<div class=\"gtx-trans-icon\"><\/div>\n<\/div>\n<\/div><\/section><\/div><div class=\"flex_column av_one_full  flex_column_div av-zero-column-padding first  avia-builder-el-4  el_after_av_one_full  el_before_av_hr  column-top-margin\" style='border-radius:0px; '><section class=\"av_textblock_section \"  itemscope=\"itemscope\" itemtype=\"https:\/\/schema.org\/BlogPosting\" itemprop=\"blogPost\" ><div class='avia_textblock  '   itemprop=\"text\" ><p style=\"text-align: justify;\">Hace algunos a\u00f1os el congresista Ren\u00e9 Alinco Bustos ingres\u00f3 un proyecto en la C\u00e1mara de Diputadas y Diputados con el que se permitir\u00e1 el endoso de pasajes a\u00e9reos a nivel nacional, es decir el poder ceder el ticket de viaje, esto con el fin de no perder la compra del mismo, lo que sin duda fortalecer\u00e1 los derechos del consumidor en el sector.<\/p>\n<p style=\"text-align: justify;\">Este proyecto cobr\u00f3 alta discusi\u00f3n y relevancia incluso a nivel ejecutivo, pues luego de ser aprobado por la comisi\u00f3n de Obras P\u00fablicas de la C\u00e1mara, instancia que fue presidida por el parlamentario aysenino, pas\u00f3 a Sala recibiendo buena recepci\u00f3n, lo que permiti\u00f3 que su camino legislativo contin\u00fae en el Senado, cre\u00e1ndose una instancia Mixta la cual fue presidida por la senadora Ximena \u00d3rdenes, desde donde fue nuevamente discutido, logrando consensos.<\/p>\n<p style=\"text-align: justify;\">Tal como lo resalt\u00f3 el diputado \u201ceste endoso de pasajes a\u00e9reos ser\u00e1 muy beneficioso para los habitantes de nuestra regi\u00f3n\u201d, una vez sea ratificado con el voto en Sala de ambas C\u00e1maras, ya que permite hacer un tr\u00e1mite r\u00e1pido, sin mayor rigurosidad, con plazo de 24 horas previas al viaje y posibilidad de llevarse a cabo en dos oportunidades, una por cada semestre en un a\u00f1o.<\/p>\n<p style=\"text-align: justify;\">\u201cEsta es una necesidad\u2026 y esto nos favorece mucho como regi\u00f3n extrema. Podremos cambiar el pasaje incluso antes de las 24 horas de plazo. Esperamos que en los pr\u00f3ximos d\u00edas la Sala lo discuta, vote y apruebe r\u00e1pidamente\u2026 sin duda es una buena noticia, un proyecto que nos va a servir a todas y a todos\u2026\u201d, coment\u00f3 el diputado Ren\u00e9 Alinco.<\/p>\n<\/div><\/section><\/div><div  style='height:50px' class='hr hr-invisible   avia-builder-el-6  el_after_av_one_full  el_before_av_social_share '><span class='hr-inner ' ><span class='hr-inner-style'><\/span><\/span><\/div><\/p>\n<div  class='av-social-sharing-box  avia-builder-el-7  el_after_av_hr  el_before_av_hr  '><div class='av-share-box'><h5 class='av-share-link-description av-no-toc '>Compartir esta noticia<\/h5><ul class='av-share-box-list noLightbox'><li class='av-share-link av-social-link-facebook' ><a target=\"_blank\" aria-label=\"Compartir en Facebook\" href='https:\/\/www.facebook.com\/sharer.php?u=https:\/\/radiorevelacionfm.cl\/?p=9216&#038;t=Diputado%20Alinco%3A%20%E2%80%9CEl%20endoso%20de%20pasajes%20a%C3%A9reos%20ser%C3%A1%20muy%20beneficioso%20para%20los%20habitantes%20de%20nuestra%20regi%C3%B3n%E2%80%9D' aria-hidden='false' data-av_icon='\ue8f3' data-av_iconfont='entypo-fontello' title='' data-avia-related-tooltip='Compartir en Facebook' rel=\"noopener\"><span class='avia_hidden_link_text'>Compartir en Facebook<\/span><\/a><\/li><li class='av-share-link av-social-link-twitter' ><a target=\"_blank\" aria-label=\"Compartir en Twitter\" href='https:\/\/twitter.com\/share?text=Diputado%20Alinco%3A%20%E2%80%9CEl%20endoso%20de%20pasajes%20a%C3%A9reos%20ser%C3%A1%20muy%20beneficioso%20para%20los%20habitantes%20de%20nuestra%20regi%C3%B3n%E2%80%9D&#038;url=https:\/\/radiorevelacionfm.cl\/?p=9216' aria-hidden='false' data-av_icon='\ue8f1' data-av_iconfont='entypo-fontello' title='' data-avia-related-tooltip='Compartir en Twitter' rel=\"noopener\"><span class='avia_hidden_link_text'>Compartir en Twitter<\/span><\/a><\/li><li class='av-share-link av-social-link-whatsapp' ><a target=\"_blank\" aria-label=\"Compartir en Whatsapp\" href='https:\/\/api.whatsapp.com\/send?text=https:\/\/radiorevelacionfm.cl\/?p=9216' aria-hidden='false' data-av_icon='\uf232' data-av_iconfont='entypo-fontello' title='' data-avia-related-tooltip='Compartir en Whatsapp' rel=\"noopener\"><span class='avia_hidden_link_text'>Compartir en Whatsapp<\/span><\/a><\/li><li class='av-share-link av-social-link-linkedin' ><a target=\"_blank\" aria-label=\"Compartir en LinkedIn\" href='https:\/\/linkedin.com\/shareArticle?mini=true&#038;title=Diputado%20Alinco%3A%20%E2%80%9CEl%20endoso%20de%20pasajes%20a%C3%A9reos%20ser%C3%A1%20muy%20beneficioso%20para%20los%20habitantes%20de%20nuestra%20regi%C3%B3n%E2%80%9D&#038;url=https:\/\/radiorevelacionfm.cl\/?p=9216' aria-hidden='false' data-av_icon='\ue8fc' data-av_iconfont='entypo-fontello' title='' data-avia-related-tooltip='Compartir en LinkedIn' rel=\"noopener\"><span class='avia_hidden_link_text'>Compartir en LinkedIn<\/span><\/a><\/li><li class='av-share-link av-social-link-mail' ><a  aria-label=\"Compartir por correo\" href='mailto:?subject=Diputado%20Alinco%3A%20%E2%80%9CEl%20endoso%20de%20pasajes%20a%C3%A9reos%20ser%C3%A1%20muy%20beneficioso%20para%20los%20habitantes%20de%20nuestra%20regi%C3%B3n%E2%80%9D&#038;body=https:\/\/radiorevelacionfm.cl\/?p=9216' aria-hidden='false' data-av_icon='\ue805' data-av_iconfont='entypo-fontello' title='' data-avia-related-tooltip='Compartir por correo'><span class='avia_hidden_link_text'>Compartir por correo<\/span><\/a><\/li><\/ul><\/div><\/div>\n<div  style='height:50px' class='hr hr-invisible   avia-builder-el-8  el_after_av_social_share  el_before_av_comments_list '><span class='hr-inner ' ><span class='hr-inner-style'><\/span><\/span><\/div>\n<div  class='av-buildercomment  av-blog-meta-html-info-disabled av-blog-meta-tag-disabled  '><\/div>\n","protected":false},"excerpt":{"rendered":"","protected":false},"author":1,"featured_media":9217,"comment_status":"open","ping_status":"open","sticky":false,"template":"","format":"standard","meta":{"footnotes":""},"categories":[35],"tags":[],"class_list":["post-9216","post","type-post","status-publish","format-standard","has-post-thumbnail","hentry","category-politica"],"jetpack_featured_media_url":"https:\/\/radiorevelacionfm.cl\/wp-content\/uploads\/2021\/10\/Diputado-Alinco_1-1-1.jpg","_links":{"self":[{"href":"https:\/\/radiorevelacionfm.cl\/index.php?rest_route=\/wp\/v2\/posts\/9216","targetHints":{"allow":["GET"]}}],"collection":[{"href":"https:\/\/radiorevelacionfm.cl\/index.php?rest_route=\/wp\/v2\/posts"}],"about":[{"href":"https:\/\/radiorevelacionfm.cl\/index.php?rest_route=\/wp\/v2\/types\/post"}],"author":[{"embeddable":true,"href":"https:\/\/radiorevelacionfm.cl\/index.php?rest_route=\/wp\/v2\/users\/1"}],"replies":[{"embeddable":true,"href":"https:\/\/radiorevelacionfm.cl\/index.php?rest_route=%2Fwp%2Fv2%2Fcomments&post=9216"}],"version-history":[{"count":1,"href":"https:\/\/radiorevelacionfm.cl\/index.php?rest_route=\/wp\/v2\/posts\/9216\/revisions"}],"predecessor-version":[{"id":9218,"href":"https:\/\/radiorevelacionfm.cl\/index.php?rest_route=\/wp\/v2\/posts\/9216\/revisions\/9218"}],"wp:featuredmedia":[{"embeddable":true,"href":"https:\/\/radiorevelacionfm.cl\/index.php?rest_route=\/wp\/v2\/media\/9217"}],"wp:attachment":[{"href":"https:\/\/radiorevelacionfm.cl\/index.php?rest_route=%2Fwp%2Fv2%2Fmedia&parent=9216"}],"wp:term":[{"taxonomy":"category","embeddable":true,"href":"https:\/\/radiorevelacionfm.cl\/index.php?rest_route=%2Fwp%2Fv2%2Fcategories&post=9216"},{"taxonomy":"post_tag","embeddable":true,"href":"https:\/\/radiorevelacionfm.cl\/index.php?rest_route=%2Fwp%2Fv2%2Ftags&post=9216"}],"curies":[{"name":"wp","href":"https:\/\/api.w.org\/{rel}","templated":true}]}}